{"id":9464,"date":"2018-10-25T11:47:33","date_gmt":"2018-10-25T09:47:33","guid":{"rendered":"http:\/\/www.ladislavjakl.cz\/?p=9464"},"modified":"2018-10-25T11:47:33","modified_gmt":"2018-10-25T09:47:33","slug":"levice-chran-svobodu-slova-mate-slovo-jako-lakmusovy-papirek-spolecnosti","status":"publish","type":"post","link":"https:\/\/www.ladislavjakl.cz\/?p=9464","title":{"rendered":"Levice, chra\u0148 svobodu slova! M\u00e1te slovo jako lakmusov\u00fd pap\u00edrek spole\u010dnosti"},"content":{"rendered":"<p>Po\u0159ad ve\u0159ejnopr\u00e1vn\u00ed televize&nbsp;<i>M\u00e1te slovo<\/i>&nbsp;m\u011bl nam\u00e1le ji\u017e p\u0159ed dv\u011bma lety, kdy se \u010dlen rady \u010cT Zden\u011bk \u0160arapatka vyj\u00e1d\u0159il v tom smyslu, \u017ee by m\u011bl b\u00fdt po\u0159ad pro svou nevkusnost a pokleslost zru\u0161en. Kauza tehdy vygenerovala n\u011bkolik polemick\u00fdch koment\u00e1\u0159\u016f, kter\u00e9 d\u00e1valy zpravidla na misku vah svobodu slova a politickou kulturu. Na stranu kritik\u016f po\u0159adu se tehdy&nbsp;<a href=\"http:\/\/denikreferendum.cz\/clanek\/22286-co-je-spatne-na-poradu-mate-slovo-a-moderovani-michaely-jilkove\">bohu\u017eel postavila i demokratick\u00e1 levice<\/a>, tehdy se v\u0161ak zru\u0161en\u00ed po\u0159adu od\u016fvod\u0148ovalo jeho formou (nekultivovanost), nikoli obsahem (politick\u00e1 nekorektnost).<\/p>\n<p><!--more--><\/p>\n<p>Uplynuly dva roky, kdy jsme nechali Michaelu J\u00edlkovou svobodn\u011b d\u00fdchat a ji\u017e se tu op\u011bt objevuj\u00ed hlasy, \u017ee po\u0159ad by m\u011bl z obrazovek zmizet. Spou\u0161t\u011b\u010dem debaty se tentokr\u00e1t stal liber\u00e1ln\u00ed publicista Kamil Fila, kter\u00e9mu vad\u00ed ve\u0159ejn\u00e1 prezentace populistick\u00fdch n\u00e1zor\u016f. U\u017e ale n\u00e1zev jeho \u010dty\u0159minutov\u00e9ho videa \u2013 P\u011bt minut pro Hitlera, p\u011bt minut pro \u017dida \u2013 je siln\u011b zav\u00e1d\u011bj\u00edc\u00ed. Propagace hnut\u00ed sm\u011b\u0159uj\u00edc\u00ed k potla\u010den\u00ed pr\u00e1v a svobod ob\u010dan\u016f je toti\u017e v z\u00e1kon\u011b ji\u017e definov\u00e1na a ka\u017ed\u00fd m\u00e1 p\u0159ece pr\u00e1vo na toho \u010di onoho diskut\u00e9ra podat trestn\u00ed ozn\u00e1men\u00ed. Koho tedy pan Fila t\u00edm Hitlerem mysl\u00ed? Z videa se to nedozv\u00edme a z\u0159ejm\u011b by n\u00e1m to p\u0159esn\u011b nepopsal ani pan Fila. Ale pr\u00e1v\u011b v tom je ten k\u00e1men \u00farazu.<\/p>\n<div>Jsou V\u00e1clav Klaus, Jan Keller \u010di Tomio Okamura u\u017e n\u00e1ckov\u00e9, nebo je\u0161t\u011b ne? Je diskutuj\u00edc\u00ed ob\u010dan, chybn\u011b operuj\u00edc\u00ed se statistikou zam\u011bstnanosti Rom\u016f nep\u0159ijateln\u00fd pro vys\u00edl\u00e1n\u00ed \u010cT, nebo je to naopak \u0161ance, jak uk\u00e1zat medi\u00e1ln\u00ed (ne)gramotnost \u010desk\u00e9 populace? Co to vypov\u00edd\u00e1 o prezidentovi, kter\u00fd z\u00e1m\u011brn\u011b vypou\u0161t\u00ed hoaxy?&nbsp;<\/div>\n<div>&nbsp;<\/div>\n<div>Pokud po\u0159ad zru\u0161\u00edme, vypov\u00eddat to nebude nic, proto\u017ee se o tom ani nepovede diskuse.&nbsp;<i>M\u00e1te slovo<\/i>&nbsp;je lakmusov\u00fd pap\u00edrek, na kter\u00e9m lze pozorovat, co v danou dobu ve spole\u010dnosti v\u0159e. A v\u010das n\u011bco d\u011blat, ne\u017e se t\u00e9matu chytnou ti, kte\u0159\u00ed se na n\u011bm vyvezou k moci. Akademick\u00e9 debaty s odborn\u00edky h\u00e1j\u00edc\u00edmi ofici\u00e1ln\u00ed n\u00e1zor nejsou skute\u010dnou debatou. Jakmile se kav\u00e1rna m\u00edj\u00ed s hospodou, je zle.<\/div>\n<p>Kamil Fila kritizuje pr\u00e1ci moder\u00e1torky; tvrd\u00ed, \u017ee J\u00edlkov\u00e1 ve skute\u010dnosti nic nemoderuje, proto\u017ee na konci po\u0159adu nen\u00ed shoda. Ano, tady lze p\u0159ipustit, \u017ee postupn\u00fd konsensus zalo\u017een\u00fd na faktick\u00fdch informac\u00edch by mohl po\u0159ad posunout do v\u00fdchovn\u011bj\u0161\u00ed roviny. Nicm\u00e9n\u011b st\u00e1le jde o hlas, kter\u00fd bubl\u00e1 kdesi mezi doln\u00edmi deseti miliony a v jin\u00fdch po\u0159adech \u010cT ho neusly\u0161\u00edme. Nen\u00ed nakonec za\u0159azen\u00ed r\u016fzn\u00fdch typ\u016f debat znakem vyv\u00e1\u017eenosti?<\/p>\n<p>T\u011bm t\u00e9mat\u016fm se m\u00e1me v\u011bnovat po\u0159\u00e1dn\u011b, \u0159\u00edk\u00e1 Kamil Fila v z\u00e1v\u011bru sv\u00e9ho klipu. Kde ale bere tu jistotu, \u017ee \u201eexperti\u201c jsou \u201eobjektivn\u00ed\u201c? Nen\u00ed tomu tak d\u00e1vno, co se v televizn\u00edm duelu&nbsp;<a href=\"https:\/\/www.youtube.com\/watch?v=UJySRifE9kU\">utkal Igor Luke\u0161 a Ladislav Jakl.<\/a>&nbsp; Pot\u00e9, co Ladislav Jakl (kter\u00e9ho snad z n\u011bjak\u00e9ho levicov\u00e9ho extremismu nem\u016f\u017eeme podez\u00edrat) zm\u00ednil, \u017ee USA \u201esk\u00e1cely za posledn\u00ed des\u00edtky let sto re\u017eim\u016f\u201c, byl Igorem Luke\u0161em ozna\u010den za lh\u00e1\u0159e a pot\u00e9 drsn\u011b medi\u00e1ln\u011b lyn\u010dov\u00e1n. P\u0159itom tento fakt lze objektivn\u011b dolo\u017eit, pod\u00edl USA v zejm\u00e9na latinskoamerick\u00fdch a bl\u00edzkov\u00fdchodn\u00edch p\u0159evratech je bohat\u011b zdokumentov\u00e1n. Nebo n\u00e1m snad \u010cT za\u010dne tvrdit, \u017ee v Ir\u00e1ku a Afgh\u00e1nist\u00e1nu \u017e\u00e1dn\u00ed ameri\u010dt\u00ed voj\u00e1ci nejsou?<\/p>\n<p>Va\u017eme si po\u0159adu&nbsp;<i>M\u00e1te slovo&nbsp;<\/i>i p\u0159es jeho pokleslost. Mo\u017en\u00e1 jde o posledn\u00ed ve\u0159ejnopr\u00e1vn\u00ed prostor, kde budeme moci nahlas \u0159\u00edct vlastn\u00ed n\u00e1zor. T\u0159eba i to, \u017ee zem\u011b je placat\u00e1.<\/p>\n<p><a href=\"https:\/\/blisty.cz\/art\/93161-levice-chran-svobodu-slova-i-mate-slovo-i-jako-lakmusovy-papirek-spolecnosti\">Zdroj<\/a><\/p>\n","protected":false},"excerpt":{"rendered":"<p>Po\u0159ad ve\u0159ejnopr\u00e1vn\u00ed televize&nbsp;M\u00e1te slovo&nbsp;m\u011bl nam\u00e1le ji\u017e p\u0159ed dv\u011bma lety, kdy se \u010dlen rady \u010cT Zden\u011bk \u0160arapatka vyj\u00e1d\u0159il v tom smyslu, \u017ee by m\u011bl b\u00fdt po\u0159ad pro svou nevkusnost a pokleslost zru\u0161en. Kauza tehdy vygenerovala n\u011bkolik polemick\u00fdch koment\u00e1\u0159\u016f, kter\u00e9 d\u00e1valy zpravidla na misku vah svobodu slova a politickou kulturu. Na stranu kritik\u016f po\u0159adu se tehdy&nbsp;bohu\u017eel postavila [&hellip;]<\/p>\n","protected":false},"author":1,"featured_media":0,"comment_status":"open","ping_status":"open","sticky":false,"template":"","format":"standard","meta":{"ngg_post_thumbnail":0,"footnotes":""},"categories":[11],"tags":[],"class_list":["post-9464","post","type-post","status-publish","format-standard","hentry","category-ozvena"],"_links":{"self":[{"href":"https:\/\/www.ladislavjakl.cz\/index.php?rest_route=\/wp\/v2\/posts\/9464","targetHints":{"allow":["GET"]}}],"collection":[{"href":"https:\/\/www.ladislavjakl.cz\/index.php?rest_route=\/wp\/v2\/posts"}],"about":[{"href":"https:\/\/www.ladislavjakl.cz\/index.php?rest_route=\/wp\/v2\/types\/post"}],"author":[{"embeddable":true,"href":"https:\/\/www.ladislavjakl.cz\/index.php?rest_route=\/wp\/v2\/users\/1"}],"replies":[{"embeddable":true,"href":"https:\/\/www.ladislavjakl.cz\/index.php?rest_route=%2Fwp%2Fv2%2Fcomments&post=9464"}],"version-history":[{"count":1,"href":"https:\/\/www.ladislavjakl.cz\/index.php?rest_route=\/wp\/v2\/posts\/9464\/revisions"}],"predecessor-version":[{"id":9465,"href":"https:\/\/www.ladislavjakl.cz\/index.php?rest_route=\/wp\/v2\/posts\/9464\/revisions\/9465"}],"wp:attachment":[{"href":"https:\/\/www.ladislavjakl.cz\/index.php?rest_route=%2Fwp%2Fv2%2Fmedia&parent=9464"}],"wp:term":[{"taxonomy":"category","embeddable":true,"href":"https:\/\/www.ladislavjakl.cz\/index.php?rest_route=%2Fwp%2Fv2%2Fcategories&post=9464"},{"taxonomy":"post_tag","embeddable":true,"href":"https:\/\/www.ladislavjakl.cz\/index.php?rest_route=%2Fwp%2Fv2%2Ftags&post=9464"}],"curies":[{"name":"wp","href":"https:\/\/api.w.org\/{rel}","templated":true}]}}