{"id":9486,"date":"2018-11-09T14:48:00","date_gmt":"2018-11-09T13:48:00","guid":{"rendered":"http:\/\/www.ladislavjakl.cz\/?p=9486"},"modified":"2018-12-20T13:24:01","modified_gmt":"2018-12-20T12:24:01","slug":"jakl-z-afghanistanu-je-treba-okamzite-odejit","status":"publish","type":"post","link":"https:\/\/www.ladislavjakl.cz\/?p=9486","title":{"rendered":"Jakl: Z Afgh\u00e1nist\u00e1nu je t\u0159eba okam\u017eit\u011b odej\u00edt!"},"content":{"rendered":"<p>Mus\u00edme odej\u00edt. A to nejen my, ale v\u0161echna ciz\u00ed vojska. A nejen to, nikdy se tam nem\u011blo j\u00edt, komentuje Ladislav Jakl.<\/p>\n<p><!--more--><\/p>\n<div align=\"justify\">Je sm\u011b\u0161n\u00e9 tvrdit, \u017ee supermodern\u00ed robocopov\u00e9 kr\u00e1\u010dej\u00edc\u00ed pasteveck\u00fdmi vesnicemi chr\u00e1n\u00ed na konci sv\u011bta bezpe\u010dnost \u010cesk\u00e9 republiky. To u\u017e potom lze obh\u00e1jit \u00fapln\u011b v\u0161echno. Z\u00e1minka z\u00e1padn\u00ed invaze byla chatrn\u00e1.<\/div>\n<div align=\"justify\">&nbsp;<\/div>\n<div align=\"justify\">Kter\u00fd z teroristick\u00fdch \u00fatok\u016f v Evrop\u011b byl proveden Afgh\u00e1nci? \u017d\u00e1dn\u00fd. Kter\u00fd z nich byl organizov\u00e1n nebo sponzorov\u00e1n T\u00e1lib\u00e1nem? \u017d\u00e1dn\u00fd. To u\u017e by bylo logi\u010dt\u011bj\u0161\u00ed poslat bojovat na\u0161e voj\u00e1ky do p\u0159ist\u011bhovaleck\u00fdch \u010dtvrt\u00ed Pa\u0159\u00ed\u017ee, Bruselu, Kol\u00edna na R\u00fdnem, Stockholmu nebo Berl\u00edna.<\/div>\n<div align=\"justify\">&nbsp;<\/div>\n<div align=\"justify\"><b>Nikdy nebyl jasn\u011b stanoven strategick\u00fd, politick\u00fd ani vojensk\u00fd c\u00edl afgh\u00e1nsk\u00e9 invaze, kter\u00e1 trv\u00e1 u\u017e 17 let. A co je jej\u00edm v\u00fdsledkem? Talib\u00e1n dnes dr\u017e\u00ed v\u011bt\u0161\u00ed \u010d\u00e1st \u00fazem\u00ed, ne\u017e na po\u010d\u00e1tku invaze. To m\u00e1 b\u00fdt \u00fasp\u011bch? Ne, mrtv\u00ed \u010de\u0161t\u00ed voj\u00e1ci (a dal\u0161\u00edch invazn\u00edch zem\u00ed) nejsou t\u00edm hlavn\u00edm argumentem pro odchod. T\u00edm argumentem je, \u017ee jejich zad\u00e1n\u00ed je pochybn\u00e9 nebo \u017e\u00e1dn\u00e9. A ob\u011bti tedy \u00fapln\u011b zbyte\u010dn\u00e9. Na obou stran\u00e1ch.<\/b><\/div>\n<div align=\"justify\">&nbsp;<\/div>\n<div align=\"justify\">Nikdo z na\u0161ich politik\u016f krom\u011b p\u00e1r fr\u00e1z\u00ed o spojenectv\u00ed a boji s terorismem neum\u00ed \u0159\u00edct, \u010deho se m\u00e1 v Afgh\u00e1nist\u00e1nu doc\u00edlit. Jestli pora\u017een\u00ed Talib\u00e1nu a nastolen\u00ed proz\u00e1padn\u00ed vl\u00e1dy, pak to je sm\u011b\u0161n\u00e9, nic takov\u00e9ho se neda\u0159\u00ed a nikdy nepoda\u0159\u00ed. Talib\u00e1n m\u00e1 autentickou podporu velk\u00e9 \u010d\u00e1sti Afgh\u00e1nc\u016f a proto je neporaziteln\u00fd. Je t\u0159eba naj\u00edt d\u016fstojn\u00fd zp\u016fsob, jak z t\u00e9hle nepromy\u0161len\u00e9 avant\u00fdry vycouvat. A n\u00e1strojem nemohou b\u00fdt zbran\u011b, kter\u00e9 a\u017e dosud nic nedok\u00e1zaly.<\/div>\n<div align=\"justify\">&nbsp;<\/div>\n<div align=\"justify\"><b>N\u00e1strojem dosa\u017een\u00ed jak\u00e9hokoli kompromisn\u00edho \u0159e\u0161en\u00ed (a jin\u00e9 nep\u0159ipad\u00e1 v \u00favahu) je s Talib\u00e1nem jednat. Ale to nen\u00ed na voj\u00e1c\u00edch. To musej\u00ed za\u0159\u00eddit politici. Jen\u017ee pro ty je to zat\u00edm jen p\u0159\u00edle\u017eitost k plamenn\u00fdm projev\u016fm, kter\u00e9 nic nestoj\u00ed, a jak\u00e1si po\u010d\u00edta\u010dov\u00e1 hra bez jak\u00e9koli zodpov\u011bdnosti. Za sv\u011bt, za svou zem i za na\u0161e kluky v uniform\u00e1ch<\/b>, kon\u010d\u00ed koment\u00e1\u0159 Ladislav Jakl.<\/div>\n<div align=\"justify\">&nbsp;<\/div>\n<div align=\"justify\"><a href=\"http:\/\/www.prvnizpravy.cz\/zpravy\/politika\/jakl-z-afghanistanu-je-treba-okamzite-odejit\/\">Zdroj<\/a><\/div>\n","protected":false},"excerpt":{"rendered":"<p>Mus\u00edme odej\u00edt. A to nejen my, ale v\u0161echna ciz\u00ed vojska. A nejen to, nikdy se tam nem\u011blo j\u00edt, komentuje Ladislav Jakl.<\/p>\n","protected":false},"author":1,"featured_media":0,"comment_status":"open","ping_status":"open","sticky":false,"template":"","format":"standard","meta":{"ngg_post_thumbnail":0,"footnotes":""},"categories":[1],"tags":[],"class_list":["post-9486","post","type-post","status-publish","format-standard","hentry","category-publikovane-clanky"],"_links":{"self":[{"href":"https:\/\/www.ladislavjakl.cz\/index.php?rest_route=\/wp\/v2\/posts\/9486","targetHints":{"allow":["GET"]}}],"collection":[{"href":"https:\/\/www.ladislavjakl.cz\/index.php?rest_route=\/wp\/v2\/posts"}],"about":[{"href":"https:\/\/www.ladislavjakl.cz\/index.php?rest_route=\/wp\/v2\/types\/post"}],"author":[{"embeddable":true,"href":"https:\/\/www.ladislavjakl.cz\/index.php?rest_route=\/wp\/v2\/users\/1"}],"replies":[{"embeddable":true,"href":"https:\/\/www.ladislavjakl.cz\/index.php?rest_route=%2Fwp%2Fv2%2Fcomments&post=9486"}],"version-history":[{"count":2,"href":"https:\/\/www.ladislavjakl.cz\/index.php?rest_route=\/wp\/v2\/posts\/9486\/revisions"}],"predecessor-version":[{"id":9691,"href":"https:\/\/www.ladislavjakl.cz\/index.php?rest_route=\/wp\/v2\/posts\/9486\/revisions\/9691"}],"wp:attachment":[{"href":"https:\/\/www.ladislavjakl.cz\/index.php?rest_route=%2Fwp%2Fv2%2Fmedia&parent=9486"}],"wp:term":[{"taxonomy":"category","embeddable":true,"href":"https:\/\/www.ladislavjakl.cz\/index.php?rest_route=%2Fwp%2Fv2%2Fcategories&post=9486"},{"taxonomy":"post_tag","embeddable":true,"href":"https:\/\/www.ladislavjakl.cz\/index.php?rest_route=%2Fwp%2Fv2%2Ftags&post=9486"}],"curies":[{"name":"wp","href":"https:\/\/api.w.org\/{rel}","templated":true}]}}