{"id":951,"date":"2011-04-21T10:23:53","date_gmt":"2011-04-21T09:23:53","guid":{"rendered":"http:\/\/www.ladislavjakl.cz\/?p=951"},"modified":"2011-04-21T10:23:53","modified_gmt":"2011-04-21T09:23:53","slug":"l-j-na-radiozurnalu-o-medialnich-praktikach-kolem-soucasne-vladni-krize","status":"publish","type":"post","link":"https:\/\/www.ladislavjakl.cz\/?p=951","title":{"rendered":"L. J. na Radio\u017eurn\u00e1lu o medi\u00e1ln\u00edch praktik\u00e1ch kolem sou\u010dasn\u00e9 vl\u00e1dn\u00ed krize"},"content":{"rendered":"<p><!--more--><a href=\"http:\/\/www.rozhlas.cz\/zpravy\/politika\/_zprava\/877732\" target=\"_blank\">Zdroj<\/a><\/p>\n","protected":false},"excerpt":{"rendered":"","protected":false},"author":1,"featured_media":0,"comment_status":"open","ping_status":"open","sticky":false,"template":"","format":"standard","meta":{"ngg_post_thumbnail":0,"footnotes":""},"categories":[13],"tags":[],"class_list":["post-951","post","type-post","status-publish","format-standard","hentry","category-rozhovory"],"_links":{"self":[{"href":"https:\/\/www.ladislavjakl.cz\/index.php?rest_route=\/wp\/v2\/posts\/951","targetHints":{"allow":["GET"]}}],"collection":[{"href":"https:\/\/www.ladislavjakl.cz\/index.php?rest_route=\/wp\/v2\/posts"}],"about":[{"href":"https:\/\/www.ladislavjakl.cz\/index.php?rest_route=\/wp\/v2\/types\/post"}],"author":[{"embeddable":true,"href":"https:\/\/www.ladislavjakl.cz\/index.php?rest_route=\/wp\/v2\/users\/1"}],"replies":[{"embeddable":true,"href":"https:\/\/www.ladislavjakl.cz\/index.php?rest_route=%2Fwp%2Fv2%2Fcomments&post=951"}],"version-history":[{"count":1,"href":"https:\/\/www.ladislavjakl.cz\/index.php?rest_route=\/wp\/v2\/posts\/951\/revisions"}],"predecessor-version":[{"id":952,"href":"https:\/\/www.ladislavjakl.cz\/index.php?rest_route=\/wp\/v2\/posts\/951\/revisions\/952"}],"wp:attachment":[{"href":"https:\/\/www.ladislavjakl.cz\/index.php?rest_route=%2Fwp%2Fv2%2Fmedia&parent=951"}],"wp:term":[{"taxonomy":"category","embeddable":true,"href":"https:\/\/www.ladislavjakl.cz\/index.php?rest_route=%2Fwp%2Fv2%2Fcategories&post=951"},{"taxonomy":"post_tag","embeddable":true,"href":"https:\/\/www.ladislavjakl.cz\/index.php?rest_route=%2Fwp%2Fv2%2Ftags&post=951"}],"curies":[{"name":"wp","href":"https:\/\/api.w.org\/{rel}","templated":true}]}}