{"id":957,"date":"2011-04-21T10:29:56","date_gmt":"2011-04-21T09:29:56","guid":{"rendered":"http:\/\/www.ladislavjakl.cz\/?p=957"},"modified":"2011-04-21T10:29:56","modified_gmt":"2011-04-21T09:29:56","slug":"jakl-hulvat-a-lhar-stransky-se-porad-nekam-cpe","status":"publish","type":"post","link":"https:\/\/www.ladislavjakl.cz\/?p=957","title":{"rendered":"Jakl: Hulv\u00e1t a lh\u00e1\u0159 Str\u00e1nsk\u00fd se po\u0159\u00e1d n\u011bkam cpe"},"content":{"rendered":"<p>Prezident\u016fv tajemn\u00edk Ladislav Jakl \u0159ekl bez obalu, co si mysl\u00ed o l\u00e9ka\u0159i Martinovi Str\u00e1nsk\u00e9m: je to pr\u00fd bezosty\u0161n\u00fd lh\u00e1\u0159 a hulv\u00e1t.<\/p>\n<p><!--more--><br \/>\n12.duben 2011 &#8211; 14:15<br \/>\nJakl to napsal na sv\u00e9m blogu. &#8222;L\u00e9ka\u0159 Martin Jan Str\u00e1nsk\u00fd je \u010dlov\u011bk, kter\u00fd se po\u0159\u00e1d n\u011bkam cpe a po\u0159\u00e1d se mu to neda\u0159\u00ed. A \u010d\u00edm v\u00edce nezdar\u016f za\u017e\u00edv\u00e1, t\u00edm v\u00edce agresivity vkl\u00e1d\u00e1 do ka\u017ed\u00e9ho sv\u00e9ho pokusu prosadit se,&#8220; za\u010dal sv\u016fj p\u0159\u00edsp\u011bvek.<\/p>\n<p>Pot\u00e9 vyjmenoval \u0159adu Str\u00e1nsk\u00e9ho ne\u00fasp\u011bch\u016f. &#8222;Pokou\u0161el se prosadit mezi \u00fasp\u011b\u0161n\u00e9 vydavatele s \u010dasopisem P\u0159\u00edtomnost a dnes po tom periodiku pes ne\u0161t\u011bkne. Pokou\u0161el se prosadit jako prezident \u010cesk\u00e9 l\u00e9ka\u0159sk\u00e9 komory a tak\u00e9 mu to n\u011bjak nevy\u0161lo. Pokou\u0161el se dostat do Sen\u00e1tu horem dolem a po\u0159\u00e1d nic, voli\u010di si ho ani nev\u0161imli. I do vl\u00e1dy se pokou\u0161el vet\u0159\u00edt a myslel si, \u017ee mu k tomu pom\u016f\u017ee funkce st\u00ednov\u00e9ho ministra zdravotnictv\u00ed za vskutku perspektivn\u00ed podnik V\u011bci ve\u0159ejn\u00e9. A zas nic,&#8220; dob\u00edr\u00e1 si Jakl Str\u00e1nsk\u00e9ho.<\/p>\n<p>A dod\u00e1v\u00e1, \u017ee o co je Str\u00e1nsk\u00fd ne\u00fasp\u011b\u0161n\u011bj\u0161\u00ed, o to je ve sv\u00fdch ve\u0159ejn\u00fdch v\u00fdroc\u00edch hulv\u00e1t\u0161t\u011bj\u0161\u00ed a o to v\u00edce a bezosty\u0161n\u011bji l\u017ee.<\/p>\n<p>Jakl to dokl\u00e1d\u00e1 na Str\u00e1nsk\u00e9ho tvrzen\u00ed, \u017ee l\u00e9ka\u0159 \u00fadajn\u011b s Jaklem komunikoval prost\u0159ednictv\u00edm elektronick\u00e9 po\u0161ty. Podle Str\u00e1nsk\u00e9ho pou\u017e\u00edv\u00e1 Jakl osobn\u00ed mail .zc.ynlov@lkaji<\/p>\n<p>To ale prezident\u016fv tajemn\u00edk r\u00e1zn\u011b odm\u00edt\u00e1, tvrd\u00ed, \u017ee prost\u0159ednictv\u00edm takov\u00e9 adresy se Str\u00e1nsk\u00fdm nikdy nekomunikoval.<\/p>\n<p>&#8222;Tu adresu nezn\u00e1m, nikdy jsem ji nepou\u017e\u00edval a ve\u0159ejn\u011b jsem to i sd\u011blil. Nev\u00edm, jak\u00fd d\u016fvod bych m\u011bl k tomu, abych se nehl\u00e1sil k n\u011bjak\u00e9 sv\u00e9 korespondenci. Nav\u00edc to jde asi lehce technicky ov\u011b\u0159it a dop\u00e1trat. Pan Str\u00e1nsk\u00fd toto m\u00e9 sd\u011blen\u00ed znal, ale rozhodl se, \u017ee bude svou le\u017e \u0161\u00ed\u0159it stejn\u011b. Jen proto, aby o mne mohl napsal, \u017ee jsem lh\u00e1\u0159. Bez jak\u00e9hokoli d\u016fkazu. A s\u00e1m se tak lh\u00e1\u0159em stal,&#8220; napsal Jakl.<\/p>\n<p>Jakl m\u00e1 ze Str\u00e1nsk\u00e9ho legraci. Sv\u016fj blog uzav\u00edr\u00e1 slovy: &#8222;P\u0159\u00e1l bych panu Str\u00e1nsk\u00e9mu kone\u010dn\u011b aspo\u0148 trochu \u00fasp\u011bchu, aby se kone\u010dn\u011b u\u017e n\u011bkam vecpal. Jinak bude otravovat ve\u0159ejnou diskusi st\u00e1le neomalen\u011bji. N\u011bjak si neum\u00edm p\u0159edstavit, \u017ee by se n\u011bkdo dal vy\u0161et\u0159it \u010di l\u00e9\u010dit doktorem, kter\u00fd ve\u0159ejn\u011b l\u017ee a je sprost\u00fd. Tak u\u017e mu dejte n\u011bjakou funkci, a\u0165 se p\u0159estane tr\u00e1pit.&#8220;<\/p>\n<p>Martin Jan Str\u00e1nsk\u00fd byl podle zji\u0161t\u011bn\u00ed serveru Prvnizpravy.cz jedn\u00edm z akt\u00e9r\u016f pl\u00e1novan\u00e9ho komplotu mezi l\u00e9ka\u0159i, kte\u0159\u00ed usilovali o diskreditaci prezidenta republiky V\u00e1clava Klause, k \u010demu\u017e cht\u011bli zneu\u017e\u00edt sv\u00e9 profese. Prezidenta cht\u011bli zfal\u0161ovan\u00fdmi posudky prohl\u00e1sit za psychicky nemocn\u00e9ho a tud\u00ed\u017e neschopn\u00e9ho vykon\u00e1vat prezidentskou funkci. Pl\u00e1n byl veden snahou donutit prezidenta k podpisu Lisabonsk\u00e9 smlouvy.<\/p>\n<p>Pr\u00e1v\u011b v souvislosti s touto kauzou Str\u00e1nsk\u00fd tvrdil, \u017ee zm\u00edn\u011bn\u00e1 emailov\u00e1 adresa pat\u0159\u00ed Jaklovi, \u010d\u00edm\u017e se sna\u017eil odpoutat pozornost od vlastn\u00edho pod\u00edlu na protiklausovsk\u00e9m komplotu.<\/p>\n<p>Redakce Prvnizpravy.cz se k p\u0159\u00edpadu vr\u00e1tila minul\u00fd t\u00fdden, kdy pouk\u00e1zala na nov\u00fd aspekt cel\u00e9ho p\u0159\u00edpadu. Podle dal\u0161\u00ed korespondence, kterou m\u00e1 redakce k dispozici, mohl o pl\u00e1nu v\u011bd\u011bt i b\u00fdval\u00fd \u0161\u00e9f rozv\u011bdky Karel Rand\u00e1k. Po provalen\u00ed pl\u00e1nu vyjad\u0159oval druh\u00fd akt\u00e9r komplotu, l\u00e9ka\u0159 Jan Hn\u00edzdil, nad\u011bji, \u017ee Rand\u00e1k pom\u016f\u017ee potrestat redaktora Prvnizpravy.cz, kter\u00fd o p\u0159\u00edpadu informoval. Rand\u00e1k ale sv\u00e9 anga\u017em\u00e1 pop\u0159el.<\/p>\n<p>Redakce Prvnizpravy.cz m\u00e1 k dispozici i dal\u0161\u00ed dosud nezve\u0159ejn\u011bn\u00e9 emaily l\u00e9ka\u0159\u016f, kter\u00e9 dokl\u00e1daj\u00ed, \u017ee ne\u0161lo o nevinnou hru, jak se Str\u00e1nsk\u00fd s Hn\u00edzdilem sna\u017e\u00ed nyn\u00ed zp\u011btn\u011b vysv\u011btlovat.<\/p>\n<p><a href=\"http:\/\/www.prvnizpravy.cz\/zpravy\/z-domova\/jakl-hulvat-a-lhar-stransky-se-porad-nekam-cpe\/\" target=\"_blank\">Zdroj<\/a><\/p>\n","protected":false},"excerpt":{"rendered":"<p>Prezident\u016fv tajemn\u00edk Ladislav Jakl \u0159ekl bez obalu, co si mysl\u00ed o l\u00e9ka\u0159i Martinovi Str\u00e1nsk\u00e9m: je to pr\u00fd bezosty\u0161n\u00fd lh\u00e1\u0159 a hulv\u00e1t.<\/p>\n","protected":false},"author":1,"featured_media":0,"comment_status":"open","ping_status":"open","sticky":false,"template":"","format":"standard","meta":{"ngg_post_thumbnail":0,"footnotes":""},"categories":[11],"tags":[],"class_list":["post-957","post","type-post","status-publish","format-standard","hentry","category-ozvena"],"_links":{"self":[{"href":"https:\/\/www.ladislavjakl.cz\/index.php?rest_route=\/wp\/v2\/posts\/957","targetHints":{"allow":["GET"]}}],"collection":[{"href":"https:\/\/www.ladislavjakl.cz\/index.php?rest_route=\/wp\/v2\/posts"}],"about":[{"href":"https:\/\/www.ladislavjakl.cz\/index.php?rest_route=\/wp\/v2\/types\/post"}],"author":[{"embeddable":true,"href":"https:\/\/www.ladislavjakl.cz\/index.php?rest_route=\/wp\/v2\/users\/1"}],"replies":[{"embeddable":true,"href":"https:\/\/www.ladislavjakl.cz\/index.php?rest_route=%2Fwp%2Fv2%2Fcomments&post=957"}],"version-history":[{"count":1,"href":"https:\/\/www.ladislavjakl.cz\/index.php?rest_route=\/wp\/v2\/posts\/957\/revisions"}],"predecessor-version":[{"id":958,"href":"https:\/\/www.ladislavjakl.cz\/index.php?rest_route=\/wp\/v2\/posts\/957\/revisions\/958"}],"wp:attachment":[{"href":"https:\/\/www.ladislavjakl.cz\/index.php?rest_route=%2Fwp%2Fv2%2Fmedia&parent=957"}],"wp:term":[{"taxonomy":"category","embeddable":true,"href":"https:\/\/www.ladislavjakl.cz\/index.php?rest_route=%2Fwp%2Fv2%2Fcategories&post=957"},{"taxonomy":"post_tag","embeddable":true,"href":"https:\/\/www.ladislavjakl.cz\/index.php?rest_route=%2Fwp%2Fv2%2Ftags&post=957"}],"curies":[{"name":"wp","href":"https:\/\/api.w.org\/{rel}","templated":true}]}}