{"id":9589,"date":"2018-11-20T09:15:34","date_gmt":"2018-11-20T08:15:34","guid":{"rendered":"http:\/\/www.ladislavjakl.cz\/?p=9589"},"modified":"2018-12-20T13:21:36","modified_gmt":"2018-12-20T12:21:36","slug":"ucme-se-spolupracovat-napric-nazory-rekl-v-poradu-na-prahu-zmen-ladislav-jakl","status":"publish","type":"post","link":"https:\/\/www.ladislavjakl.cz\/?p=9589","title":{"rendered":"U\u010dme se spolupracovat nap\u0159\u00ed\u010d n\u00e1zory, \u0159ekl v po\u0159adu Na prahu zm\u011bn Ladislav Jakl"},"content":{"rendered":"<p><strong>Po\u0159ad Na prahu zm\u011bn p\u0159in\u00e1\u0161\u00ed ka\u017ed\u00e9 pond\u011bl\u00ed banskobystrick\u00fd Slobodn\u00fd vysiela\u010d. Moder\u00e1torem je Stanislav Novotn\u00fd, b\u00fdval\u00fd policejn\u00ed prezident a p\u0159edseda Asociace nez\u00e1visl\u00fdch m\u00e9di\u00ed, kter\u00fd si v po\u0159adu pov\u00edd\u00e1 s v\u00fdrazn\u00fdmi \u010desk\u00fdmi osobnostmi. Hostem posledn\u00edho d\u00edlu byl Ladislav Jakl, publicista, politik, hudebn\u00edk a b\u00fdval\u00fd \u0159editel politick\u00e9ho odboru Kancel\u00e1\u0159e prezidenta republiky.<\/strong><\/p>\n<p><!--more--><\/p>\n<div>O Ladislavu Jaklovi se v\u00ed, \u017ee odm\u00edt\u00e1 \u0159\u00edzenou migraci, ale m\u00e1lokdo v\u00ed, \u017ee v roce 1994 adoptoval \u0161estim\u011bs\u00ed\u010dn\u00edho romsk\u00e9ho chlapce. \u201e\u010clov\u011bka stra\u0161n\u011b zm\u011bn\u00ed, kdy\u017e se za\u010dne o n\u011bkoho opravdu b\u00e1t, na n\u011bkoho myslet. J\u00e1 jsem o t\u00e9hle v\u011bci nikdy nem\u011bl pot\u0159ebu moc mluvit, jsem r\u00e1d, \u017ee m\u00e1m dneska dosp\u011bl\u00e9ho syna, kter\u00fd si u\u017e \u017eije po sv\u00fdm,\u201c sd\u011blil Jakl hned na za\u010d\u00e1tku po\u0159adu.<\/div>\n<div>&nbsp;<\/div>\n<div>Dal\u0161\u00ed zaj\u00edmavost\u00ed, o kter\u00e9 se Na prahu zm\u011bn hovo\u0159ilo, byla tak\u00e9 Jaklova kandidatura na prezidenta. \u201eJ\u00e1 jsem se tehdy do takov\u00fdchto aktivit moc nehrnul. Nem\u00e1m pot\u0159ebu denn\u011b vyl\u00e9zat z ka\u017ed\u00e9 krabi\u010dky od sardinek a b\u00fdt v\u0161ude. Tehdy jsem byl p\u0159emluven veden\u00edm Svobodn\u00fdch, kte\u0159\u00ed si slibovali, \u017ee jim pomohu zviditelnit n\u011bjak\u00e9 v\u011bci, kter\u00fdm v\u011b\u0159\u00ed oni i j\u00e1. Byl jsem ubezpe\u010dovan\u00fd, \u017ee podpisy daj\u00ed dohromady, nakonec se ale asi trochu p\u0159ecenili. Zaj\u00edmav\u00e9 je, \u017ee favoritem voleb se stal \u010dlov\u011bk, kter\u00fd \u017e\u00e1dn\u00e9 podpisy ob\u010dan\u016f sh\u00e1n\u011bt nemusel. Sta\u010dilo mu obej\u00edt deset sen\u00e1tor\u016f, kamar\u00e1d\u016f a stal se regul\u00e9rn\u00edm kandid\u00e1tem, kter\u00fd byl pak s Milo\u0161em Zeman ve fin\u00e1le,\u201c nar\u00e1\u017e\u00ed Jakl na prezidentsk\u00e9ho kandid\u00e1ta Karla Schwarzenberga.<\/div>\n<div>&nbsp;<\/div>\n<div>\n<div>Ladislav Jakl tak\u00e9 letos kandidoval do Sen\u00e1tu, kde byla jeho hlavn\u00ed t\u00e9mata: \u201eNe bruselsk\u00e9 centralizaci, ne masov\u00e9 imigraci, ne dal\u0161\u00ed z\u00e1kaz\u016fm a ano svobod\u011b \u010dlov\u011bka\u201c.<\/div>\n<div>\u201eCo se t\u00fdk\u00e1 bezhlav\u00e9 bruselsk\u00e9 centralizace, tak nakonec jde v\u017edy o ochranu svobody a o \u00fatoky na ni. Ti, co cht\u011bj\u00ed ovl\u00e1dat ciz\u00ed \u017eivoty, kte\u0159\u00ed cht\u011bj\u00ed br\u00e1t lidem svobodu, tak k tomu pot\u0159ebuj\u00ed n\u011bjak\u00e9 n\u00e1stroje, n\u011bkdy dost silov\u00e9, mocensk\u00e9 a finan\u010dn\u00ed. A to se prosazuje pom\u011brn\u011b obt\u00ed\u017en\u011b v norm\u00e1ln\u00ed demokracii, ale tito lid\u00e9 brzy zjistili, \u017ee na t\u00e9 \u00farovni nadn\u00e1rodn\u00ed, unijn\u00ed, se vyma\u0148uj\u00ed z t\u00e9 konfrontace s ob\u010danem a ty jejich projekty m\u016f\u017eou sn\u00e1ze proj\u00edt. Zad\u00e1 se to \u00fa\u0159edn\u00edk\u016fm, ti n\u011bco vypracuj\u00ed bez pozornosti m\u00e9di\u00ed, a tak se rozhodn\u011b v\u011bc, kter\u00e1 ovlivn\u00ed na\u0161e \u017eivoty na dal\u0161\u00ed roky a nikdo ani nemrkne. To se d\u011bje ka\u017ed\u00fd den,\u201c upozor\u0148uje Jakl.<\/div>\n<div>\u201eNemus\u00edme m\u00edt stejn\u00e9 n\u00e1zory, ani stejn\u00e9 n\u00e1zory na v\u00e1hu svobody v \u017eivot\u011b \u010dlov\u011bka. Pro n\u011bkoho m\u016f\u017ee b\u00fdt svoboda v\u00edce d\u016fle\u017eit\u00e1, pro n\u011bkoho m\u00e9n\u011b. Od toho existuje svobodn\u00e1 politick\u00e1 sout\u011b\u017e, sout\u011b\u017e idej\u00ed a my\u0161lenek, ale k tomu, aby tato hra mohla prob\u00edhat, tak pot\u0159ebujeme h\u0159i\u0161t\u011b, na kter\u00e9m si to m\u016f\u017eeme rozdat. Pak vyhraje jeden a podruh\u00e9 ten druh\u00fd. To je demokracie. Ale kdy\u017e n\u00e1m z Bruselu, Berl\u00edna, Pa\u0159\u00ed\u017ee to h\u0159i\u0161t\u011b vezmou, tak se mus\u00edme nau\u010dit spolupracovat i my, kte\u0159\u00ed m\u00e1me n\u00e1zory protich\u016fdn\u00e9. Ale co n\u00e1m je to platn\u00e9, kdy\u017e je nem\u00e1me kde konfrontovat,\u201c tak\u00e9 v po\u0159adu prozradil Ladislav Jakl, kter\u00fd se tak\u00e9 v po\u0159adu vyj\u00e1d\u0159it k dal\u0161\u00edm t\u00e9mat\u016fm, s kter\u00fdmi \u0161el do voleb. Masov\u00e9 imigraci, dal\u0161\u00edm z\u00e1kaz\u016fm a svobod\u011b \u010dlov\u011bka.<\/div>\n<\/div>\n<div>\n<div>N\u00e1sledn\u011b tak\u00e9 do\u0161lo na dotazy od poslucha\u010d\u016f, kde nap\u0159\u00edklad padla ot\u00e1zka, jak\u00fd je V\u00e1clav Klaus. \u201e\u010clov\u011bk skoro a\u017e p\u0159ehnan\u011b pracovit\u00fd, je velmi systematick\u00fd v uva\u017eov\u00e1n\u00ed, velmi p\u0159esn\u00fd a mysl\u00edm si, \u017ee se um\u00ed chovat velmi pozorn\u011b a p\u0159\u00e1telsky. V\u0161imne si, kdy\u017e m\u00e1 \u010dlov\u011bk n\u011bjak\u00fd probl\u00e9m nebo pot\u00ed\u017e. Faktem je, \u017ee ka\u017ed\u00fd poch\u00e1z\u00edme z trochu jin\u00e9 planety. On byl v\u017edy v\u011bdec, byl v\u017edy sportovec, j\u00e1 jsem sp\u00ed\u0161 b\u00e1sn\u00edk, kdy\u017e to \u0159eknu trochu v nads\u00e1zce a sportovec ani n\u00e1hodou. \u017divotn\u00ed styl byl tedy jin\u00fd, ale i navzdory tomu, si mysl\u00edm, \u017ee se na hodn\u011b v\u011bc d\u00edv\u00e1me podobn\u011b,\u201c dodal ke sv\u00e9mu dlouholet\u00e9mu spolupracovn\u00edku.<\/div>\n<div>Ladislav Jakl tak\u00e9 prozradil, co ho v nejbli\u017e\u0161\u00ed dob\u011b \u010dek\u00e1. \u201eDovolili si m\u011b pozvat do po\u0159adu M\u00e1te slovo k t\u00e9matu 17. listopadu. Pro mne to je osobn\u00ed v\u011bc, j\u00e1 jsem se demonstrace 17. listopadu z\u00fa\u010dastnil a ka\u017ed\u00e9 v\u00fdro\u010d\u00ed pro\u017e\u00edv\u00e1m osobn\u011b a m\u00e1m sv\u00e9 ritu\u00e1ly. Chod\u00edm na ur\u010dit\u00e1 m\u00edsta, nikdy jsem nevynechal. Vn\u00edm\u00e1m to p\u0159edev\u0161\u00edm jako v\u011bc hodn\u011b osobn\u00ed. Tehdej\u0161\u00ed p\u0159evrat byl d\u016fsledkem glob\u00e1ln\u00edch pohyb\u016f, celoevropsk\u00fdch. Komunismus se rozsypal v\u0161ude a\u017e na n\u011bjak\u00e9 ostr\u016fvky a tud\u00ed\u017e n\u00e1s to nemohlo minout. 18 &#8211; 21. listopadu v\u011bt\u0161ina zem\u011b pro\u017e\u00edvala \u00fapln\u011b stejn\u00e9 dny jako v\u0161echny ostatn\u00ed, ten v\u00fdvoj byl velmi postupn\u00fd, ale byla to obrovsk\u00e1 p\u0159\u00edle\u017eitost. Jak jsme ji uchopili? No, jak kdo, jak do jak\u00e9 m\u00edry, ale hlavn\u011b nevymlouvejme se, \u017ee jsme v rukou n\u011bkoho jin\u00e9ho,\u201c \u0159ekl k bl\u00ed\u017e\u00edc\u00edmu se 17. listopadu Ladislav Jakl.<\/div>\n<div>\u201eA\u017e p\u0159\u00ed\u0161t\u011b pojedeme autobusem, tramvaj\u00ed, metrem nebo p\u016fjdeme po chodn\u00edku, koukejme se kolem sebe ne s t\u00edm, \u017ee v\u0161ichni kolem n\u00e1s jsou \u00fapln\u00fd blbci. Ka\u017ed\u00fd m\u00e1 sv\u00e9 city, starosti, probl\u00e9my, ale m\u00e1me spole\u010dn\u00fdch spousty v\u011bc\u00ed, mo\u017en\u00e1 bychom se divili co s \u010dlov\u011bkem, kter\u00e9ho v\u016fbec nezn\u00e1me, m\u00e1me spole\u010dn\u00e9ho. U\u010dme se chovat jako spole\u010dnost, kter\u00e1 n\u011bco ct\u00ed, kter\u00e1 n\u011b\u010d\u00edm spole\u010dn\u00fdch \u017eije a chce to chr\u00e1nit nebo n\u00e1m to opravdu vezmou,\u201c uzav\u0159el.<\/div>\n<div>Cel\u00fd rozhovor s Ladislavem Jaklem v po\u0159adu Na prahu zm\u011bn<a href=\"https:\/\/hearthis.at\/slobodnyvysielac\/na-prahu-zmien-07-2018-11-12\/\" target=\"_blank\" rel=\"noopener\"><strong>&nbsp;zde<\/strong><\/a>.&nbsp;<\/div>\n<\/div>\n<div>&nbsp;<\/div>\n<div><a href=\"https:\/\/www.parlamentnilisty.cz\/arena\/monitor\/Ucme-se-spolupracovat-napric-nazory-rekl-v-poradu-Na-prahu-zmen-Ladislav-Jakl-559654\">Zdroj<\/a><\/div>\n","protected":false},"excerpt":{"rendered":"<p>Po\u0159ad Na prahu zm\u011bn p\u0159in\u00e1\u0161\u00ed ka\u017ed\u00e9 pond\u011bl\u00ed banskobystrick\u00fd Slobodn\u00fd vysiela\u010d. Moder\u00e1torem je Stanislav Novotn\u00fd, b\u00fdval\u00fd policejn\u00ed prezident a p\u0159edseda Asociace nez\u00e1visl\u00fdch m\u00e9di\u00ed, kter\u00fd si v po\u0159adu pov\u00edd\u00e1 s v\u00fdrazn\u00fdmi \u010desk\u00fdmi osobnostmi. Hostem posledn\u00edho d\u00edlu byl Ladislav Jakl, publicista, politik, hudebn\u00edk a b\u00fdval\u00fd \u0159editel politick\u00e9ho odboru Kancel\u00e1\u0159e prezidenta republiky.<\/p>\n","protected":false},"author":1,"featured_media":0,"comment_status":"open","ping_status":"open","sticky":false,"template":"","format":"standard","meta":{"ngg_post_thumbnail":0,"footnotes":""},"categories":[11],"tags":[],"class_list":["post-9589","post","type-post","status-publish","format-standard","hentry","category-ozvena"],"_links":{"self":[{"href":"https:\/\/www.ladislavjakl.cz\/index.php?rest_route=\/wp\/v2\/posts\/9589","targetHints":{"allow":["GET"]}}],"collection":[{"href":"https:\/\/www.ladislavjakl.cz\/index.php?rest_route=\/wp\/v2\/posts"}],"about":[{"href":"https:\/\/www.ladislavjakl.cz\/index.php?rest_route=\/wp\/v2\/types\/post"}],"author":[{"embeddable":true,"href":"https:\/\/www.ladislavjakl.cz\/index.php?rest_route=\/wp\/v2\/users\/1"}],"replies":[{"embeddable":true,"href":"https:\/\/www.ladislavjakl.cz\/index.php?rest_route=%2Fwp%2Fv2%2Fcomments&post=9589"}],"version-history":[{"count":2,"href":"https:\/\/www.ladislavjakl.cz\/index.php?rest_route=\/wp\/v2\/posts\/9589\/revisions"}],"predecessor-version":[{"id":9682,"href":"https:\/\/www.ladislavjakl.cz\/index.php?rest_route=\/wp\/v2\/posts\/9589\/revisions\/9682"}],"wp:attachment":[{"href":"https:\/\/www.ladislavjakl.cz\/index.php?rest_route=%2Fwp%2Fv2%2Fmedia&parent=9589"}],"wp:term":[{"taxonomy":"category","embeddable":true,"href":"https:\/\/www.ladislavjakl.cz\/index.php?rest_route=%2Fwp%2Fv2%2Fcategories&post=9589"},{"taxonomy":"post_tag","embeddable":true,"href":"https:\/\/www.ladislavjakl.cz\/index.php?rest_route=%2Fwp%2Fv2%2Ftags&post=9589"}],"curies":[{"name":"wp","href":"https:\/\/api.w.org\/{rel}","templated":true}]}}