{"id":959,"date":"2011-04-21T10:32:20","date_gmt":"2011-04-21T09:32:20","guid":{"rendered":"http:\/\/www.ladislavjakl.cz\/?p=959"},"modified":"2011-04-21T10:38:08","modified_gmt":"2011-04-21T09:38:08","slug":"l-j-v-poradu-fakta-barbory-tacheci-televize-prima","status":"publish","type":"post","link":"https:\/\/www.ladislavjakl.cz\/?p=959","title":{"rendered":"L. J. v po\u0159adu Fakta Barbory Tachec\u00ed televize Prima"},"content":{"rendered":"<p>PRIMA TV Fakta \u2013 Ladislav Jakl N\u00e1zev: Fakta \u2013 Ladislav Jakl Zdroj: PRIMA TV Datum: 13.04.2011 Relace: Minuty regionu Po\u0159ad\u00ed: 6 \u010cas vys\u00edl\u00e1n\u00ed: 17:46:45<br \/>\n<!--more--><\/p>\n<p>Moder\u00e1tor:<br \/>\nLadislav Jakl, tajemn\u00edk prezidenta V\u00e1clava Klause u n\u00e1s ve Faktech na Prim\u011b, v\u00edtejte ve studiu, pane tajemn\u00edku nebo pane Jakle, je lep\u0161\u00ed?<\/p>\n<p>Ladislav Jakl, tajemn\u00edk prezidenta republiky:<br \/>\nJak se v\u00e1m l\u00edb\u00ed, a jak se bude l\u00edbit div\u00e1k\u016fm.<\/p>\n<p>Moder\u00e1tor:<br \/>\nM\u011b se l\u00edb\u00ed pane tajemn\u00edku, jestli v\u00e1m to nevad\u00ed.<\/p>\n<p>Ladislav Jakl, tajemn\u00edk prezidenta republiky:<br \/>\nDob\u0159e, budu na to sly\u0161et dneska.<\/p>\n<p>Moder\u00e1tor:<br \/>\nV\u0161ichni v\u00edme, \u017ee na\u0161e zem\u011b za\u017e\u00edv\u00e1 bou\u0159livou vl\u00e1dn\u00ed krizi, ale m\u011b to stejn\u011b ned\u00e1 a mus\u00edm se zeptat, jestli je prezident pr\u016fb\u011b\u017en\u011b informov\u00e1n o tom skv\u011bl\u00e9m pokryt\u00ed medi\u00e1ln\u00edm zahrani\u010dn\u00edm, kter\u00e9 dostala jeho akce Pero v Chile?<\/p>\n<p>Ladislav Jakl, tajemn\u00edk prezidenta republiky:<br \/>\nJestli je informov\u00e1n, j\u00e1 tedy ani nev\u00edm o co v zahrani\u010d\u00edm pokryt\u00ed, ale ..<\/p>\n<p>Moder\u00e1tor:<br \/>\nAmerick\u00e1 m\u00e9dia, \u2026<\/p>\n<p>Ladislav Jakl, tajemn\u00edk prezidenta republiky:<br \/>\nTak to zase nev\u00edm v\u016fbec, ale o tom, \u017ee to n\u011bkde b\u011b\u017e\u00ed po internetu, to jsem mu pov\u00eddal v\u010dera v Brn\u011b. Tv\u00e1\u0159il se p\u0159ekvapen\u011b.<\/p>\n<p>Moder\u00e1tor:<br \/>\nK aktu\u00e1ln\u00ed v\u011bci, dneska vy\u0161ly informace o tom, zat\u00edm elektronicky, v elektronick\u00fdch m\u00e9di\u00edch, \u017ee Krist\u00fdna Ko\u010d\u00ed p\u0159ipravovala jakoby v\u00fdpad proti VV ve spolupr\u00e1ci s ODS u\u017e 3\/4 \u00a8roku, mluvili jste u\u017e o t\u00e9to zcela nov\u00e9 informaci s prezidentem?<\/p>\n<p>Ladislav Jakl, tajemn\u00edk prezidenta republiky:<br \/>\nAsi tak 30 vte\u0159in ne\u017e jsem sem vyrazil.<\/p>\n<p>Moder\u00e1tor:<br \/>\nA co p\u0159esn\u011b \u0159ekl?<\/p>\n<p>Ladislav Jakl, tajemn\u00edk prezidenta republiky:<br \/>\nJenom velmi kr\u00e1tce, no \u017ee to leccos objas\u0148uje, ale up\u0159\u00edmn\u011b \u0159e\u010deno, \u017ee by z toho m\u011blo plynout n\u011bjak\u00e9 velk\u00e9 p\u0159ekvapen\u00ed. V\u00edte ono \u010dasov\u00e1n\u00ed v\u0161ech t\u011bch politick\u00fdch krok\u016f a medi\u00e1ln\u00edch n\u011bjak\u00fdch z\u00e1zrak\u016f, kter\u00e9 se v tu dobu d\u011bly, tak j\u00e1 si mysl\u00edm, \u017ee jenom naiva by si myslel, \u017ee to cel\u00e9 nebylo n\u011bjak koordinov\u00e1no, p\u0159ipravov\u00e1no, n\u011bjakou z\u00e1jmovou skupinou proti jin\u00e9 z\u00e1jmov\u00e9 skupin\u011b.<\/p>\n<p>Moder\u00e1tor:<br \/>\nTo tak b\u00fdv\u00e1 ale s v\u011bt\u0161inou v\u011bc\u00ed, kter\u00e9 jsou zve\u0159ejn\u011bny.<\/p>\n<p>Ladislav Jakl, tajemn\u00edk prezidenta republiky:<br \/>\nOno to tak b\u00fdv\u00e1 s v\u011bt\u0161inou v\u011bc\u00ed, to \u0159\u00edk\u00e1te dob\u0159e, proto\u017ee opravdu jenom naivn\u00ed trouba si m\u016f\u017ee myslet, \u017ee v\u011bci, kter\u00e9 se objev\u00ed v m\u00e9di\u00edch, jsou v\u00fdsledkem trp\u011bliv\u00e9ho investigativn\u00edho b\u00e1d\u00e1n\u00ed novin\u00e1\u0159e, kter\u00fd sed\u00ed n\u011bkde na hru\u0161ce a nech\u00e1 na se pr\u0161et, sn\u011b\u017eit, v\u0161echno mo\u017en\u00fd, ne prost\u011b to tak je, \u017ee jeden ze z\u00e1jmov\u00e9 skupiny oslov\u00ed m\u00e9dium, novin\u00e1\u0159e a prost\u011b mu n\u011bco d\u00e1, co je v jeho z\u00e1jmu, snad jenom zaj\u00edmav\u00e9, jak to u n\u00e1s jde snadno a z\u0159ejm\u011b asi lacino, snadno se t\u00edmto nechaj\u00ed m\u00e9dia zat\u00e1hnout do t\u00e9 v\u011bci, samoz\u0159ejm\u011b n\u011bkter\u00e1 m\u00e9dia se zu\u0159iv\u011b br\u00e1n\u00ed, \u017ee to v\u016fbec tak nen\u00ed a \u017ee nejsou ni\u010d\u00edm n\u00e1strojem, j\u00e1 jsem na to \u0159ekl takov\u00fd p\u0159\u00edklad z dovolen\u00fd a on \u0159ekl: no je tady. M\u011b to p\u0159ipad\u00e1, jako kdybyste dala do krabi\u010dky n\u011bjak\u00e9 pru\u017einky ozuben\u00e1 kole\u010dka, h\u0159\u00eddelky, rafi\u010dky a te\u010f s t\u00edm takhle hodn\u011b chrastila a pak z toho vysypala \u0161v\u00fdcarsk\u00fd hodinky. Tak mo\u017en\u00fd to je, ale ta n\u00e1hoda je asi tak podobn\u00e1.<\/p>\n<p>Moder\u00e1tor:<br \/>\nV\u00edte, ale j\u00e1 m\u00e1m n\u011bkdy pocit, \u017ee jakoby ve st\u00ednu t\u011bhle debat o tom, kdo kdy jak co pustil a co sledoval, z\u016fst\u00e1v\u00e1 tro\u0161ku to, jestli je to pravda, to co pustil a jestli je na tom n\u011bco rizikov\u00e9ho. Tak\u017ee j\u00e1 se pt\u00e1m, jenom jestli ta prapodstata, toho v\u0161eho, toti\u017e, \u017ee V\u00edt B\u00e1rta si zalo\u017eil politickou stranu pro uspokojen\u00ed byznys pl\u00e1nu sv\u00e9 firmy, jestli to tak jsem dob\u0159e pochopila, to pokl\u00e1d\u00e1te vy zda neutr\u00e1ln\u00ed informaci, negativn\u00ed pozitivn\u00ed?<\/p>\n<p>Ladislav Jakl, tajemn\u00edk prezidenta republiky:<br \/>\nNepochybn\u011b negativn\u00ed, ale tu zn\u00e1me v\u0161ichni rok, j\u00e1 u\u017e jsem p\u0159ed rokem o t\u00e9 stran\u011b mluvil jako o podnikatelsk\u00e9m, projektu, v\u0161ichni to v\u011bd\u011bli a v\u0161ichni kdo se z\u00fa\u010dastnili r\u016fzn\u00fdch povolebn\u00edch koali\u010dn\u00edch jedn\u00e1n\u00ed do toho \u0161li s pln\u00fdm v\u011bdom\u00edm. Dnes se tv\u00e1\u0159it, \u017ee objevili Ameriku a \u017ee najednou je pro n\u011b n\u011bco nep\u0159ijateln\u00e9, co bylo v\u010dera je\u0161t\u011b kr\u00e1sn\u011b p\u0159ijateln\u00e9, pokud to slou\u017eilo k tomu dostat se k vl\u00e1d\u011b a odvol\u00e1vat se p\u0159itom mna jeden jedin\u00fd \u010dl\u00e1nek. Ta ned\u00e1vn\u00e1 sc\u00e9nka s tou nahr\u00e1vkou, s tou nahr\u00e1vkou, o kter\u00e9 te\u010f mluv\u00edte, n\u00e1m ukazuje, \u017ee mohou existovat tak\u00e9 \u00fapln\u011b jin\u00e9 \u010dl\u00e1nky a jin\u00e9 teorie, kter\u00e9 prezentuj\u00ed, \u017ee tady ne\u017eijeme ve vzduchopr\u00e1zdnu, \u017eijeme ve sv\u011bt\u011b nabit\u00e9m z\u00e1jmov\u00fdmi skupinami a z\u0159ejm\u011b n\u011bkterou reprezentuje p\u0159edseda poslaneck\u00e9ho klubu ODS pan Tlucho\u0159 a jinou mo\u017en\u00e1 zase jin\u00e9 z\u00e1jmov\u00e9 skupiny.<\/p>\n<p>Moder\u00e1tor:<br \/>\nPane tajemn\u00edku m\u016f\u017eu, my jsme si tro\u0161ku pl\u00e1cli p\u0159ed rozhovorem na to, \u017ee se pokus\u00edte b\u00fdt stru\u010dn\u00fd, v z\u00e1jmu toho, abychom se tady dozv\u011bd\u011bli, co nejv\u00edce. Nechci se v\u016fbec zast\u00e1vat n\u011bkoho, kdo vytvo\u0159il koalici z VV.<\/p>\n<p>Ladislav Jakl, tajemn\u00edk prezidenta republiky:<br \/>\nTo \u0159\u00edk\u00e1te ale dob\u0159e, \u010d\u00edm stru\u010dn\u011bj\u0161\u00ed, t\u00edm se dozv\u00ed v\u00edc, budu si to pamatovat.<\/p>\n<p>Moder\u00e1tor:<br \/>\nNo ur\u010dit\u011b, proto\u017ee nem\u00e1 smysl opakovat v\u011bci, kter\u00e9 u\u017e jste n\u011bkde \u0159ekl, rozum\u00edte mi? Tak\u017ee nechci se zast\u00e1vat koali\u010dn\u00edch partner\u016f, tak\u017ee naposledy rozj\u00ed\u017ed\u00edm tu ot\u00e1zku, nechci se zast\u00e1vat nikoho ze sou\u010dasn\u00fdch koali\u010dn\u00edch stran, ale p\u0159esto m\u00e1m pocit, \u017ee tak, jak vy\u0161la ona strategie V\u00edta B\u00e1rty, jako psan\u00fd dokument, trak \u017ee to jde takhle daleko nem\u011bl nikdo tu\u0161en\u00ed, je m\u016fj pocit a te\u010f se pt\u00e1m, jestli vy jste ho na hrad\u011b m\u011bli, nebo vy osobn\u011b, tak pro\u010d jste to ne\u0159ekli natvrdo a m\u00e1me tento podklad k tomu a tohle si mysl\u00edme a mo\u017en\u00e1 bychom to b\u00fdvali v\u0161ichni zachytili d\u0159\u00edve.<\/p>\n<p>Ladislav Jakl, tajemn\u00edk prezidenta republiky:<br \/>\n\u017d\u00e1dn\u00fd podklad nikdo nem\u011bl, ale to tu\u0161en\u00ed, \u017ee politika je hrou z\u00e1jm\u016f v nich\u017e jenom n\u011bkter\u00e9 z\u00e1jmov\u00e9 skupiny jsou tak naivn\u00ed, \u017ee to nap\u00ed\u0161ou na pap\u00edr a nechaj\u00ed si ut\u00e9ct jin\u00e9 to d\u011blaj\u00ed rafinovan\u011bji, ale i jejich stopu vid\u00edme v m\u00e9di\u00edch a v politice, prost\u011b to tak je, tady sp\u00ed\u0161 \u017eijeme ve chv\u00edli, kdy m\u011blo doj\u00edt k mocensk\u00e9mu p\u0159eskupen\u00ed na politick\u00e9 map\u011b a byl k tomu vyu\u017eit jeden konkr\u00e9tn\u00ed \u010dl\u00e1nek, na kter\u00fd se ta m\u00e9dia p\u0159ipravovala spole\u010dn\u011b s politiky, j\u00e1 mysl\u00edm, \u017ee tohle je docela d\u011bsn\u00e1 v\u011bc.<\/p>\n<p>Moder\u00e1tor:<br \/>\nJ\u00e1 si mysl\u00edm, \u017ee na to nebyl pou\u017eit jeden konkr\u00e9tn\u00ed \u010dl\u00e1nek, pardon, j\u00e1 to dokon\u010d\u00edm, \u017ee na to byla pou\u017eita napsan\u00e1 strategie jednoho z ministr\u016f o tom, jak chce propojit soukromou firmu s politickou funkc\u00ed, to na to bylo pou\u017eito kolik na to pak vy\u0161lo \u010dl\u00e1nk\u016f je celkem jedno.<\/p>\n<p>Ladislav Jakl, tajemn\u00edk prezidenta republiky:<br \/>\nJ\u00e1 nem\u00e1m \u017e\u00e1dn\u00fd d\u016fvod takov\u00e9to postupy h\u00e1jit, j\u00e1 jenom je uv\u00e1d\u00edm do kontextu, takov\u00fdch z\u00e1jmov\u00fdch vlivov\u00fdch skupin je hodn\u011b a ty v tuto chv\u00edli mo\u017en\u00e1 organizovan\u011bj\u0161\u00ed a asi i bohat\u0161\u00ed maj\u00ed pocit, \u017ee te\u010f dostanou sv\u00e9 konkurenty ze hry pr\u00e1v\u011b prost\u0159ednictv\u00edm m\u00e9di\u00ed, prost\u011b \u017eijeme v takov\u00e9mhle sv\u011bt\u011b, ano.<\/p>\n<p>Moder\u00e1tor:<br \/>\nV\u00e1m osobn\u011b nep\u0159ipad\u00e1 setrv\u00e1n\u00ed konkr\u00e9tn\u011b pana B\u00e1rty ve vl\u00e1d\u011b jako velmi rizikov\u00e9?<\/p>\n<p>Ladislav Jakl, tajemn\u00edk prezidenta republiky:<br \/>\nPan B\u00e1rta podal demisi.<\/p>\n<p>Moder\u00e1tor:<br \/>\nAle tak nezn\u011bl dotaz, to j\u00e1 samoz\u0159ejm\u011b v\u00edm.<\/p>\n<p>Ladislav Jakl, tajemn\u00edk prezidenta republiky:<br \/>\nM\u011b jako rizikov\u00e9 p\u0159ipad\u00e1 \u00fa\u010dast j\u00e1 nev\u00edm mo\u017en\u00e1 poloviny politik\u016f nejenom ve vl\u00e1d\u011b i v parlamentu to, \u017ee se mluv\u00ed zrovna tento t\u00fdden o jednom politikovi a nemluvilo se o n\u011bm v z\u00e1\u0159\u00ed, v \u0159\u00edjnu v \u010dervenci, to pova\u017euji za velmi \u00fa\u010delov\u00e9.<\/p>\n<p>Moder\u00e1tor:<br \/>\n\u010cili na kauze ABL jakoby nevid\u00edte nic mimo\u0159\u00e1dn\u00e9ho?<\/p>\n<p>Ladislav Jakl, tajemn\u00edk prezidenta republiky:<br \/>\nNic dobr\u00e9ho a nic mimo\u0159\u00e1dn\u00e9ho.<\/p>\n<p>Moder\u00e1tor:<br \/>\nJestli\u017ee prezident dnes chce po premi\u00e9rovi pl\u00e1n B, jak v\u00edme, proto, aby schv\u00e1lil ony kroky, kter\u00e9 premi\u00e9r navrhl, tak m\u00e1 on taky n\u011bjak\u00fd pl\u00e1n B s\u00e1m pro sebe, kdyby mu prost\u011b pan Ne\u010das nevyhov\u011bl?<\/p>\n<p>Ladislav Jakl, tajemn\u00edk prezidenta republiky:<br \/>\nJ\u00e1 bych jenom v t\u00e9 abeced\u011b ud\u011blal po\u0159\u00e1dek, co to je pl\u00e1n B? Pl\u00e1n B jestli jste byla p\u0159ipravena, kdybych dneska nep\u0159i\u0161el t\u0159eba dneska sem do tohoto po\u0159adu.<\/p>\n<p>Moder\u00e1tor:<br \/>\nJ\u00e1 jsme v\u017edy p\u0159ipravena.<\/p>\n<p>Ladislav Jakl, tajemn\u00edk prezidenta republiky:<br \/>\nUr\u010dit\u011b ano. Pl\u00e1n B je prost\u011b ozna\u010den\u00ed pro pl\u00e1n, kter\u00fd je p\u0159ipraven pro p\u0159\u00edpad, \u017ee n\u011bco nevyjde, tady fakt n\u011bco nevy\u0161lo, tady se m\u011bl rozb\u00edt jeden z poslaneck\u00fdch klub\u016f a vl\u00e1da m\u011bla pokra\u010dovat s t\u011bmi p\u0159eb\u011bhl\u00edky, to se nepoda\u0159ilo, tak jestli m\u00e1 n\u011bkdo dal\u0161\u00ed pl\u00e1ny B nebo jede ze setrva\u010dnosti podle A t\u00edm pl\u00e1nem B se tak\u00e9 mysl\u00ed to, \u017ee kdy\u017e jedna z koali\u010dn\u00edch stran, navzdory koali\u010dn\u00ed dohod\u011b vyhod\u00ed \u0161\u00e9fa koali\u010dn\u00ed strany z vl\u00e1dy, tak jestli m\u00e1 p\u0159ipraven\u00fd dal\u0161\u00ed postup, proto\u017ee ta koali\u010dn\u00ed strana prost\u011b z t\u00e9 vl\u00e1dy bude pry\u010d.<\/p>\n<p>Moder\u00e1tor:<br \/>\nVy jste mi ne\u0159ekl ten prezident\u016fv pl\u00e1n B, kdy\u017e mu pan Ne\u010das nevyhov\u00ed, co bude d\u00e1l?<\/p>\n<p>Ladislav Jakl, tajemn\u00edk prezidenta republiky:<br \/>\nNo j\u00e1, tak se m\u011b na to pakl ptejte, a\u017e nevyhov\u00ed a a\u017e ta situace nastane, j\u00e1 nev\u00edm pro\u010d bych te\u010f vypo\u010d\u00edt\u00e1val dal\u0161\u00ed tahy. Te\u010f je na tahu skute\u010dn\u011b vl\u00e1dn\u00ed koalice a aby \u0159ekla, jestli plat\u00ed je\u0161t\u011b koali\u010dn\u00ed smlouva, ostatn\u011b vl\u00e1du tvo\u0159\u00ed strany, kter\u00e9 nevyhr\u00e1ly volby a to, \u017ee m\u00e1me tuto vl\u00e1du a tohoto premi\u00e9ra, to je v\u00fdsledkem toho, \u017ee po volb\u00e1ch p\u0159i\u0161ly t\u0159i strany za prezidentem a \u0159ekly mu, m\u00e1me takovouhle dohodu, z t\u00e9 dohody plyne jasn\u00e1 v\u011bt\u0161ina, je to 118 hlas\u016f a na z\u00e1klad\u011b toho prezident umo\u017enil tuto vl\u00e1du, te\u010f to vypad\u00e1, \u017ee ta dohoda je zpochybn\u011bna a nebo mo\u017en\u00e1 v\u016fbec neplat\u00ed.<\/p>\n<p>Moder\u00e1tor:<br \/>\nPane tajemn\u00edku, m\u011b sta\u010dilo \u0159\u00edct, \u017ee m\u011b nebudete \u0159\u00edkat nic o pl\u00e1nu B pana prezidenta a v\u011bd\u011bli bychom to sam\u00e9 .tajemn\u00edk prezidenta Ladislav Jakl byl dne\u0161n\u00edm hostem ve Faktech na Prim\u011b, pane tajemn\u00edku, d\u00edky, \u017ee jste p\u0159i\u0161el.<\/p>\n<p>Ladislav Jakl, tajemn\u00edk prezidenta republiky:<br \/>\nJ\u00e1 v\u00e1m d\u011bkuji za pozv\u00e1n\u00ed.<\/p>\n<p>Moder\u00e1tor:<br \/>\nM\u011bjte se hezky.<\/p>\n<p>Ladislav Jakl, tajemn\u00edk prezidenta republiky:<br \/>\nVy tak\u00e9.<br \/>\n<a href=\"http:\/\/www.iprima.cz\/videoarchiv\/128935\" target=\"_blank\">Zdroj<\/a><\/p>\n","protected":false},"excerpt":{"rendered":"<p>PRIMA TV Fakta \u2013 Ladislav Jakl N\u00e1zev: Fakta \u2013 Ladislav Jakl Zdroj: PRIMA TV Datum: 13.04.2011 Relace: Minuty regionu Po\u0159ad\u00ed: 6 \u010cas vys\u00edl\u00e1n\u00ed: 17:46:45<\/p>\n","protected":false},"author":1,"featured_media":0,"comment_status":"open","ping_status":"open","sticky":false,"template":"","format":"standard","meta":{"ngg_post_thumbnail":0,"footnotes":""},"categories":[13],"tags":[],"class_list":["post-959","post","type-post","status-publish","format-standard","hentry","category-rozhovory"],"_links":{"self":[{"href":"https:\/\/www.ladislavjakl.cz\/index.php?rest_route=\/wp\/v2\/posts\/959","targetHints":{"allow":["GET"]}}],"collection":[{"href":"https:\/\/www.ladislavjakl.cz\/index.php?rest_route=\/wp\/v2\/posts"}],"about":[{"href":"https:\/\/www.ladislavjakl.cz\/index.php?rest_route=\/wp\/v2\/types\/post"}],"author":[{"embeddable":true,"href":"https:\/\/www.ladislavjakl.cz\/index.php?rest_route=\/wp\/v2\/users\/1"}],"replies":[{"embeddable":true,"href":"https:\/\/www.ladislavjakl.cz\/index.php?rest_route=%2Fwp%2Fv2%2Fcomments&post=959"}],"version-history":[{"count":3,"href":"https:\/\/www.ladislavjakl.cz\/index.php?rest_route=\/wp\/v2\/posts\/959\/revisions"}],"predecessor-version":[{"id":961,"href":"https:\/\/www.ladislavjakl.cz\/index.php?rest_route=\/wp\/v2\/posts\/959\/revisions\/961"}],"wp:attachment":[{"href":"https:\/\/www.ladislavjakl.cz\/index.php?rest_route=%2Fwp%2Fv2%2Fmedia&parent=959"}],"wp:term":[{"taxonomy":"category","embeddable":true,"href":"https:\/\/www.ladislavjakl.cz\/index.php?rest_route=%2Fwp%2Fv2%2Fcategories&post=959"},{"taxonomy":"post_tag","embeddable":true,"href":"https:\/\/www.ladislavjakl.cz\/index.php?rest_route=%2Fwp%2Fv2%2Ftags&post=959"}],"curies":[{"name":"wp","href":"https:\/\/api.w.org\/{rel}","templated":true}]}}