{"id":963,"date":"2011-04-21T10:39:19","date_gmt":"2011-04-21T09:39:19","guid":{"rendered":"http:\/\/www.ladislavjakl.cz\/?p=963"},"modified":"2011-04-21T10:39:19","modified_gmt":"2011-04-21T09:39:19","slug":"l-j-v-radiozurnalu-o-soucasne-vladni-krizi","status":"publish","type":"post","link":"https:\/\/www.ladislavjakl.cz\/?p=963","title":{"rendered":"L. J. v Radio\u017eurn\u00e1lu o sou\u010dasn\u00e9 vl\u00e1dn\u00ed krizi"},"content":{"rendered":"<p style=\"margin-right: 15pt;\"><span style=\"color: #000000;\"><span style=\"font-family: &quot;Arial&quot;,&quot;sans-serif&quot;;\">RADIO\u017dURN\u00c1L Vl\u00e1dn\u00ed krize v \u010cR vrchol\u00ed<\/span><span style=\"font-family: &quot;Arial&quot;,&quot;sans-serif&quot;;\"> N\u00e1zev:\u00a0Vl\u00e1dn\u00ed krize v \u010cR vrchol\u00ed Zdroj:\u00a0Radio\u017eurn\u00e1l Datum:\u00a013.04.2011 Relace:\u00a0Stalo se dnes Po\u0159ad\u00ed:\u00a01 Moder\u00e1tor:\u00a0Jan Richter \u010cas vys\u00edl\u00e1n\u00ed:\u00a021:00:00 <\/span><\/span><\/p>\n<p style=\"margin-right: 15pt;\"><strong><span style=\"font-family: &quot;Arial&quot;,&quot;sans-serif&quot;;\"><!--more--><br \/>\n<\/span><\/strong><\/p>\n<p>Moder\u00e1tor (Jan Richter):<br \/>\nVl\u00e1dn\u00ed krize v \u010cR vrchol\u00ed. Pot\u00e9, co dnes v m\u00e9dia zve\u0159ejnila nahr\u00e1vku, na n\u00ed\u017e Krist\u00fdna Ko\u010d\u00ed popisuje dlouhodob\u00fd pl\u00e1n na rozlo\u017een\u00ed koalice, do\u0161la trp\u011blivost prezidentu V\u00e1clavu Klausovi. Posledn\u00ed ud\u00e1losti posledn\u00edch dn\u00ed podle n\u011bj p\u0159es\u00e1hly m\u00edru tolerance hlavy st\u00e1tu i ve\u0159ejnosti. D\u016fv\u011bra v kabinet je v\u00e1\u017en\u011b naru\u0161ena, m\u00edn\u00ed prezident. Prezident V\u00e1clav Klaus proto pozval na z\u00edt\u0159ej\u0161\u00ed dopoledne na Pra\u017esk\u00fd Hrad p\u0159edsedy stran ODS, TOP 09 a VV. Je podle n\u011bj nutn\u00e9 jednat o tom, jak a zda v\u016fbec pokra\u010dovat v sou\u010dasn\u00e9 vl\u00e1dn\u00ed sestav\u011b. Na telefonu je \u0159editel politick\u00e9ho odboru Kancel\u00e1\u0159e prezidenta republiky Ladislav Jakl, dobr\u00fd ve\u010der. Koali\u010dn\u00ed strany u\u017e d\u0159\u00edve vyj\u00e1d\u0159ily v\u016fli ve spole\u010dn\u00e9 vl\u00e1d\u011b pokra\u010dovat, co bude pan prezident z\u00edtra od p\u0159edsed\u016f stran cht\u00edt sly\u0161et?<\/p>\n<p>Host (Ladislav Jakl, \u0159editel politick\u00e9ho odboru Kancel\u00e1\u0159e prezidenta republiky):<br \/>\nOno to vypad\u00e1, \u017ee koali\u010dn\u00ed strany vyj\u00e1d\u0159ily v\u016fli sp\u00ed\u0161 verb\u00e1ln\u011b. Podle \u010din\u016f to tak \u00fapln\u011b nevypad\u00e1. Je dost t\u011b\u017ek\u00e9 p\u0159es den si vym\u011b\u0148ovat ta nejhor\u0161\u00ed mo\u017en\u00e1 obvin\u011bn\u00ed, nech\u00e1vat vybubl\u00e1vat r\u016fzn\u00e9 kauzy o \u0161piclov\u00e1n\u00ed, vz\u00e1jemn\u00e9m tajn\u00e9m nahr\u00e1v\u00e1n\u00ed, \u0159\u00edzen\u00fdch mystifikac\u00edch, l\u017e\u00edch apod. a potom se na sebe ve\u010der mile usm\u00edvat a spolupracovat. Tak\u017ee pan prezident o\u010dek\u00e1v\u00e1, \u017ee \u0161\u00e9fov\u00e9 koali\u010dn\u00edch stran \u0159eknou: ano, opravdu v\u00e1\u017en\u011b chceme spolupracovat, pak ale do tohoto sc\u00e9n\u00e1\u0159e nepat\u0159\u00ed n\u011bkter\u00e9 v\u011bci, kter\u00fdch jsme byli v minul\u00fdch dnech sv\u011bdky a bohu\u017eel i cel\u00e1 \u010desk\u00e1 ve\u0159ejnost anebo, co\u017e je tak\u00e9 legitimn\u00ed, \u0159eknou: ne, u\u017e si lezeme na nervy tak z\u00e1sadn\u011b a tak si ned\u016fv\u011b\u0159ujeme, v tomto form\u00e1tu u\u017e spolupracovat nechceme a nem\u016f\u017eeme, ale v tomto p\u0159\u00edpad\u011b by m\u011bli \u0159\u00edci, co by m\u011blo j\u00edt d\u00e1l.<\/p>\n<p>Moder\u00e1tor (Jan Richter):<br \/>\nPan prezident se ale u\u017e t\u0159et\u00ed den zdr\u00e1h\u00e1 plnit svou \u00fastavn\u00ed povinnost a odvolat ministry Johna a Dobe\u0161e, nemysl\u00edte si, \u017ee \u010d\u00e1st odpov\u011bdnosti za ten posledn\u00ed v\u00fdvoj pad\u00e1 i na n\u011bj?<\/p>\n<p>Host (Ladislav Jakl, \u0159editel politick\u00e9ho odboru Kancel\u00e1\u0159e prezidenta republiky):<br \/>\nVy \u0159\u00edk\u00e1te, \u017ee se zdr\u00e1h\u00e1, ale ona to nen\u00ed pravda, \u017ee se zdr\u00e1h\u00e1. Prezident republiky samoz\u0159ejm\u011b \u00fastavu dodr\u017euje, v \u00fastav\u011b nen\u00ed nikde ps\u00e1no, \u017ee premi\u00e9rem je Petr Ne\u010das, v \u00fastav\u011b je spousty v\u011bc\u00ed ponech\u00e1no politice a to, \u017ee prezident republiky 2 dny nevydal rozhodnut\u00ed o odvol\u00e1n\u00ed dvou ministr\u016f, to pova\u017eovat za zdroj n\u011bjak\u00e9ho nap\u011bt\u00ed, to v\u016fbec nen\u00ed mo\u017en\u00e9. Naopak, to je t\u00e9m\u011b\u0159 jedin\u00e1 \u0161ance, jak zachovat ur\u010dit\u00fd status quo a umo\u017enit stran\u00e1m se n\u011bjak dohadovat, proto\u017ee kdyby pan prezident hr\u00e1l tu hru, kterou pro n\u011bj p\u0159ipravil n\u011bkdo jin\u00fd, tak tu situaci z\u00e1sadn\u011b zm\u011bn\u00ed. Ono je klidn\u011b mo\u017en\u00e9, a j\u00e1 si to um\u00edm p\u0159edstavit, \u017ee po t\u011bch dne\u0161n\u00edch ud\u00e1lostech a po tom, co prasklo &#8211; dost mo\u017en\u00fd pl\u00e1n, podle kter\u00e9ho mnoho t\u011bch v\u011bc\u00ed, kter\u00fdch jsme byli sv\u011bdky minul\u00fd t\u00fdden, bylo provokac\u00ed, \u017ee t\u0159eba pan premi\u00e9r ty sv\u00e9 n\u00e1vrhy vezme zp\u00e1tky a pak by se uk\u00e1zal ten p\u0159\u00edstup pana prezidenta velmi moudr\u00fd. Prezident odvol\u00e1 na n\u00e1vrh premi\u00e9ra ministry a v koment\u00e1\u0159i k \u00fastav\u011b je ps\u00e1no, \u017ee by tak m\u011bl u\u010dinit bez zbyte\u010dn\u00fdch odklad\u016f.<\/p>\n<p>Moder\u00e1tor (Jan Richter):<br \/>\nPro\u010d pan prezident nepo\u010dkal na v\u00fdsledky toho dne\u0161n\u00edho jedn\u00e1n\u00ed, t\u00e9 neform\u00e1ln\u00ed ve\u010de\u0159e, neform\u00e1ln\u00edho setk\u00e1n\u00ed \u0161pi\u010dek?<\/p>\n<p>Host (Ladislav Jakl, \u0159editel politick\u00e9ho odboru Kancel\u00e1\u0159e prezidenta republiky):<br \/>\nTa jeho reakce byla pr\u00e1v\u011b reakc\u00ed na informaci, kter\u00e1 vyplavala b\u011bhem odpoledne a podle kter\u00e9 jedna z mo\u017en\u00fdch verz\u00ed vysv\u011btlen\u00ed v\u0161ech t\u011bch ud\u00e1lost\u00ed je, \u017ee jde od za\u010d\u00e1tku o \u0159\u00edzenou provokaci, o ur\u010dit\u00fd komplot a te\u010f je ot\u00e1zka &#8211; bu\u010f to je pravda a pak je to katastrofa, nebo je to zase provokace n\u011bkoho \u00fapln\u011b jin\u00e9ho a pak je to skoro stejn\u00e1 katastrofa. V obou p\u0159\u00edpadech nepochybn\u011b ten v\u00e1\u0161 p\u016fvodn\u00ed p\u0159edpoklad, kter\u00fd jste \u0159ekl &#8211; a to je v\u016fle spolupracovat, je tedy hodn\u011b v\u00e1\u017en\u011b zpochybn\u011bna.<\/p>\n<p>Moder\u00e1tor (Jan Richter):<br \/>\nPan prezident cht\u011bl od premi\u00e9ra Ne\u010dase sly\u0161et pl\u00e1n B, jak m\u00e1 koalice pokra\u010dovat d\u00e1l, m\u00e1 s\u00e1m V\u00e1clav Klaus n\u011bjak\u00fd pl\u00e1n, jak by se m\u011blo d\u00e1l pokra\u010dovat?<\/p>\n<p>Host (Ladislav Jakl, \u0159editel politick\u00e9ho odboru Kancel\u00e1\u0159e prezidenta republiky):<br \/>\nTak ten pl\u00e1n B on by tak\u00e9 mohl Petr Ne\u010das \u0159\u00edct, \u017ee nen\u00ed t\u0159eba pl\u00e1n B. Pl\u00e1n B nastupuje tehdy, kdy\u017e neplat\u00ed pl\u00e1n A. Petr Ne\u010das jako premi\u00e9r navrhl odvolat z vl\u00e1dy \u0161\u00e9fa koali\u010dn\u00ed strany, \u010d\u00edm\u017e nepochybn\u011b bu\u010f zpochybnil anebo \u00fapln\u011b vypov\u011bd\u011bl koali\u010dn\u00ed smlouvu, na z\u00e1klad\u011b kter\u00e9 byl jmenov\u00e1n premi\u00e9rem a kouzlo t\u00e9 abecedy spo\u010d\u00edv\u00e1 v tom, \u017ee by m\u011bl \u0159\u00edci, co bude d\u011blat, kdy\u017e v\u00fdsledkem tohoto kroku bude, \u017ee jedna z koali\u010dn\u00edch stran odejde z vl\u00e1dy. Po\u017e\u00e1d\u00e1 o hlasov\u00e1n\u00ed o d\u016fv\u011b\u0159e a tu vl\u00e1du polo\u017e\u00ed.<\/p>\n<p>Moder\u00e1tor (Jan Richter):<br \/>\nJ\u00e1 jsem se cht\u011bl vlastn\u011b zeptat, jestli pan prezident m\u00e1 n\u011bjakou jasn\u011bj\u0161\u00ed p\u0159edstavu, jak by se m\u011blo d\u00e1l pokra\u010dovat bez ohledu na to, s \u010d\u00edm p\u0159ijde premi\u00e9r Ne\u010das?<\/p>\n<p>Host (Ladislav Jakl, \u0159editel politick\u00e9ho odboru Kancel\u00e1\u0159e prezidenta republiky):<br \/>\nPrezident ur\u010dit\u011b nen\u00ed ten, kdo by cht\u011bl vnucovat n\u011bjak\u00e9 \u0159e\u0161en\u00ed podle n\u011bjak\u00fdch sv\u00fdch p\u0159edstav. On jen o\u010dek\u00e1v\u00e1, \u017ee mu bude nab\u00eddnuto takov\u00e9 \u0159e\u0161en\u00ed, p\u0159i kter\u00e9m jednotliv\u00ed hr\u00e1\u010di budou myslet na zadn\u00ed kole\u010dka a ne, \u017ee do n\u011b\u010deho \u0161l\u00e1pnou, ani\u017e by v\u011bd\u011bli, kam povedou dal\u0161\u00ed kroky, jestli povedou k p\u00e1du vl\u00e1dy, destabilizaci vl\u00e1dy, k p\u0159ed\u010dasn\u00fdm volb\u00e1m, k mnoham\u011bs\u00ed\u010dn\u00edmu chaosu nebo k n\u011b\u010demu jin\u00e9mu. To je p\u0159\u00e1n\u00ed pana prezidenta, \u017ee by on m\u011bl n\u011bjakou svou konkr\u00e9tn\u00ed p\u0159edstavu, t\u011b\u017eko j\u00ed m\u016f\u017ee vnucovat jednotliv\u00fdm koali\u010dn\u00edm stran\u00e1m, ale bude cht\u00edt od nich z\u00edtra sly\u0161et,jestli v\u016fbec to m\u00e1 smysl a jestli ty n\u011bkter\u00e9 kroky z posledn\u00edch hodin a dn\u016f si nem\u00e1 vylo\u017eit doslova tak, \u017ee u\u017e v t\u00e9 spolupr\u00e1ci spolupracovat necht\u011bj\u00ed a \u017ee maj\u00ed \u00fapln\u011b jin\u00e9 n\u00e1pady, my\u0161lenky, n\u00e1vrhy.<\/p>\n","protected":false},"excerpt":{"rendered":"<p>RADIO\u017dURN\u00c1L Vl\u00e1dn\u00ed krize v \u010cR vrchol\u00ed N\u00e1zev:\u00a0Vl\u00e1dn\u00ed krize v \u010cR vrchol\u00ed Zdroj:\u00a0Radio\u017eurn\u00e1l Datum:\u00a013.04.2011 Relace:\u00a0Stalo se dnes Po\u0159ad\u00ed:\u00a01 Moder\u00e1tor:\u00a0Jan Richter \u010cas vys\u00edl\u00e1n\u00ed:\u00a021:00:00<\/p>\n","protected":false},"author":1,"featured_media":0,"comment_status":"open","ping_status":"open","sticky":false,"template":"","format":"standard","meta":{"ngg_post_thumbnail":0,"footnotes":""},"categories":[13],"tags":[],"class_list":["post-963","post","type-post","status-publish","format-standard","hentry","category-rozhovory"],"_links":{"self":[{"href":"https:\/\/www.ladislavjakl.cz\/index.php?rest_route=\/wp\/v2\/posts\/963","targetHints":{"allow":["GET"]}}],"collection":[{"href":"https:\/\/www.ladislavjakl.cz\/index.php?rest_route=\/wp\/v2\/posts"}],"about":[{"href":"https:\/\/www.ladislavjakl.cz\/index.php?rest_route=\/wp\/v2\/types\/post"}],"author":[{"embeddable":true,"href":"https:\/\/www.ladislavjakl.cz\/index.php?rest_route=\/wp\/v2\/users\/1"}],"replies":[{"embeddable":true,"href":"https:\/\/www.ladislavjakl.cz\/index.php?rest_route=%2Fwp%2Fv2%2Fcomments&post=963"}],"version-history":[{"count":2,"href":"https:\/\/www.ladislavjakl.cz\/index.php?rest_route=\/wp\/v2\/posts\/963\/revisions"}],"predecessor-version":[{"id":965,"href":"https:\/\/www.ladislavjakl.cz\/index.php?rest_route=\/wp\/v2\/posts\/963\/revisions\/965"}],"wp:attachment":[{"href":"https:\/\/www.ladislavjakl.cz\/index.php?rest_route=%2Fwp%2Fv2%2Fmedia&parent=963"}],"wp:term":[{"taxonomy":"category","embeddable":true,"href":"https:\/\/www.ladislavjakl.cz\/index.php?rest_route=%2Fwp%2Fv2%2Fcategories&post=963"},{"taxonomy":"post_tag","embeddable":true,"href":"https:\/\/www.ladislavjakl.cz\/index.php?rest_route=%2Fwp%2Fv2%2Ftags&post=963"}],"curies":[{"name":"wp","href":"https:\/\/api.w.org\/{rel}","templated":true}]}}