{"id":9698,"date":"2018-12-28T00:13:33","date_gmt":"2018-12-27T23:13:33","guid":{"rendered":"http:\/\/www.ladislavjakl.cz\/?p=9698"},"modified":"2018-12-28T00:13:33","modified_gmt":"2018-12-27T23:13:33","slug":"ladislav-jakl-predbezna-zprava-o-koncicim-roce","status":"publish","type":"post","link":"https:\/\/www.ladislavjakl.cz\/?p=9698","title":{"rendered":"Ladislav Jakl: P\u0159edb\u011b\u017en\u00e1 zpr\u00e1va o kon\u010d\u00edc\u00edm roce"},"content":{"rendered":"<p>Co p\u0159inesl a co odnesl osmn\u00e1ct\u00fd rok nov\u00e9ho tis\u00edcilet\u00ed? Co zm\u011bnil na \u010desk\u00e9 politick\u00e9 sc\u00e9n\u011b a v&nbsp;\u010desk\u00e9 spole\u010dnosti?<\/p>\n<p><!--more--><\/p>\n<p>P\u0159e\u017eili jsme. Ne v\u0161ichni, ne v\u0161ichni stejn\u011b, ale v&nbsp;z\u00e1sad\u011b jsme p\u0159e\u017eili. Neupekli jsme se v&nbsp;glob\u00e1ln\u00edm klimatick\u00e9m \u0161\u00edlenstv\u00ed, nesmetla n\u00e1s cunami d\u011btinsk\u00fdch nezodpov\u011bdn\u00fdch novot, um\u00edme se p\u0159\u00e1telit a m\u00edt r\u00e1di, p\u0159ekon\u00e1vat \u017eivotn\u00ed trable a t\u011b\u0161it se z&nbsp;\u017eivotn\u00edch dar\u016f. Ale co d\u00e1l?<\/p>\n<p>Za\u010dn\u011bme odshora. Prezidenta republiky m\u00e1me stejn\u00e9ho. Snad s&nbsp;t\u00edm rozd\u00edlem, \u017ee loni byl na konci sv\u00e9ho volebn\u00edho obdob\u00ed (a m\u011bl je\u0161t\u011b z\u00e1jem usilovat o p\u0159\u00edze\u0148 ve\u0159ejnosti), letos je na za\u010d\u00e1tku, m\u00e1 prostor na velk\u00e9 pl\u00e1ny dostate\u010dn\u00fd a pot\u0159ebu bojovat o voli\u010de nulovou. Tak\u017ee se m\u016f\u017eeme t\u011b\u0161it na prezidenta je\u0161t\u011b suver\u00e9nn\u011bj\u0161\u00edho, sebev\u011bdom\u011bj\u0161\u00edho, pali\u010dat\u011bj\u0161\u00edho a sv\u00e9hlav\u011bj\u0161\u00edho. Ti, kdo tolik tou\u017eili po prezidentovi p\u0159\u00edmo volen\u00e9m, nez\u00e1visl\u00e9m na parlamentu, ti jist\u011b mus\u00ed slavit ka\u017ed\u00fd den, jak si ten p\u0159\u00edmo volen\u00fd prezident u\u017e\u00edv\u00e1 s\u00edlu mand\u00e1tu \u00fapln\u011b stejnou, jakou m\u00e1 Poslaneck\u00e1 sn\u011bmovna a vl\u00e1da dohromady. Te\u010f je\u0161t\u011b prosadit podobn\u011b nez\u00e1visl\u00e9 prezidenty kraj\u016f, m\u011bst a vesnic a na\u0161e \u0161t\u011bst\u00ed bude bez konce.<\/p>\n<p>Vl\u00e1da zaznamenala posun v\u011bt\u0161\u00ed. Bohuslava Sobotku vyst\u0159\u00eddal Andrej Babi\u0161. Sobotka, ovl\u00e1dan\u00fd ne\u010diteln\u00fdmi strukturami a poplatn\u00fd idej\u00edm neomarxistick\u00e9ho bruselismu, musel ustoupit Babi\u0161ovi s&nbsp;\u010diteln\u00fdm Agrofertem za z\u00e1dy a jeho hnut\u00ed poplatn\u00e9mu programu nulov\u00e9mu (krom\u011b vlastn\u00edch z\u00e1jm\u016f). Co\u017e by mohlo b\u00fdt vn\u00edm\u00e1no p\u0159ece jen jako jist\u00fd pokrok, a\u017e na to, \u017ee politika vl\u00e1dy, jej\u00ed\u017e hlavn\u00ed s\u00edla program nem\u00e1, bude v\u017edy politikou koali\u010dn\u00edch partner\u016f. A tak vl\u00e1dou cloumaj\u00ed levicov\u00ed extremist\u00e9 typu Mal\u00e1\u010dov\u00e9 a Pet\u0159\u00ed\u010dka.&nbsp; A to je vlastn\u011b hlavn\u00ed paradox, kter\u00fd kon\u010d\u00edc\u00ed rok p\u0159inesl. Soci\u00e1ln\u00ed demokrat\u00e9 a komunist\u00e9 dostali ve volb\u00e1ch historick\u00fd v\u00fdprask a p\u0159esto jejich vliv na vl\u00e1du zes\u00edlil. Z&nbsp;t\u00e9 vypadli lidovci, kte\u0159\u00ed u\u017e \u017e\u00e1dnou konzervativn\u00ed agendu stejn\u011b nemaj\u00ed a jsou jen mluv\u010d\u00edmi zem\u011bd\u011blsk\u00fdch a jin\u00fdch lobby. A ODS rad\u011bji nech\u00e1 Mal\u00e1\u010dovou zplundrovat zem, proto\u017ee t\u00e9to stran\u011b jde p\u0159ece pouze o vlastn\u00ed intelektu\u00e1ln\u00ed obnovu, ze kter\u00e9 jist\u011b po t\u0159iceti letech vyjde pos\u00edlena. To bude prima.<\/p>\n<p>Jedin\u00e9, co lze sou\u010dasn\u00e9 vl\u00e1d\u011b (d\u00edky Babi\u0161ovi) jak\u017etak\u017e p\u0159i\u010d\u00edst k&nbsp;dobru, je zat\u00edm snad celkem odoln\u00fd odpor proti bruselsk\u00e9mu migra\u010dn\u00edmu experimentu a nejkrajn\u011bj\u0161\u00edm v\u00fdst\u0159elk\u016fm pokrok\u00e1\u0159sk\u00e9ho feminismu, genderismu a v\u016fbec cel\u00e9 t\u00e9 pohlavn\u00ed zoologick\u00e9 zahrad\u011b. Snad odoln\u00fd. Zat\u00edm odoln\u00fd\u2026<\/p>\n<p>Tak\u00e9 jsme m\u011bli sen\u00e1tn\u00ed volby. Ty byly pochopiteln\u011b nejzaj\u00edmav\u011bj\u0161\u00ed na \u017di\u017ekov\u011b, ale jinak je jejich viditeln\u00fdm v\u00fdsledkem hlavn\u011b to, \u017ee odbor\u00e1\u0159sk\u00e9ho funkcion\u00e1\u0159e \u0160t\u011bcha vyst\u0159\u00eddal Jaroslav Kubera, kter\u00fd krom\u011b nepopirateln\u00e9 pr\u00e1ce zanechan\u00e9 v&nbsp;Teplic\u00edch mluv\u00ed a mysl\u00ed jako chlap dosud nevykastrovan\u00fd kle\u0161t\u011bmi politick\u00e9 korektnosti. I kdy\u017e, jak se tak na n\u011bj \u010dlov\u011bk kouk\u00e1 v&nbsp;jeho nov\u00fdch \u0161atech, vkr\u00e1d\u00e1 se malinko pochybnost, zda n\u00e1m pod t\u00edhou pot\u0159eby b\u00fdti t\u00edm spr\u00e1vn\u00fdm reprezentantem roz\u0161afnosti nezjihne a neza\u010dne mluvit moravsk\u00fdm n\u00e1\u0159e\u010d\u00edm.<\/p>\n<p>V\u00fdm\u011bna nastala i na radnic\u00edch. Na to se leckde t\u011b\u0161ili v&nbsp;p\u0159esv\u011bd\u010den\u00ed, \u017ee u\u017e nem\u016f\u017ee b\u00fdt h\u016f\u0159. A vida, ono asi m\u016f\u017ee. T\u0159eba v&nbsp;Praze. Byty se l\u00e9ta nestav\u011bj\u00ed, infrastruktura je zablokovan\u00e1, parkovat se ned\u00e1, ka\u017ed\u00fd spr\u00e1vn\u00fd Pra\u017e\u00e1k si za volantem zanad\u00e1v\u00e1, &#8230; a pak si zvol\u00ed ultrakrajn\u00ed aktivisty, kte\u0159\u00ed to v\u0161e je\u0161t\u011b pat\u0159i\u010dn\u011b dot\u00e1hnou a\u017e do stadia zmaru.<\/p>\n<p>Ze spole\u010densk\u00fdch pohyb\u016f stoj\u00ed za \u0159e\u010d hlavn\u011b odhodlan\u00fd boj se \u0161tvav\u00fdmi vys\u00edla\u010dkami a samizdaty dne\u0161n\u00ed doby. Jinak by n\u00e1s p\u0159ece obsadila Braz\u00edlie a Indon\u00e9sie. A tak n\u00e1m budou d\u00e1l a d\u00e1l omezovat svobodu slova, svobodu spol\u010dovac\u00ed a shroma\u017e\u010fovac\u00ed. A do toho pokra\u010duje rozlept\u00e1v\u00e1n\u00ed zbytk\u016f n\u00e1rodn\u00ed existence a st\u00e1tn\u00ed samostatnosti a suverenity.<\/p>\n<p>Za\u010d\u00edn\u00e1 n\u00e1m rok dev\u00edtkov\u00fd. P\u0159inese n\u00e1m pokra\u010dov\u00e1n\u00ed rva\u010dky kolem kormidla na\u0161\u00ed lodi\u010dky, nebo kone\u010dn\u011b p\u0159evl\u00e1dne starost, jestli se lodi\u010dka u\u017e nepot\u00e1p\u00ed? \u010cekaj\u00ed n\u00e1s volby do parlamentu, co nen\u00ed parlamentem. Ale pokud mohou b\u00fdt tyhle volby \u0161anc\u00ed uk\u00e1zat, \u017ee m\u00e1me je\u0161t\u011b v\u016fli nenechat v\u011bci samovoln\u011b spl\u00fdvat do pokrok\u00e1\u0159sk\u00e9ho eurocentralistick\u00e9ho kan\u00e1lu, pak ji vyu\u017eijme. T\u0159eba to je jedna z&nbsp;posledn\u00edch.<\/p>\n<p>A na to si m\u016f\u017eeme p\u0159ip\u00edt.<\/p>\n<p><em>Ladislav Jakl, 27. prosince 2018 <a href=\"http:\/\/institutvk.cz\/clanky\/1258.html\">zdroj<\/a><\/em><\/p>\n","protected":false},"excerpt":{"rendered":"<p>Co p\u0159inesl a co odnesl osmn\u00e1ct\u00fd rok nov\u00e9ho tis\u00edcilet\u00ed? Co zm\u011bnil na \u010desk\u00e9 politick\u00e9 sc\u00e9n\u011b a v&nbsp;\u010desk\u00e9 spole\u010dnosti?<\/p>\n","protected":false},"author":1,"featured_media":0,"comment_status":"open","ping_status":"open","sticky":false,"template":"","format":"standard","meta":{"ngg_post_thumbnail":0,"footnotes":""},"categories":[1,10],"tags":[],"class_list":["post-9698","post","type-post","status-publish","format-standard","hentry","category-publikovane-clanky","category-zlehka"],"_links":{"self":[{"href":"https:\/\/www.ladislavjakl.cz\/index.php?rest_route=\/wp\/v2\/posts\/9698","targetHints":{"allow":["GET"]}}],"collection":[{"href":"https:\/\/www.ladislavjakl.cz\/index.php?rest_route=\/wp\/v2\/posts"}],"about":[{"href":"https:\/\/www.ladislavjakl.cz\/index.php?rest_route=\/wp\/v2\/types\/post"}],"author":[{"embeddable":true,"href":"https:\/\/www.ladislavjakl.cz\/index.php?rest_route=\/wp\/v2\/users\/1"}],"replies":[{"embeddable":true,"href":"https:\/\/www.ladislavjakl.cz\/index.php?rest_route=%2Fwp%2Fv2%2Fcomments&post=9698"}],"version-history":[{"count":1,"href":"https:\/\/www.ladislavjakl.cz\/index.php?rest_route=\/wp\/v2\/posts\/9698\/revisions"}],"predecessor-version":[{"id":9699,"href":"https:\/\/www.ladislavjakl.cz\/index.php?rest_route=\/wp\/v2\/posts\/9698\/revisions\/9699"}],"wp:attachment":[{"href":"https:\/\/www.ladislavjakl.cz\/index.php?rest_route=%2Fwp%2Fv2%2Fmedia&parent=9698"}],"wp:term":[{"taxonomy":"category","embeddable":true,"href":"https:\/\/www.ladislavjakl.cz\/index.php?rest_route=%2Fwp%2Fv2%2Fcategories&post=9698"},{"taxonomy":"post_tag","embeddable":true,"href":"https:\/\/www.ladislavjakl.cz\/index.php?rest_route=%2Fwp%2Fv2%2Ftags&post=9698"}],"curies":[{"name":"wp","href":"https:\/\/api.w.org\/{rel}","templated":true}]}}