{"id":9723,"date":"2019-01-04T14:16:04","date_gmt":"2019-01-04T13:16:04","guid":{"rendered":"http:\/\/www.ladislavjakl.cz\/?p=9723"},"modified":"2019-01-04T14:16:04","modified_gmt":"2019-01-04T13:16:04","slug":"jen-tak-spokojene-mlcky-civet","status":"publish","type":"post","link":"https:\/\/www.ladislavjakl.cz\/?p=9723","title":{"rendered":"Jen tak spokojen\u011b ml\u010dky civ\u011bt"},"content":{"rendered":"<p><strong><em>Guinnessova kniha rekord\u016f: Ladislav Jakl stoj\u00ed v&nbsp;\u010dele nejstar\u0161\u00ed stoln\u00ed spole\u010dnosti na sv\u011bt\u011b!&nbsp;<\/em><\/strong><strong>&nbsp;<\/strong><\/p>\n<p><strong>Je to pr\u00e1v\u011b rok, co jsme spolu na str\u00e1nk\u00e1ch MY otev\u0159eli \u201e\u010deskou hospodu\u201c. V&nbsp;prosincov\u00e9m \u010d\u00edsle jsme po kr\u00e1sn\u00fdch v\u00fdletech za pivem po na\u0161\u00ed vlasti do n\u00ed zase usedli, abychom si p\u0159ipomn\u011bli, \u017ee i spole\u010dn\u00fdm pit\u00edm zlatav\u00e9ho moku lze \u201eobrozovat\u201c n\u00e1rod. A jestli se nepletu, tak vy u\u017e ho touto cestou \u201eobrozujete\u201c tak\u00e9 u\u017e n\u011bjak\u00fd ten p\u00e1tek\u2026 Tu\u0161\u00edte, v&nbsp;kter\u00e9 \u010desk\u00e9 hospod\u011b jste byl za sv\u016fj \u017eivot nej\u010dast\u011bji?<\/strong><\/p>\n<p><!--more--><\/p>\n<p>No, nev\u00edm, jestli m\u016f\u017eu o sob\u011b tvrdit, \u017ee n\u011bkoho obrozuji. Sp\u00ed\u0161 se sna\u017e\u00edm pe\u010dovat o to, aby se lidi potk\u00e1vali, aby pro\u017e\u00edvali zaj\u00edmav\u00e9 chv\u00edle pospolu a nezal\u00e9zali jen do dom\u00e1c\u00ed izolace. Kdy\u017e m\u011b n\u011bkdo n\u011bkam pozve, sna\u017e\u00edm se nehledat hloup\u00e9 v\u00fdmluvy a pokud mo\u017eno p\u0159ij\u00edt. A k&nbsp;tomu ka\u017edou chv\u00edli n\u011bco pro druh\u00e9 po\u0159\u00e1d\u00e1m s\u00e1m, aby se lidi po \u010dase vid\u011bli, popov\u00eddali si o sv\u011bt\u011b a t\u0159eba i n\u011bco spole\u010dn\u00e9ho napl\u00e1novali.<\/p>\n<p>A hodn\u011b z&nbsp;toho v\u0161echno prob\u00edh\u00e1 pochopiteln\u011b v&nbsp;hospod\u00e1ch, jsme p\u0159eci v&nbsp;\u010cesku. Poch\u00e1z\u00edm z&nbsp;Chebu, tam jsem chod\u00edval do Hradn\u00edho dvora (u\u017e neexistuje) a Na rychtu (u\u017e neexistuje). Ode\u0161el jsem do Prahy v&nbsp;roce 1979, ale po cel\u00fdch t\u011bch 40 let jezd\u00edm na ten sv\u016fj \u201eZ\u00e1pad\u201c v\u017edy p\u0159esn\u011b \u010dty\u0159ikr\u00e1t do roka a v\u017edy se sna\u017e\u00edm n\u011bjak se napojit na m\u00edstn\u00ed \u017eivot, i kdy\u017e u\u017e je hodn\u011b v\u011bc\u00ed \u00fapln\u011b jinde.<\/p>\n<p>Po p\u0159\u00edchodu do Prahy jsem m\u011bl sv\u00e1 kultovn\u00ed m\u00edsta hlavn\u011b ve slavn\u00e9 pivnici U Malvaze (u\u017e neexistuje) a V&nbsp;koutku (u\u017e neexistuje). Ale u\u017e dlouho je m\u00fdm pevn\u00fdm bodem ve vesm\u00edru pivn\u00ed bar Magister Kelley v Rejskov\u011b ulici. A jestli tu\u0161\u00edm, ve kter\u00e9 hospod\u011b jsem byl nej\u010dast\u011bji, mohu sm\u011ble odpov\u011bd\u011bt, \u017ee nejen tu\u0161\u00edm, ale p\u0159esn\u011b v\u00edm. Ned\u00e1vno jsem toti\u017e s&nbsp;p\u0159\u00e1teli oslavil 30 let, co sem chod\u00edm ka\u017ed\u00fd \u010dtvrtek. A nejen to. V&nbsp;roce 1991 jsem propadl pon\u011bkud po\u0161etil\u00e9 v\u00e1\u0161ni: od t\u00e9 doby si co \u010dtvrtek eviduji \u00fa\u010dast u sv\u00e9ho stolu. A je to u\u017e docela dost let, kdy se d\u00edky tomu m\u00e9 \u010dtvrtky ofici\u00e1ln\u011b dostaly do Guinnessovy knihy rekord\u016f jako nejstar\u0161\u00ed stoln\u00ed spole\u010dnost s&nbsp;dolo\u017eitelnou nep\u0159etr\u017eit\u011b evidovanou \u00fa\u010dast\u00ed na sv\u011bt\u011b. A proto\u017ee vlastn\u011b t\u00e9m\u011b\u0159 nikdy nechyb\u00edm, mohu na tu va\u0161i ot\u00e1zku odpov\u011bd\u011bt dost jist\u011b. A k&nbsp;tomu bylo hodn\u011b n\u00e1v\u0161t\u011bv p\u0159ed touto evidenc\u00ed a tak\u00e9 mimo \u010dtvrtky.&nbsp; Budou to tak dva tis\u00edce ve\u010der\u016f.<\/p>\n<p><strong>J\u00e1 \u017easnu &#8211; nejstar\u0161\u00ed stoln\u00ed spole\u010dnost na sv\u011bt\u011b?! A to se tam sch\u00e1z\u00edte po\u0159\u00e1d se stejnou partou?<\/strong><\/p>\n<p>No to je pr\u00e1v\u011b na tomhle \u010dtvrtku to hlavn\u00ed: v\u016fbec to nen\u00ed \u201estejn\u00e1 parta\u201c. Kouzlo je v&nbsp;tom, \u017ee na rozd\u00edl od jin\u00fdch spole\u010dnost\u00ed, kter\u00e9 se obvykle zformovaly jinde a pak se teprve dohodly, \u017ee budou spole\u010dn\u011b chodit pravideln\u011b n\u011bkam do hospody, na\u0161e \u010dtvrtky vznikly \u00fapln\u011b jinak. Prost\u011b jsem se jednoho dne rozhodl, \u017ee tam budu ka\u017ed\u00fd \u010dtvrtek chodit s\u00e1m, nikdy nevynech\u00e1m a poskytnu v\u0161em jistotu, \u017ee m\u011b tam najdou.&nbsp; A budu to \u0159\u00edkat lidem, kter\u00e9 budu potk\u00e1vat a kter\u00e9 bych r\u00e1d vid\u011bl. A jak jsem \u0161el \u017eivotem, v\u017edy jsem to \u0159ekl n\u011bkomu jin\u00e9mu. A kdo cht\u011bl, ten p\u0159i\u0161el. A v\u017edy m\u011b tam na\u0161el. A kdo cht\u011bl, p\u0159i\u0161el opakovan\u011b. N\u011bkdo p\u0159ijde jednou za rok, n\u011bkdo p\u00e1r let chod\u00ed ka\u017ed\u00fd \u010dtvrtek a pak se deset let neobjev\u00ed. Ale hlavn\u011b se v\u011bt\u0161ina lid\u00ed pozn\u00e1 a\u017e tam na m\u00edst\u011b. Je to otev\u0159en\u00e1 spole\u010dnost, kde je v\u00edt\u00e1n ka\u017ed\u00fd, koho pozve kdokoli z&nbsp;\u00fa\u010dastn\u00edk\u016f. A ka\u017ed\u00fd p\u0159inese svou odli\u0161nou zku\u0161enost, pro\u017eitky a vid\u011bn\u00ed sv\u011bta. Jasn\u011b \u017ee v&nbsp;ka\u017ed\u00e9m obdob\u00ed vykrystalizuje j\u00e1dro lid\u00ed, kte\u0159\u00ed chod\u00ed nej\u010dast\u011bji. Ale t\u0159eba za p\u011bt \u010di deset let se to j\u00e1dro pomalu \u00fapln\u011b prom\u011bn\u00ed.<\/p>\n<p><strong>M\u00e1te si v\u016fbec je\u0161t\u011b o \u010dem pov\u00eddat, kdy\u017e se v\u00edd\u00e1te ka\u017ed\u00fd \u010dtvrtek?<\/strong><\/p>\n<p>No jist\u011b\u017ee. V\u017edy\u0165 nen\u00ed povinn\u00e9 po\u0159\u00e1d n\u011bco \u0159e\u0161it. Kdysi mezi nejvd\u011b\u010dn\u011bj\u0161\u00ed t\u00e9mata pat\u0159ily \u017eeny, pivo, muzika, sport. Dnes si p\u0159\u00e1tel\u00e9 sp\u00ed\u0161 ukazuj\u00ed fotky vnou\u010dat a vym\u011b\u0148uj\u00ed si sv\u00e9 kucha\u0159sk\u00e9 n\u00e1pady. Ale v\u016fbec nejosv\u011bd\u010den\u011bj\u0161\u00edm t\u00e9matem je v&nbsp;na\u0161em v\u011bku zdrav\u00ed. To n\u011bkdo u stolu prav\u00ed: dnes r\u00e1no m\u011b zas vzaly z\u00e1da\u2026 a u\u017e to jede. Ten si post\u011b\u017euje na tuhle bol\u00edstku, ten na jinou. Mysl\u00edm, \u017ee takhle to maj\u00ed skoro u ka\u017ed\u00e9ho stolu ve skoro ka\u017ed\u00e9 hospod\u011b u n\u00e1s.<\/p>\n<p><strong>Tak\u017ee politika je u Kelleyho tabu?<\/strong><\/p>\n<p>Ve spr\u00e1vn\u00e9 hospod\u011b nen\u00ed tabu nic. Ale setkal jsem se s&nbsp;m\u00fdtem, \u017ee se u Kelleyho sch\u00e1zej\u00ed n\u011bjac\u00ed politici \u010di novin\u00e1\u0159i a n\u011bco tam spolu pl\u00e1nuj\u00ed, \u0159e\u0161\u00ed \u010di kuj\u00ed pikle. Tak to nikdy nebylo. Chod\u00ed tam norm\u00e1ln\u00ed lid\u00e9 jako do ka\u017ed\u00e9 jin\u00e9 hospody. Jasn\u011b \u017ee ob\u010das padne slovo i o tom, co se d\u011bje kolem n\u00e1s, co koho upoutalo v&nbsp;novin\u00e1ch nebo v&nbsp;televizi. Jako v&nbsp;ka\u017ed\u00e9 hospod\u011b. M\u00e1m-li mluvit s\u00e1m za sebe, pak m\u011b politick\u00e1 t\u00e9mata v&nbsp;hospod\u011b sp\u00ed\u0161 unavuj\u00ed. A moc legrace kolem nich neb\u00fdv\u00e1. Ale jist\u011b\u017ee p\u0159ijde n\u011bkdy \u0159e\u010d na to, jak se sv\u011bt m\u011bn\u00ed a jestli je to v\u017edy dob\u0159e. Profesn\u011b, vzd\u011bl\u00e1n\u00edm i v\u011bkov\u011b to tam b\u00fdv\u00e1 velmi pestr\u00e9, pestr\u00e1 jsou tedy i t\u00e9mata a postoje. Ze v\u0161eho je ale nejd\u016fle\u017eit\u011bj\u0161\u00ed, \u017ee se \u010dlov\u011bk vid\u00ed s&nbsp;mil\u00fdmi lidmi, proto\u017ee nic cenn\u011bj\u0161\u00edho v&nbsp;\u017eivot\u011b nem\u00e1me. Lid\u00e9 kolem ka\u017ed\u00e9ho z&nbsp;n\u00e1s se n\u011bkdy ztr\u00e1cej\u00ed \u010di vytr\u00e1cej\u00ed. To zn\u00e1 ka\u017ed\u00fd. A s&nbsp;ka\u017ed\u00fdm takov\u00fdm vytracen\u00edm \u017eivot zchudne. Proto si je t\u0159eba v\u00e1\u017eit ka\u017ed\u00e9 chv\u00edle v&nbsp;dobr\u00e9 spole\u010dnosti.<\/p>\n<p><strong>A pro\u010d jste si pro tento \u00fa\u010del zvolil pr\u00e1v\u011b tuto hospodu?<\/strong><\/p>\n<p>Tu hospodu jsem znal je\u0161t\u011b d\u0159\u00edv, ne\u017e jsem p\u0159i\u0161el do Prahy. Jezdil jsem na Pra\u017esk\u00e9 jazzov\u00e9 dny, jejich\u017e n\u011bkter\u00e9 koncerty se odehr\u00e1valy naproti v&nbsp;hale na Folimance. Po p\u0159\u00edchodu do Prahy na studia jsem do n\u00ed ob\u010das za\u0161el, oslavil v&nbsp;n\u00ed t\u0159eba sv\u00e9 p\u011btadvacetiny, dvakr\u00e1t jsem pak dokonce velmi bl\u00edzko n\u00ed bydlel. A\u017e pak v&nbsp;tom roce 1988 jsem ale z\u00edskal pocit, \u017ee m\u00e9 vazby z&nbsp;ml\u00e1d\u00ed se hodn\u011b p\u0159etrhaly. P\u0159em\u00fd\u0161lel jsem, jak je nav\u00e1zat, a abych usnadnil p\u0159\u00e1tel\u016fm se vz\u00e1jemn\u011b znovu naj\u00edt, ur\u010dil jsem to m\u00edsto a pevn\u00fd den v&nbsp;t\u00fddnu. Vlastn\u011b jsem si p\u016fvodn\u011b myslel, \u017ee sem p\u0159est\u011bhuji sv\u00e9 r\u016fzn\u00e9 poztr\u00e1cen\u00e9 party ze starom\u011bstsk\u00fdch hospod. To se ale nakonec nikdy nestalo a tak n\u011bjak samovoln\u011b vzniklo \u00fapln\u011b n\u011bco jin\u00e9ho. A j\u00e1 to po t\u011bch letech pova\u017euju za velikou hodnotu. Tak pro\u010d si ji kazit politikou, \u017ee\u2026<\/p>\n<p><strong>Nyn\u00ed ch\u00e1pu, pro\u010d m\u00e1te k&nbsp;t\u00e9to pra\u017esk\u00e9 hospod\u011b tak nitern\u00fd vztah \u2013 \u017ee to nen\u00ed jen o dobr\u00e9m pivu \u010di dob\u0159e ule\u017eel\u00fdch utopenc\u00edch. Sm\u00edm se zeptat, kolik lid\u00ed v\u00e1s u\u017e u Kelleyho nav\u0161t\u00edvilo? <\/strong><\/p>\n<p>Sm\u00edte a j\u00e1 r\u00e1d odpov\u00edm. Od doby, kdy \u00fa\u010dast eviduji, to u\u017e bylo dohromady 1200 lid\u00ed, kte\u0159\u00ed p\u0159i\u0161li aspo\u0148 jednou. V\u00edc ne\u017e t\u0159icetkr\u00e1t jich p\u0159i\u0161lo sto. Kolik tam vzniklo (a mo\u017en\u00e1 i zaniklo) vztah\u016f, to u\u017e v\u00e1m nepov\u00edm. Ani to, kolik tam bylo vymy\u0161leno zaj\u00edmav\u00fdch akc\u00ed \u010di n\u00e1pad\u016f.<\/p>\n<p>Hospodu d\u011blaj\u00ed lid\u00e9. Ale ono je to i naopak. Hospoda utv\u00e1\u0159\u00ed lidi a vztahy. J\u00e1 jsem si lidi, kte\u0159\u00ed se tam sejdou, nevybral. Nemohu ovlivnit, kdo tam zrovna p\u0159ijde, kdo p\u0159ijde \u010dast\u011bji a kdo t\u0159eba chodit p\u0159estane. To je jen a jen na ka\u017ed\u00e9m z&nbsp;nich. Maj\u00ed svou vlastn\u00ed motivaci. Proto je p\u0159\u00e1telstv\u00ed se v\u0161emi opravdov\u00e9, nikdo ho nemodeloval, nen\u00ed utvo\u0159eno kolem pracovi\u0161t\u011b nebo sportovn\u00edho klubu, nikdo si nebyl \u201esouzen\u201c jin\u00fdmi okolnostmi a pak si na n\u011bj zvykl. Tady se ka\u017ed\u00fd mohl rozhodnout a ka\u017ed\u00fd se i co \u010dtvrtek rozhoduje. Pokud je tou \u010dtvrte\u010dn\u00ed volbou Magister Kelley, ka\u017ed\u00fd v\u00ed, pro\u010d a za \u010d\u00edm p\u0159i\u0161el. Za lidmi. Za p\u0159\u00e1telstv\u00edm. Za legrac\u00ed i za pocitem vz\u00e1jemnosti. V\u00edm, \u017ee jsou to patetick\u00e1 slova, kter\u00e1 se do hospody nehod\u00ed a u stolu by m\u011b za n\u011b nejsp\u00ed\u0161 vzal n\u011bkdo p\u016fllitrem. Ale abych to popsal n\u011bkomu, kdo to neza\u017eil, jin\u00e1 slova m\u011b nenapadaj\u00ed.<\/p>\n<p><strong>A co by se stalo, kdyby se n\u011bkter\u00fd ten \u010dtvrtek vydal ke Kelleymu potuln\u00fd a zv\u011bdav\u00fd \u010dten\u00e1\u0159 MY, kter\u00fd by v\u00e1s cht\u011bl pozdravit?<\/strong><\/p>\n<p>To se st\u00e1v\u00e1 \u010dasto, \u017ee tam zabloud\u00ed \u010dlov\u011bk mimo jak\u00e9koli okruhy zn\u00e1m\u00fdch. A neb\u00fdv\u00e1 s&nbsp;t\u00edm \u017e\u00e1dn\u00fd probl\u00e9m. Ani lid\u00e9, kte\u0159\u00ed chod\u00ed docela \u010dasto, se navz\u00e1jem v\u0161ichni neznaj\u00ed, mohou se m\u00edjet i l\u00e9ta, je norm\u00e1ln\u00ed tam sed\u011bt vedle nezn\u00e1m\u00e9ho \u010dlov\u011bka. Ale dodal bych dv\u011b mal\u00e9 podm\u00ednky. Zklam\u00e1ni b\u00fdvaj\u00ed jednak ti, kdo za ka\u017edou cenu cht\u011bj\u00ed komunikovat pouze se mnou a ostatn\u00ed n\u00e1v\u0161t\u011bvn\u00edci je nezaj\u00edmaj\u00ed. J\u00e1 se nemohu nikomu exkluzivn\u011b v\u011bnovat, pozornost pat\u0159\u00ed v\u0161em.&nbsp; Nov\u00fd p\u0159\u00edchoz\u00ed mus\u00ed m\u00edt ochotu komunikovat s&nbsp;k\u00fdmkoli. A zadruh\u00e9: zklam\u00e1ni b\u00fdvaj\u00ed i ti, co si p\u0159inesou jedin\u00e9 t\u00e9ma a jen o n\u011bm si cht\u011bj\u00ed pov\u00eddat. T\u00edm ale brzy ostatn\u00ed unav\u00ed. Ka\u017ed\u00fd mus\u00ed m\u00edt ochotu pov\u00eddat si o \u010demkoli, co zaj\u00edm\u00e1 ostatn\u00ed. &nbsp;A dod\u00e1m je\u0161t\u011b jednu v\u011bc: l\u00e1ska k&nbsp;pivu nen\u00ed podm\u00ednkou. Mezi \u010dast\u00e9 \u010dtvrte\u010dn\u00edky pat\u0159\u00ed i t\u0159i absolutn\u00ed abstinenti a tak\u00e9 n\u011bkolik dal\u0161\u00edch, kte\u0159\u00ed pivo v\u016fbec nepij\u00ed a preferuj\u00ed jin\u00e9 alkoholy. A je\u0161t\u011b: nejde o \u017e\u00e1dn\u00fd debatn\u00ed klub. N\u011bkdy nen\u00ed nad to, ne\u017e si spokojen\u011b ml\u010dky civ\u011bt a vychutn\u00e1vat atmosf\u00e9ru okam\u017eiku.<\/p>\n<p><strong>Tak\u017ee v\u0161ichni te\u010f hur\u00e1 do hospody?<\/strong><\/p>\n<p>Nemysl\u00edm, \u017ee mus\u00ed ka\u017ed\u00fd nutn\u011b pravideln\u011b chodit zrovna do hospody. Ani nemysl\u00edm, \u017ee mus\u00ed p\u011bstovat sv\u00e9 ka\u017edot\u00fddenn\u00ed ritu\u00e1ly. Ale jsem si jist, \u017ee snad v\u00edc ne\u017e kdy jindy je dnes t\u0159eba m\u00edt sv\u00e9 pevn\u00e9 opory v&nbsp;kalend\u00e1\u0159i, cokoli, o \u010dem v\u011bd\u00ed lid\u00e9 kolem n\u00e1s a co jim d\u00e1v\u00e1 jistotu, \u017ee na n\u011bkter\u00e9 v\u011bci je spolehnut\u00ed a \u017ee n\u011bkter\u00e9 v\u011bci p\u0159etrv\u00e1vaj\u00ed a lze se k nim vracet.<\/p>\n<p>&nbsp;<\/p>\n<p><em>Rozhovor pro \u010dasopis My, leden 2019, ptal se Michal Sem\u00edn<\/em><\/p>\n","protected":false},"excerpt":{"rendered":"<p>Guinnessova kniha rekord\u016f: Ladislav Jakl stoj\u00ed v&nbsp;\u010dele nejstar\u0161\u00ed stoln\u00ed spole\u010dnosti na sv\u011bt\u011b!&nbsp;&nbsp; Je to pr\u00e1v\u011b rok, co jsme spolu na str\u00e1nk\u00e1ch MY otev\u0159eli \u201e\u010deskou hospodu\u201c. V&nbsp;prosincov\u00e9m \u010d\u00edsle jsme po kr\u00e1sn\u00fdch v\u00fdletech za pivem po na\u0161\u00ed vlasti do n\u00ed zase usedli, abychom si p\u0159ipomn\u011bli, \u017ee i spole\u010dn\u00fdm pit\u00edm zlatav\u00e9ho moku lze \u201eobrozovat\u201c n\u00e1rod. A jestli se [&hellip;]<\/p>\n","protected":false},"author":1,"featured_media":0,"comment_status":"open","ping_status":"open","sticky":false,"template":"","format":"standard","meta":{"ngg_post_thumbnail":0,"footnotes":""},"categories":[13],"tags":[],"class_list":["post-9723","post","type-post","status-publish","format-standard","hentry","category-rozhovory"],"_links":{"self":[{"href":"https:\/\/www.ladislavjakl.cz\/index.php?rest_route=\/wp\/v2\/posts\/9723","targetHints":{"allow":["GET"]}}],"collection":[{"href":"https:\/\/www.ladislavjakl.cz\/index.php?rest_route=\/wp\/v2\/posts"}],"about":[{"href":"https:\/\/www.ladislavjakl.cz\/index.php?rest_route=\/wp\/v2\/types\/post"}],"author":[{"embeddable":true,"href":"https:\/\/www.ladislavjakl.cz\/index.php?rest_route=\/wp\/v2\/users\/1"}],"replies":[{"embeddable":true,"href":"https:\/\/www.ladislavjakl.cz\/index.php?rest_route=%2Fwp%2Fv2%2Fcomments&post=9723"}],"version-history":[{"count":1,"href":"https:\/\/www.ladislavjakl.cz\/index.php?rest_route=\/wp\/v2\/posts\/9723\/revisions"}],"predecessor-version":[{"id":9724,"href":"https:\/\/www.ladislavjakl.cz\/index.php?rest_route=\/wp\/v2\/posts\/9723\/revisions\/9724"}],"wp:attachment":[{"href":"https:\/\/www.ladislavjakl.cz\/index.php?rest_route=%2Fwp%2Fv2%2Fmedia&parent=9723"}],"wp:term":[{"taxonomy":"category","embeddable":true,"href":"https:\/\/www.ladislavjakl.cz\/index.php?rest_route=%2Fwp%2Fv2%2Fcategories&post=9723"},{"taxonomy":"post_tag","embeddable":true,"href":"https:\/\/www.ladislavjakl.cz\/index.php?rest_route=%2Fwp%2Fv2%2Ftags&post=9723"}],"curies":[{"name":"wp","href":"https:\/\/api.w.org\/{rel}","templated":true}]}}