{"id":973,"date":"2011-04-21T10:48:27","date_gmt":"2011-04-21T09:48:27","guid":{"rendered":"http:\/\/www.ladislavjakl.cz\/?p=973"},"modified":"2011-04-21T10:48:27","modified_gmt":"2011-04-21T09:48:27","slug":"jakl-pokud-tato-vlada-padne-mel-by-dostat-sanci-nekdo-jiny","status":"publish","type":"post","link":"https:\/\/www.ladislavjakl.cz\/?p=973","title":{"rendered":"Jakl: Pokud tato vl\u00e1da padne, m\u011bl by dostat \u0161anci n\u011bkdo jin\u00fd"},"content":{"rendered":"<p>ON-LINE Tajemn\u00edk prezidenta V\u00e1clava Klause a \u0159editel politick\u00e9ho odboru Hradu odpov\u00eddal na va\u0161e dotazy.<\/p>\n<p><!--more--><\/p>\n<p>Prezident V\u00e1clav Klaus se rozhodl, \u017ee bude v sou\u010dasn\u00e9 vl\u00e1dn\u00ed krizi  hr\u00e1t jednu z hlavn\u00edch rol\u00ed. Mnoz\u00ed politici a odborn\u00edci mu to vy\u010d\u00edtaj\u00ed,  mnoz\u00ed politici se toho d\u011bs\u00ed. Pohled prezidenta Klause na politick\u00e9 d\u011bn\u00ed zprost\u0159edkov\u00e1v\u00e1 jeho  tajemn\u00edk Ladislav Jakl u\u017e jeden\u00e1ct let. Nazna\u010duje n\u00e1zory i chystan\u00e9  kroky hlavy st\u00e1tu a \u010dasto dovysv\u011btluje jeho v\u00fdroky. &#8222;V\u00edte, \u017ee pan prezident byl osm dn\u016f v Ji\u017en\u00ed Americe, kam s velmi  slabou intenzitou do\u0161plouchaly \u0161k\u00e1rkoviny a b\u00e1rtoviny. Kdy\u017e se vr\u00e1til,  tak tady to vypad\u00e1 na politickou a vl\u00e1dn\u00ed krizi,&#8220; poznamenal p\u0159ed  n\u011bkolika dny v den\u00edku Pr\u00e1vo.<\/p>\n<p>Od za\u010d\u00e1tku sou\u010dasn\u00e9 vl\u00e1dn\u00ed krize je proto Jakl nejvyhled\u00e1van\u011bj\u0161\u00ed  spojkou mezi novin\u00e1\u0159i a prezidentem. Pr\u00e1v\u011b on nazna\u010dil je\u0161t\u011b p\u0159ed  pond\u011bln\u00edm p\u0159ijet\u00edm premi\u00e9ra Petra Ne\u010dase na Hrad\u011b, \u017ee V\u00e1clav Klaus  avizovanou demisi ministra dopravy a n\u00e1vrhy na odvol\u00e1n\u00ed ministr\u016f vnitra a  \u0161kolstv\u00ed nep\u0159ijme.<\/p>\n<p><em><strong>Jak vid\u00ed vl\u00e1dn\u00ed krizi prezident\u016fv tajemn\u00edk, a jak samotn\u00fd  prezident? Li\u0161\u00ed se jejich n\u00e1zory? Znaj\u00ed v\u0161echny varianty, kter\u00e9 si  trojkoalice odnesla ze \u010dtvrte\u010dn\u00edho jedn\u00e1n\u00ed v Kram\u00e1\u0159ov\u011b vile? Jak\u00e9 d\u00e1vaj\u00ed  p\u0159ednost? Je v\u016fbec je\u0161t\u011b mo\u017en\u00e9 spole\u010dn\u00e9 vl\u00e1dnut\u00ed ODS, TOP 09 a V\u011bc\u00ed  ve\u0159ejn\u00fdch zachr\u00e1nit? A za jakou cenu? <\/strong><\/em><\/p>\n<p><em><strong>Ot\u00e1zky a odpov\u011bdi jsou <a href=\"http:\/\/domaci.ihned.cz\/c1-51565980-jakl-pokud-tato-vlada-padne-mel-by-dostat-sanci-nekdo-jiny\" target=\"_blank\">ZDE<\/a><br \/>\n<\/strong><\/em><\/p>\n","protected":false},"excerpt":{"rendered":"<p>ON-LINE Tajemn\u00edk prezidenta V\u00e1clava Klause a \u0159editel politick\u00e9ho odboru Hradu odpov\u00eddal na va\u0161e dotazy.<\/p>\n","protected":false},"author":1,"featured_media":0,"comment_status":"open","ping_status":"open","sticky":false,"template":"","format":"standard","meta":{"ngg_post_thumbnail":0,"footnotes":""},"categories":[13],"tags":[],"class_list":["post-973","post","type-post","status-publish","format-standard","hentry","category-rozhovory"],"_links":{"self":[{"href":"https:\/\/www.ladislavjakl.cz\/index.php?rest_route=\/wp\/v2\/posts\/973","targetHints":{"allow":["GET"]}}],"collection":[{"href":"https:\/\/www.ladislavjakl.cz\/index.php?rest_route=\/wp\/v2\/posts"}],"about":[{"href":"https:\/\/www.ladislavjakl.cz\/index.php?rest_route=\/wp\/v2\/types\/post"}],"author":[{"embeddable":true,"href":"https:\/\/www.ladislavjakl.cz\/index.php?rest_route=\/wp\/v2\/users\/1"}],"replies":[{"embeddable":true,"href":"https:\/\/www.ladislavjakl.cz\/index.php?rest_route=%2Fwp%2Fv2%2Fcomments&post=973"}],"version-history":[{"count":1,"href":"https:\/\/www.ladislavjakl.cz\/index.php?rest_route=\/wp\/v2\/posts\/973\/revisions"}],"predecessor-version":[{"id":974,"href":"https:\/\/www.ladislavjakl.cz\/index.php?rest_route=\/wp\/v2\/posts\/973\/revisions\/974"}],"wp:attachment":[{"href":"https:\/\/www.ladislavjakl.cz\/index.php?rest_route=%2Fwp%2Fv2%2Fmedia&parent=973"}],"wp:term":[{"taxonomy":"category","embeddable":true,"href":"https:\/\/www.ladislavjakl.cz\/index.php?rest_route=%2Fwp%2Fv2%2Fcategories&post=973"},{"taxonomy":"post_tag","embeddable":true,"href":"https:\/\/www.ladislavjakl.cz\/index.php?rest_route=%2Fwp%2Fv2%2Ftags&post=973"}],"curies":[{"name":"wp","href":"https:\/\/api.w.org\/{rel}","templated":true}]}}