{"id":975,"date":"2011-04-21T10:50:14","date_gmt":"2011-04-21T09:50:14","guid":{"rendered":"http:\/\/www.ladislavjakl.cz\/?p=975"},"modified":"2011-04-21T10:50:14","modified_gmt":"2011-04-21T09:50:14","slug":"l-j-v-otazkach-vaclava-moravce-na-tema-vladni-krize","status":"publish","type":"post","link":"https:\/\/www.ladislavjakl.cz\/?p=975","title":{"rendered":"L. J. v Ot\u00e1zk\u00e1ch V\u00e1clava Moravce na t\u00e9ma vl\u00e1dn\u00ed krize"},"content":{"rendered":"<div>\n<p id=\"noticka\">Je sou\u010dasn\u00e1 politick\u00e1 reprezentace  je\u0161t\u011b v\u016fbec schopna z\u00edskat ztracenou d\u016fv\u011bru ob\u010dan\u016f? Z\u00e1sadn\u00ed ot\u00e1zka pro  M.\u00a0Ha\u0161ka (\u010cSSD), M.\u00a0N\u011bmcovou (ODS), K.\u00a0Schwarzenberga (TOP09), V.\u00a0Filipa  (KS\u010cM) a\u00a0K.\u00a0Peake (VV).<\/p>\n<p><!--more--><\/div>\n<div>\n<p id=\"popis\"><strong>\u010cT1 a \u010cT24, 12.00 \u2013 13.00<\/strong><\/p>\n<p>Hlavn\u00ed host\u00e9 1. \u010d\u00e1sti po\u0159adu: Michal HA\u0160EK \/\u010cSSD\/, 1. m\u00edstop\u0159edseda  strany, hejtman Jihomoravsk\u00e9ho kraje; Miroslava N\u011aMCOV\u00c1 \/ODS\/, 1.  m\u00edstop\u0159edsedkyn\u011b strany, p\u0159edsedkyn\u011b PS; Karel SCHWARZENBERG \/TOP09\/,  p\u0159edseda strany, ministr zahrani\u010dn\u00edch v\u011bc\u00ed; Vojt\u011bch FILIP \/KS\u010cM\/,  p\u0159edseda strany; Karol\u00edna PEAKE \/VV\/, m\u00edstop\u0159edsedkyn\u011b strany,  p\u0159edsedkyn\u011b poslaneck\u00e9ho klubu;<\/p>\n<p>Hlavn\u00ed t\u00e9mata: \u0159e\u0161en\u00ed situace ve vl\u00e1dn\u00ed koalici; p\u016fsoben\u00ed prezidenta v  dob\u011b vl\u00e1dn\u00ed krize; osud reforem; ned\u016fv\u011bra ob\u010dan\u016f v politiku, politick\u00e1  kultura; politika a marketing, marketing a politika; pror\u016fst\u00e1n\u00ed byznysu a  politiky; odposlouch\u00e1v\u00e1n\u00ed, vyd\u00edr\u00e1n\u00ed, podpl\u00e1cen\u00ed &#8211; b\u011b\u017en\u00e9 &#8222;politick\u00e9&#8220;  metody?<\/p>\n<p><strong>\u010cT24, 13:05 \u2013 14:00<\/strong><\/p>\n<p>Pokra\u010dov\u00e1n\u00ed debaty z 1. hodiny po\u0159adu<\/p>\n<p>Hlavn\u00ed host\u00e9 dal\u0161\u00ed \u010d\u00e1sti po\u0159adu: Ivan LANGER \/ODS\/, exministr vnitra; Franti\u0161ek BUBLAN \/\u010cSSD\/, exministr vnitra<\/p>\n<p>Hlavn\u00ed t\u00e9mata: boj o vnitro; pro\u010d je vnitro rozhoduj\u00edc\u00edm bodem existence  vl\u00e1dy; politizace pr\u00e1ce policie a dal\u0161\u00edch org\u00e1n\u016f \u010dinn\u00fdch v trestn\u00edm  \u0159\u00edzen\u00ed, p\u0159\u00edpadn\u011b tajn\u00fdch slu\u017eeb; nestran\u00edk ministrem vnitra?; petice  policist\u016f za odvol\u00e1n\u00ed R. Johna<\/p>\n<p><a href=\"http:\/\/www.ceskatelevize.cz\/porady\/1126672097-otazky-vaclava-moravce\/211411030500417\/\" target=\"_blank\">P\u0159ehr\u00e1t video<\/a><\/div>\n<p><em>(vstup za\u010d\u00edn\u00e1 od 42. minuty z\u00e1znamu)<\/em><\/p>\n","protected":false},"excerpt":{"rendered":"<p>Je sou\u010dasn\u00e1 politick\u00e1 reprezentace je\u0161t\u011b v\u016fbec schopna z\u00edskat ztracenou d\u016fv\u011bru ob\u010dan\u016f? Z\u00e1sadn\u00ed ot\u00e1zka pro M.\u00a0Ha\u0161ka (\u010cSSD), M.\u00a0N\u011bmcovou (ODS), K.\u00a0Schwarzenberga (TOP09), V.\u00a0Filipa (KS\u010cM) a\u00a0K.\u00a0Peake (VV).<\/p>\n","protected":false},"author":1,"featured_media":0,"comment_status":"open","ping_status":"open","sticky":false,"template":"","format":"standard","meta":{"ngg_post_thumbnail":0,"footnotes":""},"categories":[13],"tags":[],"class_list":["post-975","post","type-post","status-publish","format-standard","hentry","category-rozhovory"],"_links":{"self":[{"href":"https:\/\/www.ladislavjakl.cz\/index.php?rest_route=\/wp\/v2\/posts\/975","targetHints":{"allow":["GET"]}}],"collection":[{"href":"https:\/\/www.ladislavjakl.cz\/index.php?rest_route=\/wp\/v2\/posts"}],"about":[{"href":"https:\/\/www.ladislavjakl.cz\/index.php?rest_route=\/wp\/v2\/types\/post"}],"author":[{"embeddable":true,"href":"https:\/\/www.ladislavjakl.cz\/index.php?rest_route=\/wp\/v2\/users\/1"}],"replies":[{"embeddable":true,"href":"https:\/\/www.ladislavjakl.cz\/index.php?rest_route=%2Fwp%2Fv2%2Fcomments&post=975"}],"version-history":[{"count":1,"href":"https:\/\/www.ladislavjakl.cz\/index.php?rest_route=\/wp\/v2\/posts\/975\/revisions"}],"predecessor-version":[{"id":976,"href":"https:\/\/www.ladislavjakl.cz\/index.php?rest_route=\/wp\/v2\/posts\/975\/revisions\/976"}],"wp:attachment":[{"href":"https:\/\/www.ladislavjakl.cz\/index.php?rest_route=%2Fwp%2Fv2%2Fmedia&parent=975"}],"wp:term":[{"taxonomy":"category","embeddable":true,"href":"https:\/\/www.ladislavjakl.cz\/index.php?rest_route=%2Fwp%2Fv2%2Fcategories&post=975"},{"taxonomy":"post_tag","embeddable":true,"href":"https:\/\/www.ladislavjakl.cz\/index.php?rest_route=%2Fwp%2Fv2%2Ftags&post=975"}],"curies":[{"name":"wp","href":"https:\/\/api.w.org\/{rel}","templated":true}]}}