{"id":978,"date":"2011-04-22T12:14:22","date_gmt":"2011-04-22T11:14:22","guid":{"rendered":"http:\/\/www.ladislavjakl.cz\/?p=978"},"modified":"2011-04-22T12:14:22","modified_gmt":"2011-04-22T11:14:22","slug":"prepis-vystoupeni-l-j-v-ceske-televizi-na-tema-vladni-krize","status":"publish","type":"post","link":"https:\/\/www.ladislavjakl.cz\/?p=978","title":{"rendered":"P\u0159epis vystoupen\u00ed L. J. v \u010cesk\u00e9 televizi na t\u00e9ma vl\u00e1dn\u00ed krize"},"content":{"rendered":"<p>17. dubna 2011 \u010cT 1 &#8211; 12:00 Ot\u00e1zky V\u00e1clava Moravce\u00a0 3. Hybatel, nebo svorn\u00edk? Klausova ne\u00fastupnost<br \/>\n<!--more--><br \/>\nV\u00e1clav MORAVEC, moder\u00e1tor<br \/>\n&#8212;&#8212;&#8212;&#8212;&#8212;&#8212;&#8211;<br \/>\nKdo m\u00e1 v \u010desk\u00e9 politice posledn\u00ed slovo? Prezident. V\u00e1clav Klaus dal na za\u010d\u00e1tku t\u00fddne jasn\u011b najevo, \u017ee pravidla v sou\u010dasn\u00e9 krizi si bude ur\u010dovat on s\u00e1m. I kdy\u017e \u010del\u00ed ve\u0159ejn\u00e9 kritice, \u017ee jde\u00a0 za r\u00e1mec \u00fastavy. Premi\u00e9r Petr Ne\u010das odnesl na za\u010d\u00e1tku t\u00fddne na Pra\u017esk\u00fd hrad n\u00e1vrh na odvol\u00e1n\u00ed ministra vnitra Radka Johna, ministra \u0161kolstv\u00ed Josefa Dobe\u0161e a rezignaci ministra\u00a0 dopravy V\u00edta B\u00e1rty z V\u011bc\u00ed ve\u0159ejn\u00fdch. Prezident V\u00e1clav Klaus v\u0161ak akty odvol\u00e1v\u00e1n\u00ed i p\u0159ijet\u00ed rezignace odkl\u00e1d\u00e1.<\/p>\n<p>V\u00e1clav KLAUS, prezident \u010cR \/7. 3. 2003\/<br \/>\n&#8212;&#8212;&#8212;&#8212;&#8212;&#8212;&#8211;<br \/>\nRozhodn\u011b nem\u00edn\u00edm st\u00e1t stranou politick\u00e9ho \u017eivota, ambice b\u00fdt hybatelem politick\u00e9 sc\u00e9ny v\u0161ak nem\u00e1m. Politick\u00e9 procesy chci ovliv\u0148ovat jen nep\u0159\u00edmo. Chci b\u00fdt uv\u00e1\u017eliv\u00fdm svorn\u00edkem na vrcholu pyramidy na\u0161eho \u00fastavn\u00edho syst\u00e9mu, nikoliv jeho neuralgick\u00fdm bodem.<\/p>\n<p>V\u00e1clav MORAVEC, moder\u00e1tor<br \/>\n&#8212;&#8212;&#8212;&#8212;&#8212;&#8212;&#8211;<br \/>\nZn\u011bl jeden ze slib\u016f V\u00e1clava Klause, kdy\u017e se p\u0159ed v\u00edce ne\u017e osmi lety uj\u00edmal\u00a0 prezidentsk\u00e9ho \u00fa\u0159adu. Nejen sou\u010dasn\u00e1 vl\u00e1dn\u00ed krize prok\u00e1zala, \u017ee ve vyhrocen\u00fdch okam\u017eic\u00edch \u010desk\u00e9 politiky se\u00a0 V\u00e1clav Klaus sv\u00fdmi sliby rozhodn\u011b ne\u0159\u00edd\u00ed. Jeho ambice b\u00fdt hybatelem \u010desk\u00e9 politiky se znovu prok\u00e1zaly, kdy\u017e v pond\u011bl\u00ed odm\u00edtl odvolat dva ministry za V\u011bci ve\u0159ejn\u00e9, vnitra Radka\u00a0 Johna a \u0161kolstv\u00ed Josefa Dobe\u0161e. Stejn\u011b tak odm\u00edtl p\u0159ijmout rezignaci ministra dopravy V\u00edta B\u00e1rty.<\/p>\n<p>V\u00e1clav KLAUS, prezident \u010cR \/11. 4. 2011\/<br \/>\n&#8212;&#8212;&#8212;&#8212;&#8212;&#8212;&#8211;<br \/>\nNe\u017e p\u0159ijmu demisi \u010di demise, nebo ne\u017e vyd\u00e1m rozhodnut\u00ed o odvol\u00e1n\u00ed toho \u010di onoho ministra, budu cht\u00edt m\u00edt na stole pl\u00e1n dal\u0161\u00edho fungov\u00e1n\u00ed vl\u00e1dy.<\/p>\n<p>V\u00e1clav MORAVEC, moder\u00e1tor<br \/>\n&#8212;&#8212;&#8212;&#8212;&#8212;&#8212;&#8211;<br \/>\nO den pozd\u011bji up\u0159esnil V\u00e1clav Klaus svoji podm\u00ednku, cht\u011bl, aby premi\u00e9r Petr Ne\u010das svolal koali\u010dn\u00ed sch\u016fzku.<\/p>\n<p>V\u00e1clav KLAUS, prezident \u010cR \/12. 4. 2011\/<br \/>\n&#8212;&#8212;&#8212;&#8212;&#8212;&#8212;&#8211;<br \/>\nNa tahu jsou oni, oni ud\u011blali p\u016fltah a j\u00e1 \u010dek\u00e1m, a\u017e oni ten tah, kdy\u017e pou\u017e\u00edv\u00e1me tento hezk\u00fd p\u0159\u00edm\u011br, kdy\u017e oni ten p\u016fltah dokon\u010d\u00ed.<\/p>\n<p>V\u00e1clav MORAVEC, moder\u00e1tor<br \/>\n&#8212;&#8212;&#8212;&#8212;&#8212;&#8212;&#8211;<br \/>\nKlaus\u016fv postoj premi\u00e9ra Petra Ne\u010dase zasko\u010dil a tak ze Strakovy akademie,s\u00eddla \u010desk\u00e9 vl\u00e1dy, ode\u0161el na Pra\u017esk\u00fd hrad i n\u00e1sleduj\u00edc\u00ed vzkaz.<\/p>\n<p>Petr NE\u010cAS, premi\u00e9r \/ODS\/ \/12. 4. 2011\/<br \/>\n&#8212;&#8212;&#8212;&#8212;&#8212;&#8212;&#8211;<br \/>\nPremi\u00e9r navrhne, prezident odvol\u00e1.<\/p>\n<p>V\u00e1clav MORAVEC, moder\u00e1tor<br \/>\n&#8212;&#8212;&#8212;&#8212;&#8212;&#8212;&#8211;<br \/>\nI podle soci\u00e1ln\u00edch demokrat\u016f si prezident V\u00e1clav Klaus p\u0159isvojuje v\u00edc pravomoc\u00ed, ne\u017e kter\u00e9 mu podle \u00fastavu n\u00e1le\u017eej\u00ed.<\/p>\n<p>Lubom\u00edr ZAOR\u00c1LEK, m\u00edstop\u0159edseda strany \/\u010cSSD\/ \/12. 4. 2011\/<br \/>\n&#8212;&#8212;&#8212;&#8212;&#8212;&#8212;&#8211;<br \/>\nPrezident by m\u011bl bez n\u011bjak\u00e9ho ot\u00e1len\u00ed a zbyte\u010dn\u00e9ho prodl\u00e9v\u00e1n\u00ed premi\u00e9rovi vyhov\u011bt.<\/p>\n<p>V\u00e1clav MORAVEC, moder\u00e1tor<br \/>\n&#8212;&#8212;&#8212;&#8212;&#8212;&#8212;&#8211;<br \/>\nO p\u00e1r hodin pozd\u011bji ale prezident V\u00e1clav Klaus premi\u00e9ru Petru Ne\u010dasovi vzk\u00e1zal, \u017ee on reprezentuje z\u00e1jem zem\u011b.<\/p>\n<p>V\u00e1clav KLAUS, prezident \u010cR \/12. 4. 2011\/<br \/>\n&#8212;&#8212;&#8212;&#8212;&#8212;&#8212;&#8211;<br \/>\nNicm\u00e9n\u011b z\u00e1jem zem\u011b jako celku a ten z\u00e1jem zem\u011b, stability, fungov\u00e1n\u00ed prezentuji v tuto chv\u00edli j\u00e1 a j\u00e1 proto tomu prvn\u00edmu z\u00e1jmu v \u017e\u00e1dn\u00e9m p\u0159\u00edpad\u011b nem\u016f\u017eu ustoupit.<\/p>\n<p>V\u00e1clav MORAVEC, moder\u00e1tor<br \/>\n&#8212;&#8212;&#8212;&#8212;&#8212;&#8212;&#8211;<br \/>\nV uplynul\u00fdch osmi letech bylo mnoho okam\u017eik\u016f, kdy si mu\u017e deklaruj\u00edc\u00ed sebe sama jako svorn\u00edk \u010desk\u00e9 politiky p\u0159ivlastnil reprezentaci z\u00e1jmu zem\u011b. V roce 2005 v\u0161ak V\u00e1clav Klaus\u00a0 narazil na tehdej\u0161\u00edho premi\u00e9ra Ji\u0159\u00edho Paroubka. Jejich spor o zahrani\u010dn\u00ed politiku vyvrcholil Paroubkovou v\u00fdhr\u016f\u017ekou, \u017ee jeho vl\u00e1da p\u0159estane Klausovi schvalovat zahrani\u010dn\u00ed cesty, p\u0159i\u00a0 kter\u00fdch pr\u00e1v\u011b Klaus po\u0161kozuje obraz \u010desk\u00e9 politiky v zahrani\u010d\u00ed.<\/p>\n<p>Ji\u0159\u00ed PAROUBEK, p\u0159edseda vl\u00e1dy \/\u010cSSD\/ \/26. 5. 2005\/<br \/>\n&#8212;&#8212;&#8212;&#8212;&#8212;&#8212;&#8211;<br \/>\nPokud by pan, pan prezident, \u0159ekn\u011bme, nevystupoval v r\u00e1mci t\u011bchto sm\u011brnic, no, tak na n\u011bkter\u00e9 zahrani\u010dn\u00ed cesty prost\u011b nebude moci jezdit.<\/p>\n<p>Petr H\u00c1JEK, mluv\u010d\u00ed prezidenta \/26. 5. 2005\/<br \/>\n&#8212;&#8212;&#8212;&#8212;&#8212;&#8212;&#8211;<br \/>\nSd\u011bluji, \u017ee by bylo dobr\u00e9, kdyby si pan premi\u00e9r pozorn\u011b prostudoval \u00dastavu \u010cesk\u00e9 republiky. S interpretac\u00ed, kterou prov\u00e1d\u00ed, nen\u00ed mo\u017en\u00e9 souhlasit.<\/p>\n<p>V\u00e1clav MORAVEC, moder\u00e1tor<br \/>\n&#8212;&#8212;&#8212;&#8212;&#8212;&#8212;&#8211;<br \/>\nP\u0159itom pr\u00e1v\u011b \u00fastavou se tehdej\u0161\u00ed premi\u00e9r Ji\u0159\u00ed Paroubek za\u0161ti\u0165oval. Tvrdil, \u017ee prezident V\u00e1clav Klause se podle \u00fastavy mus\u00ed \u0159\u00eddit zahrani\u010dn\u00ed politikou vl\u00e1dy.<\/p>\n<p>Ji\u0159\u00ed PAROUBEK, p\u0159edseda vl\u00e1dy \/\u010cSSD\/ \/26. 5. 2005\/<br \/>\n&#8212;&#8212;&#8212;&#8212;&#8212;&#8212;&#8211;<br \/>\nZa formulaci zahrani\u010dn\u00ed politiky st\u00e1tu je odpov\u011bdn\u00e1 podle \u00fastavy republiky<br \/>\nvl\u00e1da.<\/p>\n<p>V\u00e1clav MORAVEC, moder\u00e1tor<br \/>\n&#8212;&#8212;&#8212;&#8212;&#8212;&#8212;&#8211;<br \/>\nS V\u00e1clavem Klausem se pot\u00fdkal i Paroubk\u016fv n\u00e1stupce v pozici premi\u00e9ra Mirek Topol\u00e1nek.\u00a0 A pr\u00e1v\u011b expremi\u00e9r Mirek Topol\u00e1nek ozna\u010dil v p\u00e1te\u010dn\u00edm rozhovoru pro den\u00edk Lidov\u00e9 noviny\u00a0 prezidenta V\u00e1clava Klause, citujme: &#8222;za technologa moci bez jak\u00fdchkoliv skrupul\u00ed a z\u00e1bran.&#8220; Konec cit\u00e1tu. Pan\u00ed p\u0159edsedkyn\u011b, o\u010dek\u00e1v\u00e1te, \u017ee kdy\u017e u\u017e bylo svol\u00e1no n\u011bkolik koali\u010dn\u00edch\u00a0 sch\u016fzek, kdy podle v\u00e1s p\u0159ijde ten akt odvol\u00e1n\u00ed dvou ministr\u016f a p\u0159ijet\u00ed rezignace ministra jednoho.<\/p>\n<p>Miroslava N\u011aMCOV\u00c1, 1. m\u00edstop\u0159edsedkyn\u011b strany \/ODS\/<br \/>\n&#8212;&#8212;&#8212;&#8212;&#8212;&#8212;&#8211;<br \/>\nTak pokud v\u00edm, tak pan prezident se se\u0161el se z\u00e1stupci vl\u00e1dn\u00edch stran ve \u010dtvrtek. V p\u00e1tek mluvil s p\u0159edsedou \u010cSSD a v\u00ed dob\u0159e a v\u00ed cel\u00e1 politick\u00e1\u00a0 sc\u00e9na, \u017ee v pond\u011bl\u00ed se m\u00e1 uskute\u010dnit to\u00a0 trojkoali\u010dn\u00ed jedn\u00e1n\u00ed o tom, jak d\u00e1l. \u010cili j\u00e1 odhaduji, \u017ee pan prezident sv\u00e9 rozhodnut\u00ed sm\u011b\u0159uje k tomuto datu. \u010cek\u00e1 na to, jak tato trojkoalice se, s jak\u00fdm n\u00e1zorem p\u0159ijde a \u017ee.<br \/>\nV\u00e1clav MORAVEC, moder\u00e1tor<br \/>\n&#8212;&#8212;&#8212;&#8212;&#8212;&#8212;&#8211;<br \/>\nKdy\u017e ale nep\u0159ijdete s n\u00e1zorem, zase si \u0159eknete, m\u00e1me v\u016fli se dohodnout, to, co jsme sly\u0161eli.<\/p>\n<p>Miroslava N\u011aMCOV\u00c1, 1. m\u00edstop\u0159edsedkyn\u011b strany \/ODS\/<br \/>\n&#8212;&#8212;&#8212;&#8212;&#8212;&#8212;&#8211;<br \/>\nRozum\u00edm, na co se pt\u00e1te. Je to t\u011b\u017ek\u00e9 \u0159\u00edct, proto\u017ee i jsem se d\u00edvala na vyj\u00e1d\u0159en\u00ed v\u0161ech \u00fastavn\u00edch pr\u00e1vn\u00edk\u016f v novin\u00e1ch a r\u016fzn\u011b se vyjad\u0159ovali a byly\u00a0 rozd\u011bleny na dv\u011b skupiny. Jedna\u00a0 \u0159\u00edkala, prezident mus\u00ed bezodkladn\u011b, jakmile obdr\u017e\u00ed n\u00e1vrh na odvol\u00e1n\u00ed, bezodkladn\u011b mus\u00ed konat. Druh\u00e1 skupina p\u0159ipou\u0161t\u011bla, \u017ee je tam, neb to \u00fastava p\u0159esn\u011b nepopisuje, \u017ee je tam n\u011bjak\u00e1\u00a0 v\u016fle, v\u0161ichni se shodovali sp\u00ed\u0161, \u017ee je to ot\u00e1zka, pokud ta v\u016fle je, tak sp\u00ed\u0161e n\u011bkolika dn\u016f. J\u00e1 mysl\u00edm, \u017ee pan prezident t\u00e9to \u00fastavn\u00ed \u0161anci, t\u00e9to povinnosti vyhov\u00ed.<\/p>\n<p>V\u00e1clav MORAVEC, moder\u00e1tor<br \/>\n&#8212;&#8212;&#8212;&#8212;&#8212;&#8212;&#8211;<br \/>\nPond\u011bl\u00ed.<\/p>\n<p>Miroslava N\u011aMCOV\u00c1, 1. m\u00edstop\u0159edsedkyn\u011b strany \/ODS\/<br \/>\n&#8212;&#8212;&#8212;&#8212;&#8212;&#8212;&#8211;<br \/>\nPond\u011bl\u00ed si netrouf\u00e1m \u0159\u00edct, j\u00e1 nejsem panem prezidentem.<\/p>\n<p>V\u00e1clav MORAVEC, moder\u00e1tor<br \/>\n&#8212;&#8212;&#8212;&#8212;&#8212;&#8212;&#8211;<br \/>\nOno u\u017e by to bylo sedm dn\u00ed. Vy si to asi nechcete asi s hlavou st\u00e1tu rozh\u00e1zet, ale.<\/p>\n<p>Miroslava N\u011aMCOV\u00c1, 1. m\u00edstop\u0159edsedkyn\u011b strany \/ODS\/<br \/>\n&#8212;&#8212;&#8212;&#8212;&#8212;&#8212;&#8211;<br \/>\nAle ne, to nen\u00ed tak, to nen\u00ed, \u017ee.<\/p>\n<p>V\u00e1clav MORAVEC, moder\u00e1tor<br \/>\n&#8212;&#8212;&#8212;&#8212;&#8212;&#8212;&#8211;<br \/>\nV\u00e1\u0161 osobn\u00ed n\u00e1zor, kdy\u017e u\u017e to trv\u00e1 sedm dn\u00ed, tak pova\u017eujete to za pr\u016ftah a obstrukci?<\/p>\n<p>Miroslava N\u011aMCOV\u00c1, 1. m\u00edstop\u0159edsedkyn\u011b strany \/ODS\/<br \/>\n&#8212;&#8212;&#8212;&#8212;&#8212;&#8212;&#8211;<br \/>\nJ\u00e1 jsem \u0159\u00edkala, ne, j\u00e1 jsem \u0159\u00edkala ve sv\u00fdch koment\u00e1\u0159\u00edch, \u017ee to pova\u017euji to rozhodnut\u00ed jako ot\u00e1zku n\u011bkolika dn\u016f. Sedm dn\u016f je je\u0161t\u011b n\u011bkolik dn\u016f.<\/p>\n<p>V\u00e1clav MORAVEC, moder\u00e1tor<br \/>\n&#8212;&#8212;&#8212;&#8212;&#8212;&#8212;&#8211;<br \/>\nM\u016f\u017eete mi \u0159\u00edct, kde kon\u010d\u00ed va\u0161e varianta n\u011bkolika dn\u016f?<\/p>\n<p>Miroslava N\u011aMCOV\u00c1, 1. m\u00edstop\u0159edsedkyn\u011b strany \/ODS\/<br \/>\n&#8212;&#8212;&#8212;&#8212;&#8212;&#8212;&#8211;<br \/>\nNo, dva t\u00fddny u\u017e jsou dva t\u00fddny.<\/p>\n<p>V\u00e1clav MORAVEC, moder\u00e1tor<br \/>\n&#8212;&#8212;&#8212;&#8212;&#8212;&#8212;&#8211;<br \/>\nTak\u017ee je\u0161t\u011b m\u00e1 prezident t\u00fdden. Podle \u010dlov\u011bka, kter\u00fd je vystudovan\u00fd pr\u00e1vn\u00edk, pane p\u0159edsedo Filipe, kolik, proto\u017ee v \u00fastav\u011b nen\u00ed zase \u017e\u00e1dn\u00e1 lh\u016fta, ale je tam, \u017ee prezident odvol\u00e1v\u00e1 na n\u00e1vrh ministersk\u00e9ho p\u0159edsedy.<\/p>\n<p>Vojt\u011bch FILIP, p\u0159edseda strany \/KS\u010cM\/<br \/>\n&#8212;&#8212;&#8212;&#8212;&#8212;&#8212;&#8211;<br \/>\nTo ur\u010dit\u011b, tak\u017ee v tomto p\u0159\u00edpad\u011b, kdy\u017e tam nen\u00ed lh\u016fta, m\u00e1 se za to, \u017ee je to bez zbyte\u010dn\u00e9ho odkladu. Tak v tomto ohledu u V\u00edta B\u00e1rty tomu nerozum\u00edm, postoji prezidenta republiky\u00a0 nemohu rozum\u011bt, proto\u017ee on rezignoval, premi\u00e9r tu rezignaci p\u0159ijal, odnesl ji na Hrad a v tomto ohledu V\u00e1clav Klaus pravd\u011bpodobn\u011b p\u0159\u00edli\u0161 na v\u00fdb\u011br nem\u00e1, aby to podepsal, nebo nepodepsal.<\/p>\n<p>V\u00e1clav MORAVEC, moder\u00e1tor<br \/>\n&#8212;&#8212;&#8212;&#8212;&#8212;&#8212;&#8211;<br \/>\nU V\u00edta B\u00e1rty a jeho rezignace to vn\u00edm\u00e1te jako prezidentovu obstrukci.<\/p>\n<p>Vojt\u011bch FILIP, p\u0159edseda strany \/KS\u010cM\/<br \/>\n&#8212;&#8212;&#8212;&#8212;&#8212;&#8212;&#8211;<br \/>\nTo je obstrukce ze strany prezidenta. Pokud jde o ty dva ministry, kte\u0159\u00ed jsou odvol\u00e1ni vzhledem k tomu, \u017ee doch\u00e1z\u00ed k v\u00fdm\u011bn\u011b t\u0159\u00ed ministr\u016f najednou, nediv\u00edm se tomu kroku, \u017ee chce\u00a0 v\u011bd\u011bt krok B, to je v po\u0159\u00e1dku. V tomto ohledu ale tak\u00e9 vid\u00edm, \u017ee pokud prezident republiky nerozhodne po pond\u011blku, tak sv\u00fdm zp\u016fsobem nahrazuje roli p\u0159edsedy vl\u00e1dy a v tomto\u00a0 ohledu Petr Ne\u010das se ocit\u00e1 na vedlej\u0161\u00ed koleji.<\/p>\n<p>V\u00e1clav MORAVEC, moder\u00e1tor<br \/>\n&#8212;&#8212;&#8212;&#8212;&#8212;&#8212;&#8211;<br \/>\nPodle v\u00e1s by m\u011bl nejpozd\u011bji do z\u00edt\u0159ka prezident u\u010dinit ten \u00fastavn\u00ed krok.<\/p>\n<p>Vojt\u011bch FILIP, p\u0159edseda strany \/KS\u010cM\/<br \/>\n&#8212;&#8212;&#8212;&#8212;&#8212;&#8212;&#8211;<br \/>\nJ\u00e1 jsem p\u0159esv\u011bd\u010den, \u017ee ano, proto\u017ee v tom p\u0159\u00edpad\u011b Petr Ne\u010das nen\u00ed p\u0159edsedou vl\u00e1dy a p\u0159edsedou vl\u00e1dy je z\u00e1rove\u0148 prezident. Ale my jsme v parlamentn\u00edm syst\u00e9mu, nikoliv v prezidentsk\u00e9m syst\u00e9mu.<\/p>\n<p>V\u00e1clav MORAVEC, moder\u00e1tor<br \/>\n&#8212;&#8212;&#8212;&#8212;&#8212;&#8212;&#8211;<br \/>\nPo\u010dkejte, ale o exekutivu se d\u011bl\u00ed prezident s premi\u00e9rem, tak mo\u017en\u00e1 to je nov\u00fd v\u00fdklad \u00fastavy.<\/p>\n<p>Vojt\u011bch FILIP, p\u0159edseda strany \/KS\u010cM\/<br \/>\n&#8212;&#8212;&#8212;&#8212;&#8212;&#8212;&#8211;<br \/>\nTo nen\u00ed nov\u00fd v\u00fdklad \u00fastavy, j\u00e1 mysl\u00edm, \u017ee u\u017e byl proveden n\u011bkolikr\u00e1t. Ale my skute\u010dn\u011b, pokud jde o ten princip parlamentn\u00ed demokracie, ten je odli\u0161n\u00fd od prezidentsk\u00fdch syst\u00e9m\u016f. A v tomto ohledu je prezident sou\u010d\u00e1st v\u00fdkonn\u00e9 moci, nikoliv jej\u00ed hlava.<\/p>\n<p>V\u00e1clav MORAVEC, moder\u00e1tor<br \/>\n&#8212;&#8212;&#8212;&#8212;&#8212;&#8212;&#8211;<br \/>\nPokud by m\u011bla Karol\u00edna Peake \u0159\u00edci, zda u\u017e jste dali Petru Ne\u010dasovi jm\u00e9no za rezignovav\u0161\u00edho V\u00edta B\u00e1rtu, jestli jste dali premi\u00e9rovi kandid\u00e1ta na post ministra dopravy, dali?<\/p>\n<p>Karol\u00edna PEAKE, m\u00edstop\u0159edsedkyn\u011b strany \/VV\/<br \/>\n&#8212;&#8212;&#8212;&#8212;&#8212;&#8212;&#8211;<br \/>\nNedali a kupodivu to vlastn\u011b ani nikoho moc nezaj\u00edm\u00e1 toto jm\u00e9no. St\u00e1le ka\u017ed\u00e9ho zaj\u00edm\u00e1 akor\u00e1t jm\u00e9no budouc\u00edho ministra vnitra.<\/p>\n<p>V\u00e1clav MORAVEC, moder\u00e1tor<br \/>\n&#8212;&#8212;&#8212;&#8212;&#8212;&#8212;&#8211;<br \/>\nA tak mi \u0159ekn\u011bte, pros\u00edm p\u011bkn\u011b, m\u011b to zaj\u00edm\u00e1, o kom uva\u017eujete na post ministra dopravy.<\/p>\n<p>Karol\u00edna PEAKE, m\u00edstop\u0159edsedkyn\u011b strany \/VV\/<br \/>\n&#8212;&#8212;&#8212;&#8212;&#8212;&#8212;&#8211;<br \/>\nNezlobte se, j\u00e1 v\u00edm, \u017ee st\u00e1le tou\u017e\u00edte po detailech t\u011bch variant, o kter\u00fdch z\u00edtra budeme mluvit, ale opravdu v\u00e1m je ned\u00e1m.<\/p>\n<p>V\u00e1clav MORAVEC, moder\u00e1tor<br \/>\n&#8212;&#8212;&#8212;&#8212;&#8212;&#8212;&#8211;<br \/>\nPo\u010dkejte, tady Vojt\u011bch Filip m\u00e1 jasn\u011b pravdu v tom, \u017ee mohl prezident odd\u011blit ty akty odvol\u00e1v\u00e1n\u00ed a p\u0159ijet\u00ed rezignace. Tud\u00ed\u017e pokud byste zodpov\u011bdn\u011b cht\u011bli spravovat jako V\u011bci ve\u0159ejn\u00e9\u00a0 ministerstvo dopravy, tak jste m\u011bli p\u0159ij\u00edt s n\u00e1vrhem na post ministra dopravy. S t\u00edm jste nep\u0159i\u0161li.<\/p>\n<p>Karol\u00edna PEAKE, m\u00edstop\u0159edsedkyn\u011b strany \/VV\/<br \/>\n&#8212;&#8212;&#8212;&#8212;&#8212;&#8212;&#8211;<br \/>\nExistuj\u00ed n\u00e1vrhy, a\u0165 u\u017e z \u0159ad poslanc\u016f, \u00fa\u0159edn\u00edk\u016f ministerstva dopravy, jin\u00fdch \u010dlen\u016f V\u011bc\u00ed ve\u0159ejn\u00fdch, existuj\u00ed tyto n\u00e1vrhy, pros\u00edm, nenu\u0165te m\u011b vzkazovat panu premi\u00e9rovi tato jm\u00e9na p\u0159es televizi.<\/p>\n<p>V\u00e1clav MORAVEC, moder\u00e1tor<br \/>\n&#8212;&#8212;&#8212;&#8212;&#8212;&#8212;&#8211;<br \/>\nV pond\u011bl\u00ed na K9 d\u00e1te alespo\u0148 jednoho kandid\u00e1ta nebo jednoho va\u0161eho kandid\u00e1ta na post ministra dopravy?<\/p>\n<p>Karol\u00edna PEAKE, m\u00edstop\u0159edsedkyn\u011b strany \/VV\/<br \/>\n&#8212;&#8212;&#8212;&#8212;&#8212;&#8212;&#8211;<br \/>\nNepochybn\u011b to bude sou\u010d\u00e1st\u00ed jedn\u00e1n\u00ed z\u00edtra ve\u010der.<\/p>\n<p>V\u00e1clav MORAVEC, moder\u00e1tor<br \/>\n&#8212;&#8212;&#8212;&#8212;&#8212;&#8212;&#8211;<br \/>\nTe\u010f m\u00ed\u0159\u00edme za tajemn\u00edkem prezidenta republiky Ladislavem Jaklem, p\u0159eji v\u00e1m hezk\u00fd dobr\u00fd den, v\u00edtejte v Ot\u00e1zk\u00e1ch.<\/p>\n<p>Ladislav JAKL, \u0159editel politick\u00e9ho odboru Kancel\u00e1\u0159e prezidenta<br \/>\n&#8212;&#8212;&#8212;&#8212;&#8212;&#8212;&#8211;<br \/>\nDobr\u00fd den, zdrav\u00edm div\u00e1ky i v\u00e1s ve studiu.<\/p>\n<p>V\u00e1clav MORAVEC, moder\u00e1tor<br \/>\n&#8212;&#8212;&#8212;&#8212;&#8212;&#8212;&#8211;<br \/>\nTak, te\u010f tady byl ten spor o to, kolik je ta p\u0159im\u011b\u0159en\u00e1 lh\u016fta, je mo\u017en\u00e9\u00a0 o\u010dek\u00e1vat, \u017ee i kdy\u017e strany vl\u00e1dn\u00ed koalice budou po t\u00e9 z\u00edt\u0159ej\u0161\u00ed K12 pokra\u010dovat ve floskul\u00edch typu, dohodli jsme se, \u017ee\u00a0 se dohodneme, tak \u017ee prezident d\u00e1l bude vy\u010dk\u00e1vat s aktem odvol\u00e1v\u00e1n\u00ed a p\u0159ijet\u00ed rezignace t\u0159\u00ed ministr\u016f za V\u011bci ve\u0159ejn\u00e9?<\/p>\n<p>Ladislav JAKL, \u0159editel politick\u00e9ho odboru Kancel\u00e1\u0159e prezidenta<br \/>\n&#8212;&#8212;&#8212;&#8212;&#8212;&#8212;&#8211;<br \/>\nPane redaktore Morav\u010de, j\u00e1 tady stoj\u00edm na b\u0159ehu Vltavy, poslouch\u00e1m v\u00e1\u0161 po\u0159ad jenom do sluch\u00e1tka, nevid\u00edm v\u00e1s. A p\u0159ed n\u011bkolika minutami jsem si \u0159\u00edkal, j\u00e1 snad toho V\u00e1clava\u00a0 Moravce pochv\u00e1l\u00edm, proto\u017ee jsem s v\u00e1mi velmi souhlasil v pas\u00e1\u017ei, kde jste mluvil o tom, \u017ee je \u0161koda, \u017ee i tato vl\u00e1dn\u00ed krize a jist\u00e1 politick\u00e1 nestabilita, ona mo\u017en\u00e1 to je\u0161t\u011b nen\u00ed defini\u010dn\u011b\u00a0 vl\u00e1dn\u00ed krize, ale m\u016f\u017ee b\u00fdt, nevznik\u00e1 kolem n\u011bjak\u00fdch v\u011bcn\u00fdch t\u00e9mat, kolem t\u0159eba d\u016fchod\u016f nebo dan\u00ed, a \u017ee vznik\u00e1 kolem mocensk\u00fdch medi\u00e1ln\u00edch intrik a \u017ee to je pro tuto chv\u00edli pro ten\u00a0 n\u00e1\u0161 medi\u00e1ln\u00ed boj docela charakteristick\u00e9 a docela smutn\u00e9. Ale pane redaktore, j\u00e1 v\u00e1s nepochv\u00e1l\u00edm, proto\u017ee vz\u00e1p\u011bt\u00ed jste ve sv\u00e9m koment\u00e1\u0159i p\u0159edvedl velmi tenden\u010dn\u00ed p\u0159evypr\u00e1v\u011bn\u00ed\u00a0 postoje pana prezidenta, kter\u00fd v \u017e\u00e1dn\u00e9m p\u0159\u00edpad\u011b neuchvacuje pro sebe \u017e\u00e1dn\u00e1 pravidla, nediktuje si \u017e\u00e1dn\u00e1 pravidla, neporu\u0161uje \u00fastavu, nic takov\u00e9ho se ned\u011bje, jak ten v\u00e1\u0161 st\u0159ih m\u011bl b\u00fdt. A uvedl jste i jednu velikou vylo\u017eenou nepravdu, prezident republiky neodm\u00edtl odvolat ministry a neodm\u00edtl p\u0159ijmout demisi. Kdyby to toti\u017e ud\u011blal, tak by se ocital na hran\u011b nebo za hranou \u00fastavy. On to ale ned\u011bl\u00e1.<\/p>\n<p>V\u00e1clav MORAVEC, moder\u00e1tor<br \/>\n&#8212;&#8212;&#8212;&#8212;&#8212;&#8212;&#8211;<br \/>\nPro\u010d tedy prezident zat\u00edm, promi\u0148te, ale pro\u010d tedy prezident zat\u00edm nep\u0159ijal rezignaci V\u00edta B\u00e1rty. Kdy\u017e tady Vojt\u011bch Filip \u0159\u00edk\u00e1, prezident obstruuje, proto\u017ee mohl p\u0159ijmout rezignaci.<\/p>\n<p>Ladislav JAKL, \u0159editel politick\u00e9ho odboru Kancel\u00e1\u0159e prezidenta<br \/>\n&#8212;&#8212;&#8212;&#8212;&#8212;&#8212;&#8211;<br \/>\nDob\u0159e, tak\u017ee pane redaktore, dob\u0159e, pane redaktore, opravujete svoji v\u011btu, kterou jste \u0159ekl v\u0161em div\u00e1k\u016fm, \u017ee prezident odm\u00edt\u00e1 p\u0159ijmout demisi a odm\u00edt\u00e1 odvolat ministry. To jste prost\u011b \u0159ekl nepravdu.<\/p>\n<p>V\u00e1clav MORAVEC, moder\u00e1tor<br \/>\n&#8212;&#8212;&#8212;&#8212;&#8212;&#8212;&#8211;<br \/>\nPromi\u0148te, odm\u00edt\u00e1, proto\u017ee zat\u00edm nekon\u00e1, tak zat\u00edm odm\u00edt\u00e1. To, \u017ee se na Hrad\u011b v \u0161upl\u00edku.<\/p>\n<p>Ladislav JAKL, \u0159editel politick\u00e9ho odboru Kancel\u00e1\u0159e prezidenta<br \/>\n&#8212;&#8212;&#8212;&#8212;&#8212;&#8212;&#8211;<br \/>\nV\u00edte, j\u00e1 zn\u00e1m, j\u00e1 zn\u00e1m v\u00fdznam slov a mysl\u00edm si, \u017ee i div\u00e1ci znaj\u00ed dob\u0159e v\u00fdznam slov a dob\u0159e v\u011bd\u00ed, \u017ee zvolit si na\u010dasov\u00e1n\u00ed n\u011bjak\u00e9ho kroku a odm\u00edtnut\u00ed n\u011bjak\u00e9ho kroku, jestli\u017ee odm\u00edtnu si\u00a0 vz\u00edt n\u011bkoho za man\u017eelku a jestli\u017ee si vyberu term\u00edn svatby, to je docela rozd\u00edl a asi i vy to uzn\u00e1te. Tak\u017ee zp\u00e1tky.<\/p>\n<p>V\u00e1clav MORAVEC, moder\u00e1tor<br \/>\n&#8212;&#8212;&#8212;&#8212;&#8212;&#8212;&#8211;<br \/>\nPromi\u0148te, do\u010dk\u00e1me se, do\u010dk\u00e1me se toho, \u017ee.<\/p>\n<p>Ladislav JAKL, \u0159editel politick\u00e9ho odboru Kancel\u00e1\u0159e prezidenta<br \/>\n&#8212;&#8212;&#8212;&#8212;&#8212;&#8212;&#8211;<br \/>\nJ\u00e1 prominu, ano.<\/p>\n<p>V\u00e1clav MORAVEC, moder\u00e1tor<br \/>\n&#8212;&#8212;&#8212;&#8212;&#8212;&#8212;&#8211;<br \/>\nNebude na Pra\u017esk\u00e9m hrad\u011b v \u0161upleti zaparkovan\u00e1 rezignace V\u00edta B\u00e1rty a odvol\u00e1n\u00ed dvou ministr\u016f. Tak zn\u011bla ot\u00e1zka.<\/p>\n<p>Ladislav JAKL, \u0159editel politick\u00e9ho odboru Kancel\u00e1\u0159e prezidenta<br \/>\n&#8212;&#8212;&#8212;&#8212;&#8212;&#8212;&#8211;<br \/>\nV\u00edte, kdyby \u010desk\u00e1 \u00fastava cht\u011bla, aby se prezident choval jako automat a okam\u017eit\u011b podepsal v\u0161e, co dostane, tak prost\u011b by ho do t\u00e9 \u00fastavy ta jeho kompetence v\u016fbec nebyla d\u00e1na a\u00a0 nebylo by t\u0159eba \u017e\u00e1dn\u00e9ho prezidentsk\u00e9ho aktu. Tak si to mohl premi\u00e9r napsat s\u00e1m, \u017ee odvol\u00e1v\u00e1, ale to, \u017ee tam m\u00e1 prezident n\u011bjakou roli a \u017ee tam nen\u00ed tla\u010den ke zdi \u017e\u00e1dn\u00fdm term\u00ednem, tak\u00a0 t\u00edm \u00fastava chce \u0159\u00edct, \u017ee prezident i v t\u00e9to v\u011bci m\u00e1 konat a tady je to pr\u00e1v\u011b doklad toho, \u017ee sv\u016fj slib z onoho projevu, kter\u00fd jste pou\u0161t\u011bl div\u00e1k\u016fm, pln\u00ed, \u017ee m\u00e1 plnit roli jist\u00e9ho\u00a0 stabiliz\u00e1tora \u010desk\u00e9 politick\u00e9 sc\u00e9ny a zvy\u0161ovat odolnost politick\u00e9 sc\u00e9ny proti n\u00e1hl\u00fdm n\u00e1hodn\u00fdm kriz\u00edm. Prezident republiky dostal tyto n\u00e1vrhy ve chv\u00edli, kdy v\u016fbec nen\u00ed absolutn\u011b jasn\u00e9, jak\u00e9 bude dal\u0161\u00ed pokra\u010dov\u00e1n\u00ed. Jestli\u017ee p\u0159ed rokem dostal pr\u00e1v\u011b p\u0159edseda ODS Ne\u010das \u0161anci sestavit tuto vl\u00e1du a v\u0161echny ostatn\u00ed strany, tak t\u00edm byla poru\u0161ena jist\u00e1 zvyklost, \u017ee toto\u00a0 pr\u00e1vo d\u0159\u00edve dost\u00e1val p\u0159edseda v\u00edt\u011bzn\u00e9 strany. Ani jedna z t\u011bch stran, kter\u00e1 dnes sed\u00ed ve vl\u00e1d\u011b, nevyhr\u00e1la volby. Ale tyto strany daly dohromady dohodu, se kterou p\u0159i\u0161ly za panem prezidentem a tato dohoda sk\u00fdtala jasnou v\u011bt\u0161inu v Poslaneck\u00e9 sn\u011bmovn\u011b. Jenom proto pan prezident neud\u011blal dvou, t\u0159\u00edm\u011bs\u00ed\u010dn\u00ed kole\u010dko s jmenov\u00e1n\u00edm v\u00edt\u011bzn\u00e9 strany, proto\u017ee stejn\u011b by nedala dohromady v\u011bt\u0161inu a jmenoval rovnou toho, koho mu nominovala tato dohoda. Jestli\u017ee nyn\u00ed premi\u00e9r bez jak\u00fdchkoliv konzultac\u00ed a bez vyu\u017eit\u00ed mechanism\u016f, kter\u00e9 d\u00e1v\u00e1\u00a0 koali\u010dn\u00ed smlouva, vyhazuje ministry jedn\u00e9 z koali\u010dn\u00edch stran, v\u010detn\u011b jej\u00edho p\u0159edsedy, pak se mus\u00ed prezident pt\u00e1t, plat\u00ed je\u0161t\u011b tato dohoda, na z\u00e1klad\u011b kter\u00e9 jsem v\u00e1m dal \u0161anci vl\u00e1dnout, anebo jste ji roztrhali a sn\u011bdli.<\/p>\n<p>V\u00e1clav MORAVEC, moder\u00e1tor<br \/>\n&#8212;&#8212;&#8212;&#8212;&#8212;&#8212;&#8211;<br \/>\nM\u016f\u017eete mi te\u010fka odpov\u011bd\u011bt na tu, na tu ot\u00e1zku, kdy p\u0159ijme prezident rezignaci V\u00edta B\u00e1rty?<\/p>\n<p>Ladislav JAKL, \u0159editel politick\u00e9ho odboru Kancel\u00e1\u0159e prezidenta<br \/>\n&#8212;&#8212;&#8212;&#8212;&#8212;&#8212;&#8211;<br \/>\nVy se pt\u00e1te po\u0159\u00e1d kdy. To nen\u00ed d\u00e1no \u010dasov\u011b, ale v\u011bcn\u011b. Prezident republiky se pr\u00e1vem pt\u00e1, jsou tyto kroky.<\/p>\n<p>V\u00e1clav MORAVEC, moder\u00e1tor<br \/>\n&#8212;&#8212;&#8212;&#8212;&#8212;&#8212;&#8211;<br \/>\nPromi\u0148te, to se p\u0159izn\u00e1m, \u017ee sice nejsem \u00fastavn\u00ed pr\u00e1vn\u00edk, ale v \u00fastav\u011b nevid\u00edm, \u017ee i mimo \u0159\u00e1dky \u00fastavy bylo ps\u00e1no, \u017ee prezident posuzuje celkov\u00fd kontext rezignace jednoho ministra.<br \/>\nLadislav JAKL, \u0159editel politick\u00e9ho odboru Kancel\u00e1\u0159e prezidenta<br \/>\n&#8212;&#8212;&#8212;&#8212;&#8212;&#8212;&#8211;<br \/>\nAno, a \u00fastava p\u0159esn\u011b v tomto d\u00e1v\u00e1 p\u0159ece prostor. V \u00fastav\u011b nen\u00ed naps\u00e1no, \u017ee Petr Ne\u010das je premi\u00e9r, v \u00fastav\u011b nen\u00ed ps\u00e1no spousty jin\u00fdch v\u011bc\u00ed. Tyto v\u011bci jsou napl\u0148ov\u00e1ny slovem,\u00a0 kter\u00e9mu se \u0159\u00edk\u00e1 politika. A pr\u00e1v\u011b proto, \u017ee \u00fastava k tomu d\u00e1v\u00e1 tento prostor, d\u00e1v\u00e1 i prezidentovi \u0161anci, aby poskytl politick\u00e9 sc\u00e9n\u011b i vl\u00e1dn\u00ed koalici \u010das na to, aby sama sob\u011b \u0159ekla, kam\u00a0 tyto kroky maj\u00ed v\u00e9st. Jestli je to naprosto legitimn\u00ed a prezident s t\u00edm nem\u016f\u017ee v\u016fbec nic d\u011blat. Kdy\u017e se v\u011bt\u0161inov\u011b v parlamentu dohodnou na to, \u017ee tato vl\u00e1da pad\u00e1 a bude nahrazena\u00a0 n\u011bjakou jinou koalic\u00ed, anebo kdy\u017e mu tato koalice \u0159ekne, sice vyhazujeme tyto ministry, ale um\u00edme koali\u010dn\u00ed stran\u011b nab\u00eddnout n\u011bjak\u00e9 jin\u00e9 v\u011bci.<\/p>\n<p>V\u00e1clav MORAVEC, moder\u00e1tor<br \/>\n&#8212;&#8212;&#8212;&#8212;&#8212;&#8212;&#8211;<br \/>\nPo\u010dkejte, odd\u011blte, promi\u0148te, odd\u011blte od sebe, odd\u011blte od sebe rezignaci V\u00edta<br \/>\nB\u00e1rty, v\u017edy\u0165 to by p\u0159ece premi\u00e9rovi ten \u010das tak\u00e9 dal prezident, proto\u017ee by<br \/>\np\u0159inesl jm\u00e9no jin\u00e9ho ministra, odd\u011blte od sebe, pokud jste toho schopen,<br \/>\nrezignaci a dv\u011b odvol\u00e1n\u00ed.<\/p>\n<p>Ladislav JAKL, \u0159editel politick\u00e9ho odboru Kancel\u00e1\u0159e prezidenta<br \/>\n&#8212;&#8212;&#8212;&#8212;&#8212;&#8212;&#8211;<br \/>\nJ\u00e1 to odd\u011blit um\u00edm od sebe a jsem schopen \u00fastavn\u011b. Demisi ministra prezident<br \/>\nnemus\u00ed p\u0159ijmout v\u016fbec. Zat\u00edmco odvol\u00e1n\u00ed prov\u00e1d\u00ed na n\u00e1vrh premi\u00e9ra. Tak\u017ee v<br \/>\ntomto se to li\u0161\u00ed. Ale ve chv\u00edli, kdy v\u016fbec nev\u00edme, jestli tyto, tato<br \/>\nodvol\u00e1n\u00ed budou t\u0159eba v\u00fdsledkem jedn\u00e1n\u00ed koalice sta\u017eena zp\u011bt, nebo k nim<br \/>\np\u0159ibydou n\u011bjak\u00e9 dal\u0161\u00ed, kdy bude velmi z\u00e1le\u017eet na tom, jak\u00e9 jsou vyjedn\u00e1vac\u00ed<br \/>\npozice jednotliv\u00fdch \u00fa\u010dastn\u00edk\u016f v t\u011bch dal\u0161\u00edch jedn\u00e1n\u00edch. J\u00e1 mysl\u00edm, \u017ee nejen<br \/>\nprezident republiky, ale i \u010desk\u00e1 ve\u0159ejnost maj\u00ed pr\u00e1vo se pt\u00e1t, tak co je<br \/>\nc\u00edlem t\u011bchto intrik, t\u011bchto krok\u016f, propojen\u00ed m\u00e9di\u00ed s politiky, co je c\u00edlem.<br \/>\nJe c\u00edlem divok\u00e9 hlasov\u00e1n\u00ed ve sn\u011bmovn\u011b a n\u00e1kup p\u0159eb\u011bhl\u00edk\u016f? A pokra\u010dov\u00e1n\u00ed v<br \/>\nt\u00e9to koalici? Je c\u00edlem p\u0159ehodnotit koali\u010dn\u00ed smlouvu a j\u00edt d\u00e1l s n\u011bjak\u00fdmi<br \/>\nzm\u011bnami? To v\u0161e jsou legitimn\u00ed varianty, ale prezident m\u00e1 pr\u00e1vo na to se<br \/>\npt\u00e1t, je c\u00edlem jin\u00e1 koalice. I to je mo\u017en\u00e9, ale tak\u00e9 m\u00e1 prezident na to se<br \/>\npr\u00e1vo pt\u00e1t. Anebo jsou c\u00edlem p\u0159ed\u010dasn\u00e9 volby a pak se cel\u00e1 ve\u0159ejnost m\u00e1<br \/>\npt\u00e1t, jak k nim chcete doj\u00edt, co si od nich slibujete a jestli v\u016fbec jste<br \/>\nvy\u010derpali v\u0161echny mo\u017enosti p\u0159ed t\u00edm, ne\u017e budete znova voli\u010de obt\u011b\u017eovat.<\/p>\n<p>V\u00e1clav MORAVEC, moder\u00e1tor<br \/>\n&#8212;&#8212;&#8212;&#8212;&#8212;&#8212;&#8211;<br \/>\nSe\u010dteno, podtr\u017eeno, Ladislave Jakle, pokud nebude m\u00edt prezident jasnou<br \/>\ngaranci toho, o \u010dem jste mluvil, tak d\u00e1l budou ta dv\u011b odvol\u00e1n\u00ed a jedna<br \/>\nrezignace zaparkov\u00e1ny na Hrad\u011b.<\/p>\n<p>Ladislav JAKL, \u0159editel politick\u00e9ho odboru Kancel\u00e1\u0159e prezidenta<br \/>\n&#8212;&#8212;&#8212;&#8212;&#8212;&#8212;&#8211;<br \/>\nTo \u0159ekl ve sv\u00e9 tiskov\u00e9 konferenci prezident republiky u\u017e asi p\u0159ed 9 dny a<br \/>\nnen\u00ed d\u016fvod tu ot\u00e1zku.<\/p>\n<p>V\u00e1clav MORAVEC, moder\u00e1tor<br \/>\n&#8212;&#8212;&#8212;&#8212;&#8212;&#8212;&#8211;<br \/>\nNa tom cokoliv m\u011bnit.<\/p>\n<p>Ladislav JAKL, \u0159editel politick\u00e9ho odboru Kancel\u00e1\u0159e prezidenta<br \/>\n&#8212;&#8212;&#8212;&#8212;&#8212;&#8212;&#8211;<br \/>\nKl\u00e1st po\u0159\u00e1d. My jsme se stali p\u0159es noc n\u00e1rodem \u00fastavn\u00edch pr\u00e1vn\u00edk\u016f, ale<br \/>\nv\u0161ichni, kdo k\u0159i\u010d\u00ed, \u017ee se oh\u00fdb\u00e1 \u00fastava, poru\u0161uje \u00fastava, ve skute\u010dnosti<br \/>\ncht\u011bj\u00ed \u0159\u00edct, \u017ee prezident m\u00e1 konat jinak, \u017ee by si p\u0159\u00e1li jin\u00e9ho prezidenta,<br \/>\njinak se chovaj\u00edc\u00edho a jen se schov\u00e1vaj\u00ed za \u00fastavu.<\/p>\n<p>V\u00e1clav MORAVEC, moder\u00e1tor<br \/>\n&#8212;&#8212;&#8212;&#8212;&#8212;&#8212;&#8211;<br \/>\nNo, po\u010dkejte, z toho snad asi nem\u016f\u017eete obvi\u0148ovat Vojt\u011bcha Filipa.<\/p>\n<p>Vojt\u011bch FILIP, p\u0159edseda strany \/KS\u010cM\/<br \/>\n&#8212;&#8212;&#8212;&#8212;&#8212;&#8212;&#8211;<br \/>\nTak j\u00e1 ch\u00e1pu, \u017ee pan tajemn\u00edk Jakl mus\u00ed obhajovat kroky prezidenta, i kdyby<br \/>\nto d\u011blal \u0161patn\u011b. Ale j\u00e1 v tomhle ohledu, v tomhle ohledu samoz\u0159ejm\u011b s n\u00edm<br \/>\nnesouhlas\u00edm, mysl\u00edm, \u017ee ten m\u016fj n\u00e1zor, kter\u00fd j\u00e1 jsem \u0159ekl v \u00fater\u00fd, potvrdil<br \/>\nnap\u0159\u00edklad profesor Gerloch, \u017ee m\u00e1 stejn\u00fd n\u00e1zor jako j\u00e1. A pana tajemn\u00edka<br \/>\nbych prosil, aby nevykl\u00e1dal technokraticky \u00fastavu, proto\u017ee tak prost\u011b to v<br \/>\nt\u00e9 \u00fastav\u011b opravdu nen\u00ed. Ale j\u00e1 chci \u0159\u00edct, potom se nem\u016f\u017eeme divit, \u017ee v<br \/>\ntomhle ohledu ta spole\u010dnost je roz\u010dlen\u011bna na tu politiku a krom\u011b toho<br \/>\nsamoz\u0159ejm\u011b vznikaj\u00ed dal\u0161\u00ed iniciativy. J\u00e1 jsem informov\u00e1n od alternativy<br \/>\nzdola, \u017ee se vyvol\u00e1 jedn\u00e1n\u00ed ob\u010dan\u016f, ob\u010dansk\u00e9 ve\u0159ejnosti proti t\u00e9to vl\u00e1d\u011b. Ve<br \/>\nst\u0159edu ve 20 hodin m\u00e1 b\u00fdt.<\/p>\n<p>V\u00e1clav MORAVEC, moder\u00e1tor<br \/>\n&#8212;&#8212;&#8212;&#8212;&#8212;&#8212;&#8211;<br \/>\nPo\u010dkejte, abyste ned\u011blal dal\u0161\u00ed reklamu.<\/p>\n<p>Vojt\u011bch FILIP, p\u0159edseda strany \/KS\u010cM\/<br \/>\n&#8212;&#8212;&#8212;&#8212;&#8212;&#8212;&#8211;<br \/>\nNe, j\u00e1 jako ned\u011bl\u00e1m dal\u0161\u00ed reklamu.<\/p>\n<p>V\u00e1clav MORAVEC, moder\u00e1tor<br \/>\n&#8212;&#8212;&#8212;&#8212;&#8212;&#8212;&#8211;<br \/>\nHraje V\u00e1clav Klaus v tomto okam\u017eiku roli svorn\u00edka?<\/p>\n<p>Vojt\u011bch FILIP, p\u0159edseda strany \/KS\u010cM\/<br \/>\n&#8212;&#8212;&#8212;&#8212;&#8212;&#8212;&#8211;<br \/>\nNe, v tuhle chv\u00edli rozd\u011bluje tu politickou sc\u00e9nu, proto\u017ee \u0159ekl bych,<br \/>\nzatla\u010dil prezident republiky premi\u00e9ra do situace, kdy on je, promi\u0148te mi,<br \/>\n\u010dlov\u011bk, kter\u00fd nos\u00ed \u0161patn\u00e9 zpr\u00e1vy a on ho vyhazuje z toho Hradu. To se na m\u011b<br \/>\nnezlobte, takhle to je. Alespo\u0148 to m\u011bl odd\u011blit tu rezignaci a byla d\u016fvodn\u00e1<br \/>\nta rezignace V\u00edta B\u00e1rty. To j\u00e1 podot\u00fdk\u00e1m, \u017ee ti lid\u00e9 to vn\u00edmaj\u00ed tak, \u017ee<br \/>\nkone\u010dn\u011b ode\u0161el.<\/p>\n<p>V\u00e1clav MORAVEC, moder\u00e1tor<br \/>\n&#8212;&#8212;&#8212;&#8212;&#8212;&#8212;&#8211;<br \/>\nPan\u00ed p\u0159edsedkyn\u011b, tady jste od Ladislava Jakla jasn\u011b sly\u0161ela, prezident<br \/>\nza\u010dne konat, a\u017e bude jasn\u00e1 dohoda K a te\u010f je jedno, jestli \u0161estky, dev\u00edtky,<br \/>\ndvan\u00e1ctky, prost\u011b stran vl\u00e1dn\u00ed koalice. Tud\u00ed\u017e c\u00edt\u00edte se t\u00edm tla\u010deni do kouta<br \/>\na m\u016f\u017ee tento tlak prezidenta p\u0159isp\u011bt k tomu, \u017ee se dohodnete?<\/p>\n<p>Miroslava N\u011aMCOV\u00c1, 1. m\u00edstop\u0159edsedkyn\u011b strany \/ODS\/<br \/>\n&#8212;&#8212;&#8212;&#8212;&#8212;&#8212;&#8211;<br \/>\nTak j\u00e1 bych v\u00edtala tlak prezidenta pozitivn\u00ed v tom slova smyslu, \u017ee by<br \/>\ndonutil opravdu tu politickou reprezentaci k rychl\u00e9mu rozhodnut\u00ed, proto\u017ee to<br \/>\nrozhodnut\u00ed nem\u016f\u017ee viset dlouho ve vzduchu, zda se domluv\u00edme, jak se<br \/>\ndomluv\u00edme, jak dlouho to bude trvat. Je fakt, \u017ee je p\u0159ed n\u00e1mi spousta v\u011bc\u00ed,<br \/>\nkter\u00e9 je pot\u0159eba ud\u011blat a ten \u010das je nesm\u00edrn\u011b drah\u00fd a nem\u016f\u017eeme ot\u00e1let. \u010cili<br \/>\nz tohoto pohledu tlak nejenom prezidenta, tlak ve\u0159ejnosti bych vn\u00edmala jako<br \/>\npozitivn\u00ed na n\u00e1s, abychom opravdu u\u010dinili rozhodnut\u00ed s pln\u00fdm v\u011bdom\u00edm<br \/>\nn\u00e1sledk\u016f tohoto rozhodnut\u00ed. Druhou ot\u00e1zku, kterou j\u00e1 v\u00e1m neum\u00edm odpov\u011bd\u011bt,<br \/>\njestli je opravdu lh\u016fta pro n\u011bjak\u00e1, lh\u016fta pro rozhodnut\u00ed prezidenta<br \/>\nsedmidenn\u00ed dostate\u010dn\u00e1, osmidenn\u00ed nedostate\u010dn\u00e1.<\/p>\n<p>V\u00e1clav MORAVEC, moder\u00e1tor<br \/>\n&#8212;&#8212;&#8212;&#8212;&#8212;&#8212;&#8211;<br \/>\nTo byste \u0159ekla, \u017ee pro v\u00e1s je 14denn\u00ed p\u0159\u00edli\u0161 dlouh\u00e1. Je v t\u00e9to situaci<br \/>\nprezident V\u00e1clav Klaus svorn\u00edkem nebo hybatelem, jasn\u00e1 odpov\u011b\u010f. V\u00e1\u0161 n\u00e1zor.<\/p>\n<p>Miroslava N\u011aMCOV\u00c1, 1. m\u00edstop\u0159edsedkyn\u011b strany \/ODS\/<br \/>\n&#8212;&#8212;&#8212;&#8212;&#8212;&#8212;&#8211;<br \/>\nJ\u00e1 si mysl\u00edm, \u017ee prezident chce, aby ve\u0159ejnost z\u00edskala jasn\u00fd obr\u00e1zek o tom,<br \/>\nkter\u00e9 budou dal\u0161\u00ed kroky na politick\u00e9 sc\u00e9n\u011b. To asi chceme v\u0161ichni. Druh\u00e1<br \/>\nv\u011bc, co bych si j\u00e1 velmi p\u0159\u00e1la, aby se domluvil s panem premi\u00e9rem, aby tady<br \/>\nbyl n\u011bjak\u00fd soulad v kon\u00e1n\u00ed, aby prost\u011b to nebylo vn\u00edm\u00e1no, jako \u017ee nechce<br \/>\nprezident a priori vyhov\u011bt panu premi\u00e9rovi. J\u00e1 se domn\u00edv\u00e1m, \u017ee to tak nen\u00ed,<br \/>\n\u017ee tady je snaha po n\u011bjak\u00e9m nalezen\u00ed kl\u00ed\u010de z t\u00e9to patov\u00e9 situace. Ale d\u00e1l<br \/>\nnev\u00edm, jak bych komentovala tedy tu lh\u016ftu, to opravdu neum\u00edm.<\/p>\n<p>V\u00e1clav MORAVEC, moder\u00e1tor<br \/>\n&#8212;&#8212;&#8212;&#8212;&#8212;&#8212;&#8211;<br \/>\nPro Karla Schwarzenberga, hybatel nebo svorn\u00edk V\u00e1clav Klaus v t\u00e9to situaci.<\/p>\n<p>Karel SCHWARZENBERG, p\u0159edseda strany \/TOP 09\/<br \/>\n&#8212;&#8212;&#8212;&#8212;&#8212;&#8212;&#8211;<br \/>\nNo, tady v t\u00e9 je hybatel, to na ka\u017ed\u00fd p\u00e1d, halva st\u00e1tu, kdy\u017e \u010din\u00ed, tak je<br \/>\nhybatelem, o tom nem\u016f\u017eeme pochybovat. To je jasn\u00fd. Svorn\u00edk, uvid\u00edme,<br \/>\nprozat\u00edm je na ka\u017ed\u00fd p\u00e1d \u010dlov\u011bk, kter\u00fd h\u00fdb\u00e1 \u010deskou politikou, ale to d\u011blal<br \/>\ncel\u00fd \u017eivot, proto se nechal zvolit prezidentem.<\/p>\n<p>V\u00e1clav MORAVEC, moder\u00e1tor<br \/>\n&#8212;&#8212;&#8212;&#8212;&#8212;&#8212;&#8211;<br \/>\nPolitolog Ji\u0159\u00ed Pehe v souvislosti s postupem V\u00e1clava Klause v sou\u010dasn\u00e9 krizi<br \/>\nv den\u00edku Pr\u00e1vo napsal, \u017ee nej\u010dist\u0161\u00edm \u0159e\u0161en\u00edm by bylo rozhodnut\u00ed \u00dastavn\u00edho<br \/>\nsoudu, nejde zde p\u0159itom jen o V\u00e1clava Klause, d\u016fle\u017eit\u00e9 je v\u011bd\u011bt, jak si<br \/>\nprezidentsk\u00e9 pravomoci maj\u00ed vykl\u00e1dat i prezidenti p\u0159\u00ed\u0161t\u00ed a Ji\u0159\u00ed Pehe je\u0161t\u011b<br \/>\nnapsal, citujme: &#8222;Nab\u00edz\u00ed se dv\u011b \u0159e\u0161en\u00ed, vl\u00e1da se m\u016f\u017ee obr\u00e1tit na \u00dastavn\u00ed<br \/>\nsoud, aby posoudil \u00fastavnost prezidentova jedn\u00e1n\u00ed, kdy\u017e odm\u00edt\u00e1 bez prodlen\u00ed<br \/>\na kladen\u00ed podm\u00ednek odvolat ministry navr\u017een\u00e9 premi\u00e9rem. Jakkoliv by se tento<br \/>\nspor politicky jist\u011b rozuzlil je\u0161t\u011b p\u0159ed rozhodnut\u00edm soudu, tak by snad i<br \/>\ntak mohl posoudit prezidentovo sou\u010dasn\u00e9 nekon\u00e1n\u00ed a nab\u00eddnout z\u00e1vazn\u00fd v\u00fdklad<br \/>\n\u00fastavy. Dal\u0161\u00ed mo\u017enost\u00ed je \u00fastavn\u00ed \u017ealoba na prezidenta, kter\u00e1 tak\u00e9 nen\u00ed<br \/>\nn\u011b\u010d\u00edm nestandardn\u00edm, pokud si politici mysl\u00ed, \u017ee prezident poru\u0161uje \u00fastavu.<br \/>\n\u010cSSD, kter\u00e1 je v sou\u010dasn\u00e9 krizi odk\u00e1z\u00e1na do role div\u00e1ka, by tak mohla do<br \/>\nd\u011bn\u00ed vstoupit nejenom t\u00edm, \u017ee v Poslaneck\u00e9 sn\u011bmovn\u011b vyvol\u00e1 slibovan\u00e9<br \/>\nhlasov\u00e1n\u00ed o ned\u016fv\u011b\u0159e vl\u00e1d\u011b, ale tak\u00e9 t\u00edm, \u017ee Sen\u00e1t, kde m\u00e1 strana v\u011bt\u0161inu,<br \/>\npod\u00e1 na prezidenta \u00fastavn\u00ed \u017ealobu pro opakovan\u00e9 poru\u0161en\u00ed jeho \u00fastavn\u00edch<br \/>\npovinnost\u00ed.&#8220; Konec cit\u00e1tu slovo Ji\u0159\u00edho Peheho. Co jste cht\u011bl, Vojt\u011bchu<br \/>\nFilipe?<\/p>\n<p>Vojt\u011bch FILIP, p\u0159edseda strany \/KS\u010cM\/<br \/>\n&#8212;&#8212;&#8212;&#8212;&#8212;&#8212;&#8211;<br \/>\nJ\u00e1 jenom tolik, \u017ee vl\u00e1da m\u016f\u017ee sice po\u017e\u00e1dat o p\u0159edb\u011b\u017en\u00e9 rozhodnut\u00ed \u00dastavn\u00edho<br \/>\nsoudu a nikoliv v t\u00e9to v\u011bci. Ta m\u016f\u017ee po\u017e\u00e1dat jenom o tom, jestli soulad<br \/>\nmezin\u00e1rodn\u00ed smlouvy je s \u00dastavou \u010cesk\u00e9 republiky. To, co \u0159\u00edk\u00e1 pan politolog<br \/>\nPehe v t\u00e9 prvn\u00ed \u010d\u00e1sti. Vl\u00e1da takovou kompetenci, kdyby takov\u00fd po\u017eadavek na<br \/>\n\u00dastavn\u00ed soud vyslovila, tak by pravd\u011bpodobn\u011b byla \u00dastavn\u00edm soudem odm\u00edtnuta.<\/p>\n<p>V\u00e1clav MORAVEC, moder\u00e1tor<br \/>\n&#8212;&#8212;&#8212;&#8212;&#8212;&#8212;&#8211;<br \/>\nVy, kdybyste m\u011bl \u010d\u00e1st sen\u00e1tor\u016f, kte\u0159\u00ed mohou podat \u00fastavn\u00ed st\u00ed\u017enost, aby se<br \/>\nto jednou pro v\u017edy vy\u0159e\u0161ilo a byl tady, byla tady z\u00e1vazn\u00e1 interpretace<br \/>\n\u00fastavy, je na m\u00edst\u011b ta \u00fastavn\u00ed st\u00ed\u017enost v takov\u00e9m okam\u017eiku?<\/p>\n<p>Vojt\u011bch FILIP, p\u0159edseda strany \/KS\u010cM\/<br \/>\n&#8212;&#8212;&#8212;&#8212;&#8212;&#8212;&#8211;<br \/>\nJ\u00e1 mysl\u00edm, \u017ee to je krajn\u00ed mo\u017enost, kterou mo\u017en\u00e1 n\u011bkdo vyu\u017eije.<\/p>\n<p>V\u00e1clav MORAVEC, moder\u00e1tor<br \/>\n&#8212;&#8212;&#8212;&#8212;&#8212;&#8212;&#8211;<br \/>\nPokud by m\u011bl tady 1.m\u00edstop\u0159edseda \u010cSSD Michal Ha\u0161ek z Brna \u0159\u00edci pro futura,<br \/>\npro budoucnost, uva\u017eujete o to, \u017ee by se t\u0159eba sen\u00e1to\u0159i za\u010d \u010cSSD obr\u00e1tili na<br \/>\n\u00dastavn\u00ed soud, jak dlouh\u00e1 m\u016f\u017ee b\u00fdt ta lh\u016fta nep\u0159ij\u00edm\u00e1n\u00ed rezignac\u00ed.<\/p>\n<p>Michal HA\u0160EK, 1. m\u00edstop\u0159edseda strany \/\u010cSSD\/<br \/>\n&#8212;&#8212;&#8212;&#8212;&#8212;&#8212;&#8211;<br \/>\nPromi\u0148te, j\u00e1 bych se nejd\u0159\u00edve vyj\u00e1d\u0159il k tomu, tak jako v\u0161ichni ostatn\u00ed<br \/>\ndostali mo\u017enost, jak vlastn\u011b te\u010f prezident postupuje. J\u00e1 jsem p\u0159esv\u011bd\u010den, \u017ee<br \/>\nka\u017ed\u00fd prezident republiky, i kdy\u017e m\u00e1me syst\u00e9m parlamentn\u00ed demokracie a<br \/>\nskute\u010dn\u011b v r\u00e1mci v\u00fdkonn\u00e9 moci jednozna\u010dn\u011b trumfy dr\u017e\u00ed v rukou premi\u00e9r,<br \/>\nnikoliv prezident, tak bude cht\u00edt b\u00fdt hybatelem na politick\u00e9 sc\u00e9n\u011b a nev\u00edm,<br \/>\npro\u010d se tomu n\u011bkdo div\u00ed. Soci\u00e1ln\u00ed demokracie jasn\u011b \u0159ekla, \u017ee pro prezidenta<br \/>\nrepubliky a tud\u00ed\u017e i pro sou\u010dasn\u00e9ho prezidenta \u00fastava plat\u00ed. A my o\u010dek\u00e1v\u00e1me,<br \/>\n\u017ee pan prezident sv\u00fdm \u00fastavn\u00edm povinnostem dostoj\u00ed. Na druhou stranu, a te\u010f<br \/>\nvyj\u00e1d\u0159\u00edm sv\u016fj osobn\u00ed n\u00e1zor, j\u00e1 jsem p\u0159esv\u011bd\u010den, \u017ee to, \u017ee prezident nechce<br \/>\np\u0159isp\u011bt k dal\u0161\u00ed nestabilit\u011b, je v\u011bc, pro kterou hledejme pochopen\u00ed. M\u016fj<br \/>\nosobn\u00ed n\u00e1zor je nap\u0159\u00edklad takov\u00fd, \u017ee v p\u0159\u00edpad\u011b, \u017ee by skute\u010dn\u011b hned v<br \/>\npond\u011bl\u00ed V\u00e1clav Klaus zafungoval jako zmi\u0148ovan\u00fd stroj na Pra\u017esk\u00e9m hrad\u011b,<br \/>\ntud\u00ed\u017e Petr Ne\u010das by mu vlo\u017eil do rukou demise a n\u00e1vrhy na odvol\u00e1n\u00ed a<br \/>\nokam\u017eit\u011b by si cht\u011bl z Hradu odv\u00e9zt odvol\u00e1vac\u00ed dekrety, tak to mo\u017en\u00e1 mohlo<br \/>\np\u0159isp\u011bt k tomu, aby byla vy\u0161achov\u00e1na jedna ze sou\u010dasn\u00fdch koali\u010dn\u00edch stran.<br \/>\nMo\u017en\u00e1 to m\u011blo p\u0159isp\u011bt k jednomu ze sc\u00e9n\u00e1\u0159\u016f, \u017ee by tady byla vl\u00e1da zalo\u017een\u00e1<br \/>\nt\u0159eba na p\u0159eb\u011bhl\u00edc\u00edch, na poslanc\u00edch, kte\u0159\u00ed by opustili jeden ze sou\u010dasn\u00fdch<br \/>\nvl\u00e1dn\u00edch poslaneck\u00fdch klub\u016f a to V\u00e1clav Klaus necht\u011bl. Kdy\u017e jste se ptal na<br \/>\nto, jestli je svorn\u00edk, nebo hybatel, j\u00e1 mysl\u00edm, \u017ee p\u0159edev\u0161\u00edm vystupuje jako<br \/>\nsvorn\u00edk pro vl\u00e1dn\u00ed koalici. To, co \u0159\u00edk\u00e1m, nen\u00ed protimluv, j\u00e1 mysl\u00edm, \u017ee<br \/>\nprezident Klaus si velmi p\u0159eje pokra\u010dov\u00e1n\u00ed sou\u010dasn\u00e9 koalice a prakticky t\u00edm,<br \/>\n\u017ee od pond\u011blka zat\u00edm nevyhov\u011bl n\u00e1vrhu premi\u00e9ra Ne\u010dase, tak vytvo\u0159il tlak na<br \/>\nto, aby se koali\u010dn\u00ed strany se\u0161ly u jednac\u00edho stolu a jednaly o pokra\u010dov\u00e1n\u00ed<br \/>\nvl\u00e1dn\u00edho projektu.<\/p>\n<p>V\u00e1clav MORAVEC, moder\u00e1tor<br \/>\n&#8212;&#8212;&#8212;&#8212;&#8212;&#8212;&#8211;<br \/>\nM\u016f\u017eete \u0159\u00edci, kdy by tedy prezident m\u011bl vyhov\u011bt, pokud u\u017e 7 dn\u00ed sl\u00fdch\u00e1me z<br \/>\nkoalice, m\u00e1me v\u016fli se dohodnout a prezident, jak jsme sly\u0161eli od Ladislava<br \/>\nJakla, dokud nebude m\u00edt jasn\u00e9 \u0159e\u0161en\u00ed, co d\u00e1l v t\u00e9to zemi politicky, tak<br \/>\nnevid\u00ed d\u016fvod, pro\u010d by vyhov\u011bl t\u00e9, t\u00e9 v\u011bci?<\/p>\n<p>Michal HA\u0160EK, 1. m\u00edstop\u0159edseda strany \/\u010cSSD\/<br \/>\n&#8212;&#8212;&#8212;&#8212;&#8212;&#8212;&#8211;<br \/>\nMy nejsme \u00dastavn\u00ed soud. J\u00e1 tady nechci p\u0159ipom\u00ednat dal\u0161\u00ed zn\u00e1m\u00fd v\u00fdrok V\u00e1clava<br \/>\nKlause, \u017ee chce b\u00fdt prezidentem aktivn\u00edm, nikoliv aktivistick\u00fdm a podobn\u011b.<br \/>\nProst\u011b v pond\u011bl\u00ed bude jasn\u00e9, jestli koalice vyu\u017eije n\u011bkter\u00fd z t\u011bch 7<br \/>\nsc\u00e9n\u00e1\u0159\u016f, moc stmel\u00ed sou\u010dasnou koalici, nebo mo\u017en\u00e1 hrozba hlasov\u00e1n\u00ed o<br \/>\nned\u016fv\u011b\u0159e vl\u00e1d\u011b, kterou v pond\u011bl\u00ed pod\u00e1 soci\u00e1ln\u00ed demokracie pan\u00ed p\u0159edsedkyni<br \/>\nN\u011bmcov\u00e9. To m\u016f\u017ee m\u00edt i ten efekt, \u017ee jinak rozh\u00e1dan\u00e1 se vl\u00e1dn\u00ed koalice,<br \/>\nkter\u00e1 na sebe pod\u00e1v\u00e1 trestn\u00ed ozn\u00e1men\u00ed, se op\u011bt spoj\u00ed a prost\u011b ten tmel moci<br \/>\nbude n\u011bco, co nakonec zv\u00edt\u011bz\u00ed. K \u00fastavn\u00ed st\u00ed\u017enosti, my jsme zat\u00edm<br \/>\nneprob\u00edrali v soci\u00e1ln\u00ed demokracii mo\u017enost, \u017ee by n\u00e1\u0161 sen\u00e1torsk\u00fd klub tuhle<br \/>\nz\u00e1le\u017eitost inicioval, velmi pozorn\u011b budeme sledovat dal\u0161\u00ed d\u011bn\u00ed, v\u010detn\u011b<br \/>\n\u00fastavn\u00edch postup\u016f prezidenta republiky a vl\u00e1dy a samoz\u0159ejm\u011b vyhrazujeme si<br \/>\npr\u00e1vo, \u017ee m\u016f\u017eeme pou\u017e\u00edt v\u0161echny prost\u0159edky, kter\u00e9 n\u00e1m \u00fastava a pr\u00e1vn\u00ed \u0159\u00e1d<br \/>\n\u010cesk\u00e9 republiky p\u0159ipou\u0161t\u00ed a d\u00e1vaj\u00ed do ruky.<\/p>\n<p>V\u00e1clav MORAVEC, moder\u00e1tor<br \/>\n&#8212;&#8212;&#8212;&#8212;&#8212;&#8212;&#8211;<br \/>\nPro tuto chv\u00edli d\u011bkuji Michalu Ha\u0161kovi. Lou\u010d\u00edm se s tajemn\u00edkem prezidenta<br \/>\nLadislavem Jaklem, kter\u00fd byl hostem \u010cesk\u00e9 televize a Ot\u00e1zek a vy ostatn\u00ed<br \/>\np\u0159epn\u011bte si na zpravodajskou \u010dty\u0159iadvac\u00edtku, kde pokra\u010dujeme za p\u00e1r okam\u017eik\u016f<br \/>\npo stru\u010dn\u00fdch zpr\u00e1v\u00e1ch. Hosty Ot\u00e1zek v r\u00e1mci boje o vnitro budou i dva b\u00fdval\u00ed<br \/>\nminist\u0159i vnitra, a to Franti\u0161ek Bublan a Ivan Langer. Franti\u0161ek Bublan z<br \/>\n\u010cSSD, Ivan Langer z ODS. P\u0159epn\u011bte si na \u010dty\u0159iadvac\u00edtku, pokra\u010dujeme po<br \/>\nstru\u010dn\u00fdch zpr\u00e1v\u00e1ch.<\/p>\n<p>17. dubna 2011 \u010cT 24 &#8211; 13:05 Ot\u00e1zky V\u00e1clava Moravce II.<\/p>\n<p>2. Hybatel, nebo svorn\u00edk? Klausova ne\u00fastupnost<\/p>\n<p>V\u00e1clav MORAVEC, moder\u00e1tor<br \/>\n&#8212;&#8212;&#8212;&#8212;&#8212;&#8212;&#8211;<br \/>\nP\u0159ipom\u00edn\u00e1m, \u017ee hlavn\u00edmi hosty dne\u0161n\u00edch Ot\u00e1zek z\u016fst\u00e1vaj\u00ed p\u0159edsedov\u00e9 a prvn\u00ed<br \/>\nm\u00edstop\u0159edsedov\u00e9 p\u011bti politick\u00fdch stran zastoupen\u00fdch ve sn\u011bmovn\u011b. Do Brna<br \/>\nje\u0161t\u011b jednou p\u0159eji hezk\u00e9 dobr\u00e9 poledne, te\u010f u\u017e odpoledne prvn\u00edmu<br \/>\nm\u00edstop\u0159edsedovi \u010cSSD Michalu Ha\u0161kovi, je\u0161t\u011b jednou v\u00edtejte na<br \/>\n\u010dty\u0159iadvac\u00edtce, je\u0161t\u011b jednou dobr\u00fd den.<\/p>\n<p>Michal HA\u0160EK, 1. m\u00edstop\u0159edseda strany \/\u010cSSD\/<br \/>\n&#8212;&#8212;&#8212;&#8212;&#8212;&#8212;&#8211;<br \/>\nD\u011bkuji za pozv\u00e1n\u00ed a hezk\u00e9 odpoledne.<\/p>\n<p>V\u00e1clav MORAVEC, moder\u00e1tor<br \/>\n&#8212;&#8212;&#8212;&#8212;&#8212;&#8212;&#8211;<br \/>\nA v Praze z\u016fst\u00e1vaj\u00ed p\u0159edsedkyn\u011b Poslaneck\u00e9 sn\u011bmovny Parlamentu \u010cesk\u00e9<br \/>\nrepubliky, prvn\u00ed m\u00edstop\u0159edsedkyn\u011b ODS Miroslava N\u011bmcov\u00e1, je\u0161t\u011b jednou<br \/>\nv\u00edtejte na \u010dty\u0159iadvac\u00edtce.<\/p>\n<p>Miroslava N\u011aMCOV\u00c1, 1. m\u00edstop\u0159edsedkyn\u011b strany \/ODS\/<br \/>\n&#8212;&#8212;&#8212;&#8212;&#8212;&#8212;&#8211;<br \/>\nTak\u00e9 je\u0161t\u011b jednou zdrav\u00edm.<\/p>\n<p>V\u00e1clav MORAVEC, moder\u00e1tor<br \/>\n&#8212;&#8212;&#8212;&#8212;&#8212;&#8212;&#8211;<br \/>\nJe\u0161t\u011b jednou v\u00edt\u00e1m i p\u0159edsedu TOP 09, ministra zahrani\u010d\u00ed \u010cesk\u00e9 republiky<br \/>\nKarla Schwarzenberga, je\u0161t\u011b jednou hezk\u00e9 odpoledne.<\/p>\n<p>Karel SCHWARZENBERG, p\u0159edseda strany \/TOP 09\/<br \/>\n&#8212;&#8212;&#8212;&#8212;&#8212;&#8212;&#8211;<br \/>\nDobr\u00fd odpoledne.<\/p>\n<p>V\u00e1clav MORAVEC, moder\u00e1tor<br \/>\n&#8212;&#8212;&#8212;&#8212;&#8212;&#8212;&#8211;<br \/>\nP\u0159edseda KS\u010cM Vojt\u011bch Filip a m\u00edstop\u0159edsedkyn\u011b V\u011bc\u00ed ve\u0159ejn\u00fdch a p\u0159edsedkyn\u011b<br \/>\nposlaneck\u00e9ho klubu strany Karol\u00edna Peake, je\u0161t\u011b jednou v\u00edtejte oba dva na<br \/>\n\u010dty\u0159iadvac\u00edtce.<\/p>\n<p>Vojt\u011bch FILIP, p\u0159edseda strany \/KS\u010cM\/<br \/>\n&#8212;&#8212;&#8212;&#8212;&#8212;&#8212;&#8211;<br \/>\nDobr\u00e9 odpoledne.<\/p>\n<p>Karol\u00edna PEAKE, m\u00edstop\u0159edsedkyn\u011b strany \/VV\/<br \/>\n&#8212;&#8212;&#8212;&#8212;&#8212;&#8212;&#8211;<br \/>\nDobr\u00fd den.<\/p>\n<p>V\u00e1clav MORAVEC, moder\u00e1tor<br \/>\n&#8212;&#8212;&#8212;&#8212;&#8212;&#8212;&#8211;<br \/>\nMichale Ha\u0161ku, dokon\u010deme u v\u00e1s, ch\u00e1pu to tedy spr\u00e1vn\u011b, \u017ee zat\u00edm neuva\u017eujete<br \/>\no tom, \u017ee byste pod\u00e1vali n\u00e1vrh k \u00dastavn\u00edmu soudu, dokdy vlastn\u011b prezident by<br \/>\nm\u011bl rozhodnout o odvol\u00e1n\u00ed, \u010di rezignaci jak\u00e9hokoliv ministra, kdy\u017e mu<br \/>\npremi\u00e9r d\u00e1 takov\u00fd n\u00e1vrh.<\/p>\n<p>Michal HA\u0160EK, 1. m\u00edstop\u0159edseda strany \/\u010cSSD\/<br \/>\n&#8212;&#8212;&#8212;&#8212;&#8212;&#8212;&#8211;<br \/>\nNe, zat\u00edm jsme ve veden\u00ed soci\u00e1ln\u00ed demokracie o takov\u00e9hle mo\u017enosti<br \/>\nnediskutovali, my \u010dek\u00e1me samoz\u0159ejm\u011b tak\u00e9 na to, jak v pond\u011bl\u00ed nebo za\u010d\u00e1tkem<br \/>\np\u0159\u00ed\u0161t\u00edho t\u00fddne dopadnou ta jedn\u00e1n\u00ed sou\u010dasn\u00e9 koalice, nicm\u00e9n\u011b v\u00e1\u017en\u00fd \u00fastavn\u00ed<br \/>\nkrok, kter\u00fd soci\u00e1ln\u00ed demokracie avizovala, byl schv\u00e1len p\u00e1te\u010dn\u00edm jedn\u00e1n\u00edm<br \/>\np\u0159edsednictva i sobotn\u00edm \u00fast\u0159edn\u00edm v\u00fdkonn\u00fdm v\u00fdborem, je n\u00e1vrh na hlasov\u00e1n\u00ed o<br \/>\nned\u016fv\u011b\u0159e vl\u00e1dy a ten p\u0159ed\u00e1me pan\u00ed p\u0159edsedkyni Poslaneck\u00e9 sn\u011bmovny s<br \/>\np\u0159\u00edslu\u0161n\u00fdm po\u010dtem podpis\u016f z\u00e1konod\u00e1rc\u016f v pond\u011bl\u00ed, za\u010dne b\u011b\u017eet p\u0159\u00edslu\u0161n\u00e1 lh\u016fta<br \/>\nz jednac\u00edho \u0159\u00e1du a o\u010dek\u00e1v\u00e1me, \u017ee po Velikonoc\u00edch by se uskute\u010dnila mimo\u0159\u00e1dn\u00e1<br \/>\nsch\u016fze sn\u011bmovny, na kter\u00e9 by se jednalo a hlasovalo o ned\u016fv\u011b\u0159e Ne\u010dasov\u011b<br \/>\nvl\u00e1d\u011b.<\/p>\n<p>V\u00e1clav MORAVEC, moder\u00e1tor<br \/>\n&#8212;&#8212;&#8212;&#8212;&#8212;&#8212;&#8211;<br \/>\nTa lh\u016fta je desetidenn\u00ed, pan\u00ed p\u0159edsedkyn\u011b, p\u0159ikl\u00e1n\u00edte se k jak\u00e9mu term\u00ednu<br \/>\nsvol\u00e1n\u00ed t\u00e9 sch\u016fze, proto\u017ee po Velikonoc\u00edch se uskute\u010dn\u00ed tak\u00e9 \u0159\u00e1dn\u00e1 sch\u016fze<br \/>\nPoslaneck\u00e9 sn\u011bmovny?<\/p>\n<p>Miroslava N\u011aMCOV\u00c1, 1. m\u00edstop\u0159edsedkyn\u011b strany \/ODS\/<br \/>\n&#8212;&#8212;&#8212;&#8212;&#8212;&#8212;&#8211;<br \/>\nNo, p\u0159ikl\u00e1n\u00edm se k tomu, \u017ee v r\u00e1mci t\u00e9 \u0159\u00e1dn\u00e9 sch\u016fze bude za\u0159azena sch\u016fze<br \/>\nmimo\u0159\u00e1dn\u00e1 s t\u00edmto n\u00e1vrhem na, na hlasov\u00e1n\u00ed o d\u016fv\u011b\u0159e vl\u00e1dy. Ona ta \u0159\u00e1dn\u00e1<br \/>\nsch\u016fze za\u010d\u00edn\u00e1 v \u00fater\u00fd po Velikonoc\u00edch, \u010dili 26. dubna. Jestli\u017ee dostanu &#8230;<\/p>\n<p>V\u00e1clav MORAVEC, moder\u00e1tor<br \/>\n&#8212;&#8212;&#8212;&#8212;&#8212;&#8212;&#8211;<br \/>\nUva\u017eujete o tom, \u017ee by bylo dobr\u00e9 p\u0159ed\u0159adit tu mimo\u0159\u00e1dnou sch\u016fzi t\u00e9 \u0159\u00e1dn\u00e9,<br \/>\na\u0165 si to, lidov\u011b \u0159e\u010deno, odbydeme?<\/p>\n<p>Miroslava N\u011aMCOV\u00c1, 1. m\u00edstop\u0159edsedkyn\u011b strany \/ODS\/<br \/>\n&#8212;&#8212;&#8212;&#8212;&#8212;&#8212;&#8211;<br \/>\nJe, je to klidn\u011b mo\u017en\u00e9, v\u016fbec nem\u00e1m te\u010f v hlav\u011b konkr\u00e9tn\u00ed datum, abych<br \/>\n\u0159ekla, zda \u00fater\u00fd, st\u0159eda, \u010dtvrtek, to nem\u00e1m, \u010dekala jsem tak\u00e9 na to, kdy<br \/>\nskute\u010dn\u011b tu \u017e\u00e1dost dostanu, proto\u017ee od toho se teprve ty lh\u016fty odv\u00edjej\u00ed.<\/p>\n<p>V\u00e1clav MORAVEC, moder\u00e1tor<br \/>\n&#8212;&#8212;&#8212;&#8212;&#8212;&#8212;&#8211;<br \/>\nV pond\u011bl\u00ed ji dostanete, v\u00e1\u0161 osobn\u00ed n\u00e1zor, bylo by lep\u0161\u00ed, aby p\u0159edch\u00e1zela<br \/>\nmimo\u0159\u00e1dn\u00e1 sch\u016fze, a\u0165 u\u017e pak sn\u011bmovna nen\u00ed rozptylov\u00e1na zase, a\u0165 je<br \/>\nrozh\u0159e\u0161eno?<\/p>\n<p>Miroslava N\u011aMCOV\u00c1, 1. m\u00edstop\u0159edsedkyn\u011b strany \/ODS\/<br \/>\n&#8212;&#8212;&#8212;&#8212;&#8212;&#8212;&#8211;<br \/>\nZ tohoto pohledu by to bylo ur\u010dit\u011b lep\u0161\u00ed, kdyby se rozhodlo a s t\u00edmto<br \/>\nrozhodnut\u00edm potom ta sn\u011bmovna by mohla jednat o tom programu, kter\u00fd m\u00e1 na<br \/>\n\u0159\u00e1dn\u00e9 sch\u016fze, ale, jak \u0159\u00edk\u00e1m, mo\u017en\u00e9 jsou i jin\u00e9 varianty.<\/p>\n<p>V\u00e1clav MORAVEC, moder\u00e1tor<br \/>\n&#8212;&#8212;&#8212;&#8212;&#8212;&#8212;&#8211;<br \/>\nTa v\u011bc, kter\u00e1 se t\u00fdk\u00e1 \u00fastavy a krok\u016f pana prezidenta, Karol\u00edna Peake je<br \/>\np\u0159edsedkyn\u00ed \u00fastavn\u011b-pr\u00e1vn\u00edho v\u00fdboru, co si po\u010d\u00edt s \u00fastavou, jestli\u017ee<br \/>\nprezidenti, ale on to nen\u00ed jen V\u00e1clav Klaus, ale byl to i V\u00e1clav Havel,<br \/>\nkter\u00fd tak\u00e9 bojoval s Milo\u0161em Zemanem, kdy\u017e mu necht\u011bl pov\u00fd\u0161it do pozice<br \/>\nvicepremi\u00e9ra pro ekonomiku Miroslava Gr\u00e9gra a premi\u00e9\u0159i tady s prezidenty<br \/>\nbojovali v t\u011bch uplynul\u00fdch letech, pova\u017eujete to prost\u011b za b\u011b\u017en\u00fd kolorit,<br \/>\nnebo by bylo dobr\u00e9 m\u00edt v\u00fdklad \u00dastavn\u00edho soudu, \u010di d\u00e1vat do \u00fastavy n\u011bjak\u00e9<br \/>\nlh\u016fty?<\/p>\n<p>Karol\u00edna PEAKE, m\u00edstop\u0159edsedkyn\u011b strany \/VV\/<br \/>\n&#8212;&#8212;&#8212;&#8212;&#8212;&#8212;&#8211;<br \/>\nTak \u00fastava nen\u00ed \u017e\u00e1dn\u00fd trhac\u00ed kalend\u00e1\u0159, abychom ji m\u011bnili poka\u017ed\u00e9, kdy\u017e se<br \/>\nn\u00e1m nel\u00edb\u00ed, jak n\u011bkter\u00fd prezident se chov\u00e1. Z m\u00e9ho pohledu se prezident<br \/>\nchov\u00e1 jako jeden z nejvy\u0161\u0161\u00edch \u00fastavn\u00edch \u010dinitel\u016f, od n\u011bho\u017e zkr\u00e1tka o\u010dek\u00e1v\u00e1m<br \/>\nrozv\u00e1\u017enost a kdyby nic jin\u00e9ho, tak t\u00edm prostorem, kter\u00fd poskytl, dal mo\u017enost<br \/>\npro to, aby se cel\u00e1 vl\u00e1dn\u00ed krize, cel\u00e1 ta af\u00e9ra objevila ve v\u0161ech dimenz\u00edch,<br \/>\nnikoliv pouze v tom, co se objevilo p\u0159ed 14 dny v Mlad\u00e9 front\u011b, ale i t\u0159eba<br \/>\nv nahr\u00e1vce Krist\u00fdny Ko\u010d\u00ed.<\/p>\n<p>V\u00e1clav MORAVEC, moder\u00e1tor<br \/>\n&#8212;&#8212;&#8212;&#8212;&#8212;&#8212;&#8211;<br \/>\nVy nevn\u00edm\u00e1te jako V\u011bci ve\u0159ejn\u00e9, \u017ee jste si, lidov\u011b \u0159e\u010deno, prezidenta<br \/>\nzah\u00e1\u010dkovali t\u011bmi kroky na ministerstvu \u0161kolstv\u00ed, proto\u017ee Josef Dobe\u0161, v\u00e1\u0161<br \/>\nministr \u0161kolstv\u00ed, kter\u00e9ho prezident nechce odvolat, tak m\u00e1 za poradce<br \/>\nprezidentova syna V\u00e1clava Klause juniora a z\u00e1rove\u0148 jmenoval sv\u00fdm poradcem<br \/>\nLadislava B\u00e1toru, kter\u00e9mu ho, lidov\u011b \u0159e\u010deno, dohodili lid\u00e9 z Hradu.<\/p>\n<p>Karol\u00edna PEAKE, m\u00edstop\u0159edsedkyn\u011b strany \/VV\/<br \/>\n&#8212;&#8212;&#8212;&#8212;&#8212;&#8212;&#8211;<br \/>\nPan prezident Klaus bude za dva roky kon\u010dit sv\u00e9 druh\u00e9 volebn\u00ed obdob\u00ed, druh\u00e9<br \/>\na posledn\u00ed volebn\u00ed obdob\u00ed, jsem p\u0159esv\u011bd\u010dena o tom, \u017ee kroky, kter\u00e9 \u010din\u00ed,<br \/>\n\u010din\u00ed pln\u011b odpov\u011bdn\u011b a je mu \u00fapln\u011b jedno, kdo je \u010d\u00ed poradcem a &#8230;<\/p>\n<p>V\u00e1clav MORAVEC, moder\u00e1tor<br \/>\n&#8212;&#8212;&#8212;&#8212;&#8212;&#8212;&#8211;<br \/>\nSt\u0159et z\u00e1jm\u016f tam nevid\u00edte tedy z pohledu V\u011bc\u00ed ve\u0159ejn\u00fdch?<\/p>\n<p>Karol\u00edna PEAKE, m\u00edstop\u0159edsedkyn\u011b strany \/VV\/<br \/>\n&#8212;&#8212;&#8212;&#8212;&#8212;&#8212;&#8211;<br \/>\nTo bych si tedy rozhodn\u011b nedovolila pana prezidenta obvinit ze st\u0159etu z\u00e1jm\u016f.<\/p>\n<p>V\u00e1clav MORAVEC, moder\u00e1tor<br \/>\n&#8212;&#8212;&#8212;&#8212;&#8212;&#8212;&#8211;<br \/>\nPane p\u0159edsedo Filipe?<\/p>\n<p>Vojt\u011bch FILIP, p\u0159edseda strany \/KS\u010cM\/<br \/>\n&#8212;&#8212;&#8212;&#8212;&#8212;&#8212;&#8211;<br \/>\nTak j\u00e1 mus\u00edm \u0159\u00edct za v\u011bt\u0161inu ob\u010dan\u016f \u010cesk\u00e9 republiky, proto\u017ee ten n\u00e1zor<br \/>\nsd\u00edl\u00edm a \u010detl jsem ho n\u011bkolikr\u00e1t na Internetu, na Internetu, \u017ee ob\u010dan\u00e9 \u010cesk\u00e9<br \/>\nrepubliky tento st\u0159et vn\u00edmaj\u00ed velmi ost\u0159e.<\/p>\n<p>V\u00e1clav MORAVEC, moder\u00e1tor<br \/>\n&#8212;&#8212;&#8212;&#8212;&#8212;&#8212;&#8211;<br \/>\nA vy ho tak vn\u00edm\u00e1te tak\u00e9?<\/p>\n<p>Vojt\u011bch FILIP, p\u0159edseda strany \/KS\u010cM\/<br \/>\n&#8212;&#8212;&#8212;&#8212;&#8212;&#8212;&#8211;<br \/>\nJ\u00e1 ho tak\u00e9 tak vn\u00edm\u00e1m, j\u00e1 mysl\u00edm, \u017ee tohle nen\u00ed v\u016fbec dob\u0159e, \u017ee se to &#8230;,<br \/>\n\u017ee je to podr\u00fdv\u00e1n\u00ed autority \u00fastavn\u00edch instituc\u00ed, te\u010f u\u017e nejde o V\u00e1clava<br \/>\nKlause, te\u010f jde o autoritu toho, toho \u00fa\u0159adu prezidenta. A to je, to mi vad\u00ed<br \/>\nopravdu v\u00edc ne\u017e n\u011bjak\u00fd spor s V\u00e1clavem Klausem.<\/p>\n<p>V\u00e1clav MORAVEC, moder\u00e1tor<br \/>\n&#8212;&#8212;&#8212;&#8212;&#8212;&#8212;&#8211;<br \/>\nHraje podle v\u00e1s, Karle Schwarzenbergu, roli to, \u017ee prezident m\u00e1 skrze<br \/>\nn\u011bkter\u00e9 person\u00e1ln\u00ed vazby vazbu na V\u011bci ve\u0159ejn\u00e9, na ministra \u0161kolstv\u00ed Josefa<br \/>\nDobe\u0161e, jeho\u017e n\u00e1vrh na odvol\u00e1n\u00ed p\u0159inesl premi\u00e9r Petr Ne\u010das V\u00e1clavu Klausovi?<\/p>\n<p>Karel SCHWARZENBERG, p\u0159edseda strany \/TOP 09\/<br \/>\n&#8212;&#8212;&#8212;&#8212;&#8212;&#8212;&#8211;<br \/>\nPod\u00edvejte se, my jsme velice mal\u00e1 zem\u011b a Praha je mal\u00e9 m\u011bsto, tady zn\u00e1 ka\u017ed\u00fd<br \/>\nka\u017ed\u00fdho, n\u011bkdy m\u00e1 p\u0159\u00edbuzn\u00fd, zn\u00e1m\u00fd a p\u0159\u00e1tele, tak\u017ee v z\u00e1sad\u011b tomu se t\u011b\u017eko<br \/>\nvyhneme, ale bylo by velice smutn\u00e9, kdyby rozhodnut\u00ed prezidenta republiky<br \/>\nbylo t\u00edmto ovlivn\u011bno, tak\u017ee &#8230;<\/p>\n<p>V\u00e1clav MORAVEC, moder\u00e1tor<br \/>\n&#8212;&#8212;&#8212;&#8212;&#8212;&#8212;&#8211;<br \/>\nA vy osobn\u011b mysl\u00edte si, \u017ee je t\u00edm ovlivn\u011bno?<\/p>\n<p>Karel SCHWARZENBERG, p\u0159edseda strany \/TOP 09\/<br \/>\n&#8212;&#8212;&#8212;&#8212;&#8212;&#8212;&#8211;<br \/>\nJ\u00e1 si nejsem jist\u00fd, j\u00e1 jsem p\u0159esv\u011bd\u010den o tom, \u017ee, mysl\u00edm, to nehraje<br \/>\nrozhoduj\u00edc\u00ed roli, \u017ee prezident, \u0159ekn\u011bme, jako ka\u017ed\u00fd \/nesrozumiteln\u00e9\/ ka\u017ed\u00fd<br \/>\ntaky v dennodenn\u00edm \u017eivot\u011b, kdy\u017e jsou n\u011bjak\u00e9 paragrafy d\u00e1ny, tak, ano,<br \/>\npr\u00e1vn\u00edk, pan Filip \/nesrozumiteln\u00e9\/ potvrzovat, tak se ka\u017ed\u00fd sna\u017e\u00ed, \u0159ekn\u011bme,<br \/>\nty paragrafy natahovat, jak je mo\u017en\u00fd, ve sv\u016fj prosp\u011bch, samoz\u0159ejm\u011b &#8230;<\/p>\n<p>V\u00e1clav MORAVEC, moder\u00e1tor<br \/>\n&#8212;&#8212;&#8212;&#8212;&#8212;&#8212;&#8211;<br \/>\nNo, ale ot\u00e1zkou je, jestli je to, jestli to je vhodn\u00e9.<\/p>\n<p>Karel SCHWARZENBERG, p\u0159edseda strany \/TOP 09\/<br \/>\n&#8212;&#8212;&#8212;&#8212;&#8212;&#8212;&#8211;<br \/>\n&#8230; po\u010dkejte, nechte m\u011b dokon\u010dit &#8230;<\/p>\n<p>V\u00e1clav MORAVEC, moder\u00e1tor<br \/>\n&#8212;&#8212;&#8212;&#8212;&#8212;&#8212;&#8211;<br \/>\nAle ot\u00e1zkou je, jestli to je vhodn\u00e9.<\/p>\n<p>Karel SCHWARZENBERG, p\u0159edseda strany \/TOP 09\/<br \/>\n&#8212;&#8212;&#8212;&#8212;&#8212;&#8212;&#8211;<br \/>\n&#8230; no, samoz\u0159ejm\u011b taky hlava st\u00e1tu vyu\u017e\u00edv\u00e1 ve\u0161ker\u00fd prostor, kter\u00fd j\u00ed \u00fastava<br \/>\nposkytuje. A, \u0159ekn\u011bme, se sna\u017e\u00ed natahovat ty paragrafy, pokud je mo\u017en\u00e9,<br \/>\n\u00fastavy, p\u0159i\u010dem\u017e te\u010f v\u00e1m \u0159eknu a budu asi t\u00edm velice nepopul\u00e1rn\u00ed, dle m\u00e9ho<br \/>\nn\u00e1zoru jist\u00e1 elasticita mus\u00ed bejt. Nen\u00ed mo\u017en\u00e9 v\u0161echno postihnout<br \/>\n\/nesrozumiteln\u00e9\/, j\u00e1 bych byl velice pro to, abychom tady v\u00edce a v\u00edce<br \/>\ndal\u0161\u00edmi rozhodnut\u00edmi \u00dastavn\u00edho soudu, dal\u0161\u00edmi \u00fastavn\u00edmi z\u00e1kony v\u0161echno se<br \/>\nsna\u017eili vymezit. \u017divot je pestr\u00fd, jsou v\u017edycky nov\u00e9 mo\u017enosti, jak \u0159\u00edk\u00e1m,<br \/>\nv\u0161echno s m\u00edrou, j\u00e1 mysl\u00edm &#8230;<\/p>\n<p>V\u00e1clav MORAVEC, moder\u00e1tor<br \/>\n&#8212;&#8212;&#8212;&#8212;&#8212;&#8212;&#8211;<br \/>\nJenom mi \u0159ekn\u011bte &#8230;<\/p>\n<p>Karel SCHWARZENBERG, p\u0159edseda strany \/TOP 09\/<br \/>\n&#8212;&#8212;&#8212;&#8212;&#8212;&#8212;&#8211;<br \/>\n&#8230; m\u016f\u017eu dokon\u010dit &#8230;<\/p>\n<p>V\u00e1clav MORAVEC, moder\u00e1tor<br \/>\n&#8212;&#8212;&#8212;&#8212;&#8212;&#8212;&#8211;<br \/>\nPromi\u0148te &#8230;<\/p>\n<p>Karel SCHWARZENBERG, p\u0159edseda strany \/TOP 09\/<br \/>\n&#8212;&#8212;&#8212;&#8212;&#8212;&#8212;&#8211;<br \/>\n&#8230; m\u016f\u017eu &#8230;, prezident nem\u016f\u017ee natahovat to p\u0159ijet\u00ed t\u00fd rezignace, odvol\u00e1n\u00ed<br \/>\nministra p\u0159\u00edli\u0161 dlouho, ale p\u00e1r dn\u00ed, mysl\u00edm, to v t\u00e9 \u00fastav\u011b je, pon\u011bvad\u017e tam<br \/>\nnen\u00ed d\u00e1n term\u00edn, nem\u016f\u017ee to d\u011blat nekone\u010dn\u011b, nem\u016f\u017ee tady setrvat, j\u00e1 nev\u00edm,<br \/>\nst\u00e1vaj\u00edc\u00ed ty ministry m\u011bs\u00edce, ale p\u00e1r dn\u00ed nebo t\u00fdden to je je\u0161t\u011b, mysl\u00edm, v<br \/>\ntom, \u017ee na n\u00e1vrh odvol\u00e1, d\u00e1no. Jak \u0159\u00edk\u00e1m, j\u00e1 jsem velice proti tomu, aby se<br \/>\nv\u0161echno zabetonovalo, politika n\u011bkdy pot\u0159ebuje jistou elasticitu.<\/p>\n<p>V\u00e1clav MORAVEC, moder\u00e1tor<br \/>\n&#8212;&#8212;&#8212;&#8212;&#8212;&#8212;&#8211;<br \/>\nAle kdy\u017e ta, kdy\u017e politici s tou elasticitou nakl\u00e1daj\u00ed tak, jak nakl\u00e1daj\u00ed,<br \/>\nto znamen\u00e1, vy je\u0161t\u011b m\u016f\u017eete 14 dn\u00ed se mezi sebou dohadovat, ve\u0159ejnosti<br \/>\n\u0159\u00edkat: &#8222;Dohodneme se, \u017ee se dohodneme,&#8220; prezident se bude elasticky chovat a<br \/>\nco si o tom pomysl\u00ed, prob\u016fh, ve\u0159ejnost.<\/p>\n<p>Karel SCHWARZENBERG, p\u0159edseda strany \/TOP 09\/<br \/>\n&#8212;&#8212;&#8212;&#8212;&#8212;&#8212;&#8211;<br \/>\nNo, samoz\u0159ejm\u011b n\u00e1m budou nad\u00e1vat. Na druhou stranu, pod\u00edvejte se, j\u00e1 jsem<br \/>\nd\u011bdek starej, pozoroval vl\u00e1dn\u00ed koali\u010dn\u00ed krize v jin\u00fdch st\u00e1tech, to trv\u00e1<br \/>\nn\u011bkdy v n\u011bkter\u00fdch st\u00e1tech t\u00fddny, m\u011bs\u00edce dokonce, v Belgii, jak zn\u00e1mo, te\u010f u\u017e<br \/>\ntrv\u00e1 skoro rok a v\u016fbec vl\u00e1du je\u0161t\u011b nedohodli &#8230;<\/p>\n<p>Miroslava N\u011aMCOV\u00c1, 1. m\u00edstop\u0159edsedkyn\u011b strany \/ODS\/<br \/>\n&#8212;&#8212;&#8212;&#8212;&#8212;&#8212;&#8211;<br \/>\n350 dn\u016f.<\/p>\n<p>Karel SCHWARZENBERG, p\u0159edseda strany \/TOP 09\/<br \/>\n&#8212;&#8212;&#8212;&#8212;&#8212;&#8212;&#8211;<br \/>\n&#8230; italsk\u00fd krize, kter\u00fdch jsem sledoval nes\u010detn\u011b, trvaly taky m\u011bs\u00edce &#8230;<\/p>\n<p>V\u00e1clav MORAVEC, moder\u00e1tor<br \/>\n&#8212;&#8212;&#8212;&#8212;&#8212;&#8212;&#8211;<br \/>\nTo znamen\u00e1, chcete n\u00e1s p\u0159ibl\u00ed\u017eit do Evropy &#8211; k It\u00e1lii a k Belgii, aspo\u0148 tak<br \/>\nzn\u00e1me &#8230;<\/p>\n<p>Karel SCHWARZENBERG, p\u0159edseda strany \/TOP 09\/<br \/>\n&#8212;&#8212;&#8212;&#8212;&#8212;&#8212;&#8211;<br \/>\nTakto p\u0159esn\u011b &#8230;, v\u00edte, st\u00e1v\u00e1me se po\u0159\u00e1d evrop\u0161t\u011bj\u0161\u00ed.<\/p>\n<p>V\u00e1clav MORAVEC, moder\u00e1tor<br \/>\n&#8212;&#8212;&#8212;&#8212;&#8212;&#8212;&#8211;<br \/>\nTo jsem netu\u0161il, pane p\u0159edsedo, \u017ee to je v\u00e1\u0161 c\u00edl. Hur\u00e1 do Evropy i s<br \/>\nvl\u00e1dn\u00edmi krizemi. Je to &#8230;, te\u010f m\u011bla by se m\u011bnit, Michale Ha\u0161ku do Brna,<br \/>\nn\u011bjak \u00fastava, kdy\u017e tedy vyjedn\u00e1v\u00e1te s koalic\u00ed o, o volb\u011b prezidenta, nebo se<br \/>\np\u0159ikl\u00e1n\u00edte k tomu n\u00e1zoru, kter\u00fd \u0159\u00edk\u00e1 Karel Schwarzenberg, elasticita je v\u011bc,<br \/>\nkter\u00e1 k \u00fastav\u011b pat\u0159\u00ed a nezaplevelujme dal\u0161\u00edmi n\u00e1lezy \u00dastavn\u00edho soudu tu v\u011bc<br \/>\na podobn\u011b?<\/p>\n<p>Michal HA\u0160EK, 1. m\u00edstop\u0159edseda strany \/\u010cSSD\/<br \/>\n&#8212;&#8212;&#8212;&#8212;&#8212;&#8212;&#8211;<br \/>\nV\u00edte, odborn\u00edci, u\u017e i ve\u0159ejnost tu\u0161\u00ed a v\u00ed, \u017ee \u010desk\u00e1 \u00fastava nen\u00ed dokonal\u00e1.<br \/>\nKdy\u017e se psala p\u0159ed rokem 1993, tak prost\u011b logicky byla ps\u00e1na pom\u011brn\u011b v<br \/>\nchvatu, bylo na to n\u011bkolik m\u00e1lo m\u011bs\u00edc\u016f, \u010desk\u00e1 \u00fastava by si ur\u010dit\u011b zaslou\u017eila<br \/>\nz\u00e1sadn\u011bj\u0161\u00ed revizi, nikoliv jenom v \u010d\u00e1sti t\u00fdkaj\u00edc\u00ed se volby prezidenta<br \/>\nrepubliky, nebo up\u0159esn\u011bn\u00ed pravomoc\u00ed, ale j\u00e1 je\u0161t\u011b mus\u00edm \u0159\u00edct jeden pocit,<br \/>\ntak ta elasticita \u010desk\u00fdch politik\u016f, zvl\u00e1\u0161t\u011b v pod\u00e1n\u00ed n\u011bkter\u00fdch koali\u010dn\u00edch<br \/>\nvl\u00e1dn\u00edch p\u0159edstavitel\u016f, ta u\u017e dos\u00e1hla rozm\u011br\u016f, \u017ee pan Schwarzenberg, a\u017e<br \/>\np\u0159\u00ed\u0161t\u011b vyraz\u00ed po \u010cesk\u00e9 republice za voli\u010di na pivo, tak se dozv\u00ed, \u017ee u\u017e je<br \/>\nto prost\u011b p\u0159\u00edli\u0161. A takov\u00e9to m\u00f3resy, si mysl\u00edm, \u017ee u\u017e \u0161kod\u00ed cel\u00e9 \u010desk\u00e9<br \/>\npolitice, \u0161kod\u00ed \u00fapln\u011b stejn\u011b TOP 09, jako soci\u00e1ln\u00ed demokracii, jako v\u0161em<br \/>\nostatn\u00edm demokratick\u00fdm politick\u00fdm stran\u00e1m. Je\u0161t\u011b v\u011bta na z\u00e1v\u011br, m\u011b trochu<br \/>\nmrz\u00ed, \u017ee my jsme se vlastn\u011b ani o milimetr nep\u0159ibl\u00ed\u017eili k \u0159e\u0161en\u00ed, to se bude<br \/>\n\u0159e\u0161it na r\u016fzn\u00fdch K12 a podobn\u011b. V\u016fbec jsme nem\u011bli \u010das mluvit o reform\u00e1ch,<br \/>\ntady se chyst\u00e1 \/souzvuk hlas\u016f\/ d\u016fchodov\u00fd syst\u00e9m &#8230;<\/p>\n<p>V\u00e1clav MORAVEC, moder\u00e1tor<br \/>\n&#8212;&#8212;&#8212;&#8212;&#8212;&#8212;&#8211;<br \/>\nPo\u010dkejte, o nich te\u010f budeme mluvit, to p\u0159edb\u00edh\u00e1te &#8230;<\/p>\n<p>Michal HA\u0160EK, 1. m\u00edstop\u0159edseda strany \/\u010cSSD\/<br \/>\n&#8212;&#8212;&#8212;&#8212;&#8212;&#8212;&#8211;<br \/>\n&#8230; privatizace zdravotnictv\u00ed, nezlobte se, ale prost\u011b &#8230;<\/p>\n<p>V\u00e1clav MORAVEC, moder\u00e1tor<br \/>\n&#8212;&#8212;&#8212;&#8212;&#8212;&#8212;&#8211;<br \/>\nPromi\u0148te, to p\u0159edb\u00edh\u00e1te, pane, pane m\u00edstop\u0159edsedo &#8230;<\/p>\n<p>Michal HA\u0160EK, 1. m\u00edstop\u0159edseda strany \/\u010cSSD\/<br \/>\n&#8212;&#8212;&#8212;&#8212;&#8212;&#8212;&#8211;<br \/>\nTak pokud ten prostor bude, tak budu velmi r\u00e1d &#8230;<\/p>\n<p>V\u00e1clav MORAVEC, moder\u00e1tor<br \/>\n&#8212;&#8212;&#8212;&#8212;&#8212;&#8212;&#8211;<br \/>\n&#8230; je to, je to dob\u0159e, alespo\u0148 nejste sezn\u00e1men &#8230;<\/p>\n<p>Michal HA\u0160EK, 1. m\u00edstop\u0159edseda strany \/\u010cSSD\/<br \/>\n&#8212;&#8212;&#8212;&#8212;&#8212;&#8212;&#8211;<br \/>\n&#8230; ale kdy\u017e se d\u00edv\u00e1m na to, kolik je hodin a \u017ee n\u00e1s je\u0161t\u011b \u010dekaj\u00ed dva b\u00fdval\u00ed<br \/>\nminist\u0159i vnitra, tak jsem m\u011bl obavu, \u017ee u\u017e k t\u00e9hle v\u011bci se p\u0159\u00edli\u0161<br \/>\nnevyj\u00e1d\u0159\u00edme, tak\u017ee jsou tady p\u0159ipravov\u00e1ny zat\u00edm v tichosti &#8230;<\/p>\n<p>V\u00e1clav MORAVEC, moder\u00e1tor<br \/>\n&#8212;&#8212;&#8212;&#8212;&#8212;&#8212;&#8211;<br \/>\nTak kdybyste, kdybyste byl &#8230;<\/p>\n<p>Michal HA\u0160EK, 1. m\u00edstop\u0159edseda strany \/\u010cSSD\/<br \/>\n&#8212;&#8212;&#8212;&#8212;&#8212;&#8212;&#8211;<br \/>\n&#8230; takhle v\u00e1\u017en\u00e9 v\u011bci, jsou p\u0159ipravov\u00e1ny &#8230;<\/p>\n<p>V\u00e1clav MORAVEC, moder\u00e1tor<br \/>\n&#8212;&#8212;&#8212;&#8212;&#8212;&#8212;&#8211;<br \/>\nAno, kdybyste byl &#8230;<\/p>\n<p>Michal HA\u0160EK, 1. m\u00edstop\u0159edseda strany \/\u010cSSD\/<br \/>\n&#8212;&#8212;&#8212;&#8212;&#8212;&#8212;&#8211;<br \/>\n&#8230; bez celospole\u010densk\u00e9ho konsensu, bez debaty s opozic\u00ed, a to m\u016f\u017ee b\u00fdt<br \/>\njeden &#8230;<\/p>\n<p>V\u00e1clav MORAVEC, moder\u00e1tor<br \/>\n&#8212;&#8212;&#8212;&#8212;&#8212;&#8212;&#8211;<br \/>\nTak kdybyste byl &#8230;<\/p>\n<p>Michal HA\u0160EK, 1. m\u00edstop\u0159edseda strany \/\u010cSSD\/<br \/>\n&#8212;&#8212;&#8212;&#8212;&#8212;&#8212;&#8211;<br \/>\n&#8230; z d\u016fvod\u016f, pro\u010d jsou takov\u00e9 velk\u00e9 d\u00fdmov\u00e9 clony a vlastn\u011b co se te\u010f d\u011bje v<br \/>\nz\u00e1kulis\u00ed, po\u0159\u00e1dn\u011b nikdo nev\u00ed.<\/p>\n","protected":false},"excerpt":{"rendered":"<p>17. dubna 2011 \u010cT 1 &#8211; 12:00 Ot\u00e1zky V\u00e1clava Moravce\u00a0 3. Hybatel, nebo svorn\u00edk? Klausova ne\u00fastupnost<\/p>\n","protected":false},"author":1,"featured_media":0,"comment_status":"open","ping_status":"open","sticky":false,"template":"","format":"standard","meta":{"ngg_post_thumbnail":0,"footnotes":""},"categories":[13],"tags":[],"class_list":["post-978","post","type-post","status-publish","format-standard","hentry","category-rozhovory"],"_links":{"self":[{"href":"https:\/\/www.ladislavjakl.cz\/index.php?rest_route=\/wp\/v2\/posts\/978","targetHints":{"allow":["GET"]}}],"collection":[{"href":"https:\/\/www.ladislavjakl.cz\/index.php?rest_route=\/wp\/v2\/posts"}],"about":[{"href":"https:\/\/www.ladislavjakl.cz\/index.php?rest_route=\/wp\/v2\/types\/post"}],"author":[{"embeddable":true,"href":"https:\/\/www.ladislavjakl.cz\/index.php?rest_route=\/wp\/v2\/users\/1"}],"replies":[{"embeddable":true,"href":"https:\/\/www.ladislavjakl.cz\/index.php?rest_route=%2Fwp%2Fv2%2Fcomments&post=978"}],"version-history":[{"count":1,"href":"https:\/\/www.ladislavjakl.cz\/index.php?rest_route=\/wp\/v2\/posts\/978\/revisions"}],"predecessor-version":[{"id":979,"href":"https:\/\/www.ladislavjakl.cz\/index.php?rest_route=\/wp\/v2\/posts\/978\/revisions\/979"}],"wp:attachment":[{"href":"https:\/\/www.ladislavjakl.cz\/index.php?rest_route=%2Fwp%2Fv2%2Fmedia&parent=978"}],"wp:term":[{"taxonomy":"category","embeddable":true,"href":"https:\/\/www.ladislavjakl.cz\/index.php?rest_route=%2Fwp%2Fv2%2Fcategories&post=978"},{"taxonomy":"post_tag","embeddable":true,"href":"https:\/\/www.ladislavjakl.cz\/index.php?rest_route=%2Fwp%2Fv2%2Ftags&post=978"}],"curies":[{"name":"wp","href":"https:\/\/api.w.org\/{rel}","templated":true}]}}