{"id":980,"date":"2011-04-22T14:38:26","date_gmt":"2011-04-22T13:38:26","guid":{"rendered":"http:\/\/www.ladislavjakl.cz\/?p=980"},"modified":"2011-04-22T14:38:26","modified_gmt":"2011-04-22T13:38:26","slug":"jakl-klaus-nevi-zda-nebudou-navrhy-na-odvolani-johna-a-dobese-stazeny","status":"publish","type":"post","link":"https:\/\/www.ladislavjakl.cz\/?p=980","title":{"rendered":"Jakl: Klaus nev\u00ed, zda nebudou n\u00e1vrhy na odvol\u00e1n\u00ed Johna a Dobe\u0161e sta\u017eeny"},"content":{"rendered":"<p>Prezident V\u00e1clav Klaus neodm\u00edt\u00e1 p\u0159edlo\u017een\u00e9 demise ministr\u016f VV podepsat,  pouze vy\u010dk\u00e1v\u00e1, aby stabilizoval pom\u011bry, h\u00e1jil tajemn\u00edk Hradu Ladislav  Jakl postup sv\u00e9ho \u0161\u00e9fa v Ot\u00e1zk\u00e1ch V\u00e1clava Moravce. Podle Jakla zat\u00edm  nen\u00ed v\u016fbec jist\u00e9, zda nebudou n\u00e1vrhy na odvol\u00e1n\u00ed dvou ministr\u016f sta\u017eeny  nebo jestli k nim nep\u0159ibudou je\u0161t\u011b dal\u0161\u00ed. Krom\u011b toho dobrovolnou demisi  nemus\u00ed Klaus p\u0159ijmout v\u016fbec.<\/p>\n<p><!--more--><br \/>\n\u201eV\u00e1clav Klaus neodm\u00edtl odvolat ministry, to by bylo za hranou \u00dastavy. Zn\u00e1m v\u00fdznam slov a dob\u0159e v\u011bd\u00ed i div\u00e1ci, \u017ee na\u010dasov\u00e1n\u00ed n\u011bjak\u00e9ho kroku a odm\u00edtnut\u00ed kroku je rozd\u00edl. Stejn\u011b jako je rozd\u00edl odm\u00edtnut\u00ed a na\u010dasov\u00e1n\u00ed svatby,\u201c pou\u017eil p\u0159\u00edm\u011br Jakl v \u010cT.<\/p>\n<p>Podle n\u011bj by \u00dastava nepo\u010d\u00edtala s aktem potvrzen\u00ed odvol\u00e1n\u00ed ministr\u016f ze strany prezidenta, pokud by bylo z\u00e1m\u011brem, aby se prezident choval jako automat. \u201eT\u00edm, \u017ee tam nen\u00ed stanoven term\u00edn, kdy m\u00e1 n\u00e1vrhy p\u0159ijmout, m\u00e1 prezident plnit roli jak\u00e9hosi stabiliz\u00e1tora politick\u00e9 sc\u00e9ny. Dostal ty n\u00e1vrhy, kdy\u017e nebylo jasn\u00e9, jak to pak bude vypadat,\u201c vysv\u011btloval Jakl.<br \/>\nMo\u017enost\u00ed je je\u0161t\u011b cel\u00e1 \u0159ada&#8230;<\/p>\n<p>Poznamenal rovn\u011b\u017e, \u017ee demisi ministra dopravy V\u00edta B\u00e1rty nemus\u00ed prezident v\u016fbec p\u0159ijmout. V p\u0159\u00edpad\u011b premi\u00e9rov\u00fdch n\u00e1vrh\u016f na odvol\u00e1n\u00ed ministra vnitra Radka Johna a ministra \u0161kolstv\u00ed Josefa Dobe\u0161e v\u0161ak prezident jednat d\u0159\u00edve \u010di pozd\u011bji mus\u00ed, p\u0159ipustil Klaus\u016fv tajemn\u00edk.<\/p>\n<p>\u201eNev\u00edme, ale jestli nebudou je\u0161t\u011b n\u00e1vrhy sta\u017eeny zp\u011bt, nebo nep\u0159ibudou dal\u0161\u00ed. Prezident m\u00e1 pr\u00e1vo se pt\u00e1t: Jsou c\u00edlem p\u0159ed\u010dasn\u00e9 volby? Co si od nich slibujete? A vy\u010derpali jste v\u0161echny mo\u017enosti, ne\u017e za\u010dnete zase voli\u010de obt\u011b\u017eovat?\u201c vyjmenoval Klausovy pochybnosti Jakl.<\/p>\n<p>Jin\u00e9ho n\u00e1zoru byl p\u0159edseda KS\u010cM a pr\u00e1vn\u00edk Vojt\u011bch Filip, kter\u00fd prezidentovo po\u010d\u00edn\u00e1n\u00ed ozna\u010dil za obstrukci. \u201eNediv\u00edm se, \u017ee chce zn\u00e1t krok B, pokud ale nerozhodne do pond\u011blka, tak nahrazuje roli p\u0159edsedy vl\u00e1dy,\u201c dodal k tomu.<br \/>\nP\u0159edsedkyn\u011b Sn\u011bmovny Miroslava N\u011bmcov\u00e1 (ODS) Klaus\u016fv postup h\u00e1jila s t\u00edm, \u017ee i n\u00e1zory \u00fastavn\u00edch pr\u00e1vn\u00edk\u016f prezentovan\u00fdch v tisku se v ot\u00e1zce, zda prezident nep\u0159ekro\u010dil sv\u00e9 kompetence, rozch\u00e1zej\u00ed a d\u011bl\u00ed odborn\u00edky na dva stejn\u011b velk\u00e9 t\u00e1bory. \u201eTo nen\u00ed tak, \u017ee bych si to necht\u011bla s hlavou st\u00e1tu rozh\u00e1zet,\u201c \u0159ekla se sm\u00edchem N\u011bmcov\u00e1. Podle n\u00ed by v\u0161ak Klaus nem\u011bl ot\u00e1let s podpisem d\u00e9le ne\u017e dva t\u00fddny.<\/p>\n<p>Od pond\u011bl\u00ed m\u00e1 Klaus na stole dobrovolnou demisi B\u00e1rty a n\u00e1vrhy na odvol\u00e1n\u00ed Johna a Dobe\u0161e, co\u017e pobou\u0159ilo VV. V\u00e9\u010dka\u0159i vyzvaly premi\u00e9ra Petra Ne\u010dase, aby odvolal tak\u00e9 ministry obrany Alexandra Vondru, zem\u011bd\u011blstv\u00ed Ivana Fuksu (oba ODS) a financ\u00ed Miroslava Kalouska (TOP 09).<\/p>\n<p><a href=\"http:\/\/www.novinky.cz\/domaci\/231021-jakl-klaus-nevi-zda-nebudou-navrhy-na-odvolani-johna-a-dobese-stazeny.html\" target=\"_blank\">Zdroj<\/a><\/p>\n","protected":false},"excerpt":{"rendered":"<p>Prezident V\u00e1clav Klaus neodm\u00edt\u00e1 p\u0159edlo\u017een\u00e9 demise ministr\u016f VV podepsat, pouze vy\u010dk\u00e1v\u00e1, aby stabilizoval pom\u011bry, h\u00e1jil tajemn\u00edk Hradu Ladislav Jakl postup sv\u00e9ho \u0161\u00e9fa v Ot\u00e1zk\u00e1ch V\u00e1clava Moravce. Podle Jakla zat\u00edm nen\u00ed v\u016fbec jist\u00e9, zda nebudou n\u00e1vrhy na odvol\u00e1n\u00ed dvou ministr\u016f sta\u017eeny nebo jestli k nim nep\u0159ibudou je\u0161t\u011b dal\u0161\u00ed. Krom\u011b toho dobrovolnou demisi nemus\u00ed Klaus p\u0159ijmout v\u016fbec.<\/p>\n","protected":false},"author":1,"featured_media":0,"comment_status":"open","ping_status":"open","sticky":false,"template":"","format":"standard","meta":{"ngg_post_thumbnail":0,"footnotes":""},"categories":[11],"tags":[],"class_list":["post-980","post","type-post","status-publish","format-standard","hentry","category-ozvena"],"_links":{"self":[{"href":"https:\/\/www.ladislavjakl.cz\/index.php?rest_route=\/wp\/v2\/posts\/980","targetHints":{"allow":["GET"]}}],"collection":[{"href":"https:\/\/www.ladislavjakl.cz\/index.php?rest_route=\/wp\/v2\/posts"}],"about":[{"href":"https:\/\/www.ladislavjakl.cz\/index.php?rest_route=\/wp\/v2\/types\/post"}],"author":[{"embeddable":true,"href":"https:\/\/www.ladislavjakl.cz\/index.php?rest_route=\/wp\/v2\/users\/1"}],"replies":[{"embeddable":true,"href":"https:\/\/www.ladislavjakl.cz\/index.php?rest_route=%2Fwp%2Fv2%2Fcomments&post=980"}],"version-history":[{"count":1,"href":"https:\/\/www.ladislavjakl.cz\/index.php?rest_route=\/wp\/v2\/posts\/980\/revisions"}],"predecessor-version":[{"id":981,"href":"https:\/\/www.ladislavjakl.cz\/index.php?rest_route=\/wp\/v2\/posts\/980\/revisions\/981"}],"wp:attachment":[{"href":"https:\/\/www.ladislavjakl.cz\/index.php?rest_route=%2Fwp%2Fv2%2Fmedia&parent=980"}],"wp:term":[{"taxonomy":"category","embeddable":true,"href":"https:\/\/www.ladislavjakl.cz\/index.php?rest_route=%2Fwp%2Fv2%2Fcategories&post=980"},{"taxonomy":"post_tag","embeddable":true,"href":"https:\/\/www.ladislavjakl.cz\/index.php?rest_route=%2Fwp%2Fv2%2Ftags&post=980"}],"curies":[{"name":"wp","href":"https:\/\/api.w.org\/{rel}","templated":true}]}}