{"id":9807,"date":"2019-02-05T14:26:25","date_gmt":"2019-02-05T13:26:25","guid":{"rendered":"http:\/\/www.ladislavjakl.cz\/?p=9807"},"modified":"2019-02-05T14:26:25","modified_gmt":"2019-02-05T13:26:25","slug":"ladislav-jakl-proc-zrovna-venezuela","status":"publish","type":"post","link":"https:\/\/www.ladislavjakl.cz\/?p=9807","title":{"rendered":"Ladislav Jakl: Pro\u010d zrovna Venezuela?"},"content":{"rendered":"<p>Pust\u00edte si zpr\u00e1vy: Venezuela. Poslouch\u00e1te r\u00e1dio: Venezuela. Kouknete do novin, na zpravodajsk\u00e9 weby: Venezuela. Kde to je? N\u011bkde v&nbsp;Latinsk\u00e9 Americe. Maj\u00ed tam velikou \u0159eku &#8211; Orinoko. A ropu.<\/p>\n<p><!--more--><br \/>\nNo a? Zem\u00ed je na sv\u011bt\u011b asi dv\u011bst\u011b. Pravda, Venezuela pat\u0159\u00ed mezi \u010dty\u0159icet nejv\u011bt\u0161\u00edch, m\u00e1 ale ka\u017ed\u00e1 ze v\u0161ech ostatn\u00edch \u010dty\u0159iceti takhle \u00fapornou publicitu? Vl\u00e1dne tam re\u017eim prezidenta Madura, bl\u00edzk\u00fd marxismu. Co\u017e o to, k&nbsp;tomu maj\u00ed bl\u00edzko (nebo v&nbsp;posledn\u00ed dob\u011b \u010dastokr\u00e1t m\u011bly) skoro v\u0161echny zem\u011b tohoto subkontinentu. Lidov\u00fd marxismus je tam v\u0161ude velice roz\u0161\u00ed\u0159en, stejn\u011b jako antiamerikanismus. Dokonce velice levicov\u00e1 je i v\u011bt\u0161ina jihoamerick\u00fdch katolick\u00fdch kn\u011b\u017e\u00ed a biskup\u016f, a to u\u017e po dlouh\u00e1 desetilet\u00ed. V&nbsp;n\u011bkolika zem\u00edch b\u011b\u017eela \u010di latentn\u011b dodnes b\u011b\u017e\u00ed ob\u010dansk\u00e1 v\u00e1lka, prob\u011bhla \u0159ada vojensk\u00fdch p\u0159evrat\u016f, jinde v\u00e1lky zlo\u010dineck\u00fdch gang\u016f.<\/p>\n<p>Po t\u00e9to str\u00e1nce je na tom Venezuela je\u0161t\u011b celkem dob\u0159e. Ale n\u011bkdo na ni m\u00e1 chu\u0165. Proto se z&nbsp;n\u00ed d\u011bl\u00e1 celosv\u011btov\u00e9 politick\u00e9 i medi\u00e1ln\u00ed t\u00e9ma prvn\u00edho \u0159\u00e1du, zcela ne\u00fam\u011brn\u00e9 v\u00fdznamu t\u00e9to zem\u011b i v\u00fdznamu tamn\u00edho d\u011bn\u00ed. USA otev\u0159en\u011b mluv\u00ed o vojensk\u00e9 intervenci (o mand\u00e1tu OSN d\u00e1vno nikdo nemluv\u00ed, ten v&nbsp;posledn\u00edch 20 letech vy\u0161el z&nbsp;m\u00f3dy). Pokrokov\u00e9 st\u00e1ty (v tom na\u0161em slova smyslu) se p\u0159edh\u00e1n\u011bj\u00ed, kdo z&nbsp;nich d\u0159\u00edve uzn\u00e1 za prezidenta \u010dlov\u011bka, kter\u00fd se j\u00edm s\u00e1m prohl\u00e1sil a o kter\u00e9m netu\u0161\u00edme, jak\u00e1 \u010d\u00e1st lidu ho bude cht\u00edt p\u0159ijmout.<\/p>\n<p>A jako obvykle se vytv\u00e1\u0159\u00ed fale\u0161n\u00e1 p\u0159edstava, \u017ee \u017e\u00e1bou na prameni v\u0161eobecn\u00e9ho blahobytu je jedna vl\u00e1dnouc\u00ed klika (\u010di dokonce jeden lidov\u00fd v\u016fdce), s&nbsp;jeho\u017e odstran\u011bn\u00edm vypukne v&nbsp;t\u00e9to zemi r\u00e1j. A op\u011bt se zapom\u00edn\u00e1, \u017ee ho volily miliony lid\u00ed, kte\u0159\u00ed se p\u0159\u00edpadn\u00fdm p\u0159evratem nevypa\u0159\u00ed a p\u016fjdou za n\u011bj i do boje. To chce v\u00e1\u017en\u011b n\u011bkdo riskovat? A pro\u010d?<\/p>\n<p>Kolik je asi t\u0159eba jen v&nbsp;Africe zem\u00ed, kde jsou hor\u0161\u00ed re\u017eimy, m\u00e9n\u011b demokracie, hor\u0161\u00ed \u017eivotn\u00ed podm\u00ednky? Jsou tyhle zem\u011b denn\u011b v&nbsp;hlavn\u00edch zpr\u00e1v\u00e1ch? Nejsou. Nen\u00ed na tom zrovna n\u011bjak\u00fd zvl\u00e1\u0161tn\u00ed z\u00e1jem. Co takhle Kongo? Co kdyby te\u010f dva t\u00fddny v\u0161ichni psali a vys\u00edlali denn\u011b cel\u00e9 hodiny o Kongu? Maj\u00ed tam tak\u00e9 jednu velikou \u0159eku, diamanty, maj\u00ed skoro t\u0159ikr\u00e1t v\u00edc obyvatel a jsou skoro t\u0159ikr\u00e1t v\u011bt\u0161\u00ed ne\u017e Venezuela, \u017eivotn\u00ed podm\u00ednky nesrovnateln\u011b hor\u0161\u00ed, vl\u00e1dnouc\u00ed prezident podle pozorovatel\u016f a c\u00edrkve vyhr\u00e1l podvodem. \u017deny jsou tam mrza\u010deny, pygmejov\u00e9 vyb\u00edjeni a v&nbsp;n\u011bkter\u00fdch provinci\u00edch pr\u00fd buj\u00ed kanibalismus. A co dal\u0161\u00ed zem\u011b v&nbsp;Africe a po sv\u011bt\u011b? Kolik jich je na tom aktu\u00e1ln\u011b h\u016f\u0159 ne\u017e Venezuela? Kde v\u0161ude budeme intervenovat? Ze kter\u00e9 dal\u0161\u00ed zem\u011b ud\u011bl\u00e1me hlavn\u00ed sv\u011btov\u00e9 t\u00e9ma?<\/p>\n<p>Ne, medi\u00e1ln\u00edm t\u00e9matem \u010d\u00edslo jedna se nestane zem\u011b, kde nejv\u00edc lid\u00ed nejv\u00edc trp\u00ed. Medi\u00e1ln\u00edm t\u00e9matem se stane zem\u011b, kde m\u00e1 n\u011bkdo mocn\u00fd aktu\u00e1ln\u00ed v\u00fdznamn\u00e9 z\u00e1jmy. A v\u0161ichni kolem mu to ba\u0161t\u00ed a s&nbsp;naprostou samoz\u0159ejmost\u00ed p\u0159ij\u00edmaj\u00ed, \u017ee n\u011bjak\u00e1 Venezuela je te\u010f jaksi samoz\u0159ejm\u011b pupkem sv\u011bta.<\/p>\n<p>A\u017e zas ve\u010der uvid\u00edme a usly\u0161\u00edme dal\u0161\u00ed d\u00edl t\u00e9hle medi\u00e1ln\u00ed d\u011blost\u0159eleck\u00e9 p\u0159\u00edpravy, pomysleme na to, \u017ee n\u011bkdo tady musel rozdat noty.<\/p>\n<p><em>Ladislav Jakl, dne 4. \u00fanora 2019<\/em><\/p>\n<p><a href=\"http:\/\/institutvk.cz\/clanky\/1280.html\">Zdroj<\/a><\/p>\n","protected":false},"excerpt":{"rendered":"<p>Pust\u00edte si zpr\u00e1vy: Venezuela. Poslouch\u00e1te r\u00e1dio: Venezuela. Kouknete do novin, na zpravodajsk\u00e9 weby: Venezuela. Kde to je? N\u011bkde v&nbsp;Latinsk\u00e9 Americe. Maj\u00ed tam velikou \u0159eku &#8211; Orinoko. A ropu.<\/p>\n","protected":false},"author":1,"featured_media":0,"comment_status":"open","ping_status":"open","sticky":false,"template":"","format":"standard","meta":{"ngg_post_thumbnail":0,"footnotes":""},"categories":[1],"tags":[],"class_list":["post-9807","post","type-post","status-publish","format-standard","hentry","category-publikovane-clanky"],"_links":{"self":[{"href":"https:\/\/www.ladislavjakl.cz\/index.php?rest_route=\/wp\/v2\/posts\/9807","targetHints":{"allow":["GET"]}}],"collection":[{"href":"https:\/\/www.ladislavjakl.cz\/index.php?rest_route=\/wp\/v2\/posts"}],"about":[{"href":"https:\/\/www.ladislavjakl.cz\/index.php?rest_route=\/wp\/v2\/types\/post"}],"author":[{"embeddable":true,"href":"https:\/\/www.ladislavjakl.cz\/index.php?rest_route=\/wp\/v2\/users\/1"}],"replies":[{"embeddable":true,"href":"https:\/\/www.ladislavjakl.cz\/index.php?rest_route=%2Fwp%2Fv2%2Fcomments&post=9807"}],"version-history":[{"count":1,"href":"https:\/\/www.ladislavjakl.cz\/index.php?rest_route=\/wp\/v2\/posts\/9807\/revisions"}],"predecessor-version":[{"id":9808,"href":"https:\/\/www.ladislavjakl.cz\/index.php?rest_route=\/wp\/v2\/posts\/9807\/revisions\/9808"}],"wp:attachment":[{"href":"https:\/\/www.ladislavjakl.cz\/index.php?rest_route=%2Fwp%2Fv2%2Fmedia&parent=9807"}],"wp:term":[{"taxonomy":"category","embeddable":true,"href":"https:\/\/www.ladislavjakl.cz\/index.php?rest_route=%2Fwp%2Fv2%2Fcategories&post=9807"},{"taxonomy":"post_tag","embeddable":true,"href":"https:\/\/www.ladislavjakl.cz\/index.php?rest_route=%2Fwp%2Fv2%2Ftags&post=9807"}],"curies":[{"name":"wp","href":"https:\/\/api.w.org\/{rel}","templated":true}]}}