{"id":982,"date":"2011-04-22T14:40:02","date_gmt":"2011-04-22T13:40:02","guid":{"rendered":"http:\/\/www.ladislavjakl.cz\/?p=982"},"modified":"2011-04-22T14:40:02","modified_gmt":"2011-04-22T13:40:02","slug":"jakl-chtel-moravce-chvalit-nakonec-mu-vynadal-za-klause","status":"publish","type":"post","link":"https:\/\/www.ladislavjakl.cz\/?p=982","title":{"rendered":"Jakl cht\u011bl Moravce chv\u00e1lit. Nakonec mu vynadal za Klause"},"content":{"rendered":"<p><strong>A\u010d se v ned\u011bln\u00edch Ot\u00e1zk\u00e1ch V\u00e1clava Moravce \u0159e\u0161ila hlavn\u011b vl\u00e1dn\u00ed  krize, debata se sto\u010dila i na spor mezi \u010cT a Hradem. P\u0159isp\u011blo k tomu  zejm\u00e9na vystoupen\u00ed prezidentova tajemn\u00edka Ladislava Jakla. Ten si vzal  na pa\u0161k\u00e1l moder\u00e1tora V\u00e1clava Moravce.<\/strong><\/p>\n<p><strong><!--more--><\/strong><\/p>\n<p align=\"justify\">T\u00e9matem ned\u011bln\u00edch Ot\u00e1zek V\u00e1clava Moravce nemohlo b\u00fdt nic jin\u00e9ho ne\u017e  prob\u00edhaj\u00edc\u00ed vl\u00e1dn\u00ed krize. Debaty se tak z\u00fa\u010dastnili vrcholn\u00ed  p\u0159edstavitel\u00e9 politick\u00fdch stran, kter\u00e9 jsou jej\u00edmi akt\u00e9ry.<\/p>\n<p align=\"justify\">Nejpal\u010div\u011bj\u0161\u00edm t\u00e9matem se stal ji\u017e tradi\u010dn\u011b boj o post \u0161\u00e9fa resortu  vnitra. To je pomysln\u00fdm \u017eel\u00edzkem v rozp\u00e1len\u00e9m vl\u00e1dn\u00edm ohni. &#8222;Nechceme  p\u0159ij\u00edmat pr\u00e1zdnou trafiku za to, \u017ee se vzd\u00e1me ministerstva vnitra, tuto  variantu nepodporuji,&#8220; uvedla v po\u0159adu poslankyn\u011b VV Karol\u00edna Peake.<\/p>\n<p align=\"justify\">Velmi v\u00e1\u017en\u00fdm t\u00f3nem j\u00ed ale kontrovala \u0161\u00e9fka Poslaneck\u00e9 sn\u011bmovny,  Miroslava N\u011bmcov\u00e1 (ODS). Ta naopak tuto variantu kvituje s nad\u0161en\u00edm.  John\u016fv odchod z \u010dela resortu by podle n\u00ed prosp\u011bl v\u0161emu a v\u0161em.<\/p>\n<p align=\"justify\">&#8222;Podle m\u00e9ho n\u00e1zoru ministerstvo vnitra nebyla jeho parketa, nebyl  obezn\u00e1men s chodem toho \u00fa\u0159adu, kdyby ho opustil, \u00a0uvolnilo by to ruce  vl\u00e1d\u011b i premi\u00e9rovi,&#8220; mluvila o Johnov\u011b veden\u00ed vnitra u\u017e jako o minulosti  N\u011bmcov\u00e1.<\/p>\n<p align=\"justify\">Lapid\u00e1rn\u011b se k postu ministra vnitra ji\u017e tradi\u010dn\u011b vyj\u00e1d\u0159il i \u0161\u00e9f TOP 09  Karel Schwarzenberg. &#8222;To bych r\u00e1d vid\u011bl, toho nestrann\u00e9ho odborn\u00edka,  kter\u00fd by to tam zvl\u00e1dl,&#8220; uvedl s \u00fasm\u011bvem s t\u00edm, \u017ee ji\u017e dlouho p\u0159em\u00fd\u0161l\u00ed,  kdo by post mohl obsadit. Zat\u00edm pr\u00fd ale na nikoho nep\u0159i\u0161el.<\/p>\n<p align=\"justify\"><strong>J\u00e1 snad V\u00e1clava pochv\u00e1l\u00edm, sm\u00e1l se Jakl<\/strong><\/p>\n<p>K debat\u011b o napjat\u00e9 politick\u00e9 situaci p\u0159izval V\u00e1clav Moravec i tajemn\u00edka  prezidenta republiky V\u00e1clava Klause Ladislava Jakla. Ten v\u0161ak m\u00edsto  \u0159e\u0161en\u00ed krize pouze zkritizoval samotn\u00e9ho moder\u00e1tora. &#8222;P\u0159ed n\u011bkolika  minutami jsem si \u0159\u00edkal, j\u00e1 snad toho V\u00e1clava Moravce pochv\u00e1l\u00edm,&#8220; uvedl  dlouhodob\u00fd kritik \u010cT.<\/p>\n<p>&#8222;Ale nepochv\u00e1l\u00edm v\u00e1s,&#8220; dodal Jakl po dramatick\u00e9 pomlce s t\u00edm, \u017ee Moravec  v po\u0159adu uvedl &#8222;tenden\u010dn\u00ed p\u0159evypr\u00e1v\u011bn\u00ed projevu pana prezidenta.&#8220; Ten  podle Jakla neodm\u00edt\u00e1 p\u0159ijmout demisi V\u00edta B\u00e1rty; zat\u00edm ji v\u0161ak odlo\u017eil.  Do doby, ne\u017e bude sezn\u00e1men se sc\u00e9n\u00e1\u0159em budouc\u00edho v\u00fdvoje. Jakl ale  odm\u00edtl, \u017ee by si Klaus diktoval pravidla. Pr\u00e1v\u011b o tom toti\u017e Moravec v  po\u0159adu mluvil.<\/p>\n<p>&#8222;Odvol\u00e1v\u00e1te to, co jste tady div\u00e1k\u016fm \u0159ekl?&#8220; huboval posl\u00e9ze moder\u00e1tora  Jakl. Moder\u00e1tor se v\u0161ak z omluvy vykroutil. Diskuzi svedl od sv\u00e9 osoby  rad\u011bji zase k akt\u00e9r\u016fm vl\u00e1dn\u00ed krize.<\/p>\n<p><strong>Amat\u00e9\u0159i a gr\u00e1zlov\u00e9, vztekal se Filip<\/strong><\/p>\n<p align=\"justify\">Svou vl\u00e1dn\u00ed \u010di sp\u00ed\u0161e protivl\u00e1dn\u00ed pol\u00edv\u010di\u010dku si v po\u0159adu p\u0159ih\u0159\u00e1l i \u0161\u00e9f  komunist\u016f Vojt\u011bch Filip. &#8222;Neschopn\u00ed amat\u00e9\u0159i, v\u0161ehochopn\u00ed gr\u00e1zlov\u00e9,&#8220;  zhodnotil zv\u00fd\u0161en\u00fdm hlasem \u010dleny sou\u010dasn\u00e9 vl\u00e1dn\u00ed koalice. Ti pr\u00fd  ve\u0159ejnosti bez p\u0159est\u00e1n\u00ed l\u017eou, a m\u00edsto toho, aby \u0159\u00eddili zemi, zab\u00fdvaj\u00ed se  sami sebou.<\/p>\n<p>Filipovi notoval tradi\u010dn\u011b i statut\u00e1rn\u00ed m\u00edstop\u0159edseda \u010cSSD Michal Ha\u0161ek. Z  vrcholn\u00e9 politiky se pr\u00fd kv\u016fli vl\u00e1dn\u00ed krizi stala &#8222;brambora\u010dka&#8220;, kter\u00e1  ve\u0159ejnost znechutila. Ha\u0161ek se ale dostal p\u0159\u00edmo v po\u0159adu do sporu s  N\u011bmcovou. Ta toti\u017e za\u010dala vytahovat soci\u00e1ln\u011bdemokratickou &#8222;\u0161p\u00ednu&#8220;,  nap\u0159\u00edklad propojen\u00ed Bohumila \u010euri\u010dka a ex\u0161\u00e9fa strany Ji\u0159\u00edho Paroubka.<\/p>\n<p><strong>N\u011bmcov\u00e1 pou\u017eila podp\u00e1sovku <\/strong><\/p>\n<p>&#8222;Pan\u00ed N\u011bmcov\u00e1 tady pou\u017eila \u00fanik, vytvo\u0159ila klasickou d\u00fdmovou clonu. Pan  \u010euri\u010dko byl pravomocn\u011b odsouzen, s \u010cSSD nem\u00e1 nic spole\u010dn\u00e9ho. To od V\u00e1s  byl podp\u00e1sov\u00fd \u00fader,&#8220; za\u00fato\u010dil Ha\u0161ek na \u0161\u00e9fku Sn\u011bmovny. S\u00e1m v\u0161ak s ataky  takt\u00e9\u017e neot\u00e1lel. Na ODS toti\u017e &#8222;hodil&#8220; kauzy Drobil, Vondra a Langer a  \u017e\u00e1dal po N\u011bmcov\u00e9 jejich vysv\u011btlen\u00ed. Moder\u00e1tor V\u00e1clav Moravec ale osobn\u00ed  invektivy politik\u016f utnul a nasm\u011broval diskuzi zp\u011bt k vl\u00e1dn\u00ed krizi a  mo\u017en\u00fdm zp\u016fsob\u016fm jej\u00edho \u0159e\u0161en\u00ed.<\/p>\n<p><a href=\"http:\/\/www.parlamentnilisty.cz\/zpravy\/194541.aspx\" target=\"_blank\">Zdroj<\/a><\/p>\n","protected":false},"excerpt":{"rendered":"<p>A\u010d se v ned\u011bln\u00edch Ot\u00e1zk\u00e1ch V\u00e1clava Moravce \u0159e\u0161ila hlavn\u011b vl\u00e1dn\u00ed krize, debata se sto\u010dila i na spor mezi \u010cT a Hradem. P\u0159isp\u011blo k tomu zejm\u00e9na vystoupen\u00ed prezidentova tajemn\u00edka Ladislava Jakla. Ten si vzal na pa\u0161k\u00e1l moder\u00e1tora V\u00e1clava Moravce.<\/p>\n","protected":false},"author":1,"featured_media":0,"comment_status":"open","ping_status":"open","sticky":false,"template":"","format":"standard","meta":{"ngg_post_thumbnail":0,"footnotes":""},"categories":[11],"tags":[],"class_list":["post-982","post","type-post","status-publish","format-standard","hentry","category-ozvena"],"_links":{"self":[{"href":"https:\/\/www.ladislavjakl.cz\/index.php?rest_route=\/wp\/v2\/posts\/982","targetHints":{"allow":["GET"]}}],"collection":[{"href":"https:\/\/www.ladislavjakl.cz\/index.php?rest_route=\/wp\/v2\/posts"}],"about":[{"href":"https:\/\/www.ladislavjakl.cz\/index.php?rest_route=\/wp\/v2\/types\/post"}],"author":[{"embeddable":true,"href":"https:\/\/www.ladislavjakl.cz\/index.php?rest_route=\/wp\/v2\/users\/1"}],"replies":[{"embeddable":true,"href":"https:\/\/www.ladislavjakl.cz\/index.php?rest_route=%2Fwp%2Fv2%2Fcomments&post=982"}],"version-history":[{"count":1,"href":"https:\/\/www.ladislavjakl.cz\/index.php?rest_route=\/wp\/v2\/posts\/982\/revisions"}],"predecessor-version":[{"id":983,"href":"https:\/\/www.ladislavjakl.cz\/index.php?rest_route=\/wp\/v2\/posts\/982\/revisions\/983"}],"wp:attachment":[{"href":"https:\/\/www.ladislavjakl.cz\/index.php?rest_route=%2Fwp%2Fv2%2Fmedia&parent=982"}],"wp:term":[{"taxonomy":"category","embeddable":true,"href":"https:\/\/www.ladislavjakl.cz\/index.php?rest_route=%2Fwp%2Fv2%2Fcategories&post=982"},{"taxonomy":"post_tag","embeddable":true,"href":"https:\/\/www.ladislavjakl.cz\/index.php?rest_route=%2Fwp%2Fv2%2Ftags&post=982"}],"curies":[{"name":"wp","href":"https:\/\/api.w.org\/{rel}","templated":true}]}}