{"id":984,"date":"2011-04-22T14:41:30","date_gmt":"2011-04-22T13:41:30","guid":{"rendered":"http:\/\/www.ladislavjakl.cz\/?p=984"},"modified":"2011-04-22T14:41:30","modified_gmt":"2011-04-22T13:41:30","slug":"special-rozhovor-s-ladislavem-jaklem","status":"publish","type":"post","link":"https:\/\/www.ladislavjakl.cz\/?p=984","title":{"rendered":"SPECI\u00c1L: Rozhovor s Ladislavem Jaklem"},"content":{"rendered":"<p>Do \u0159e\u0161en\u00ed vl\u00e1dn\u00ed krize vstoupil p\u0159ed n\u011bkolika dny, a to velmi razantn\u011b,  prezident republiky V\u00e1clav Klaus. Prvnizpravy.cz p\u0159in\u00e1\u0161ej\u00ed speci\u00e1l s  Ladislavem <span>Jakl<\/span>em, \u0159editelem  politick\u00e9ho odboru Kancel\u00e1\u0159e prezidenta republiky, kter\u00fd v \u00favodu  rozhovoru charakterizuje uplynul\u00e9 dny, pln\u00e9 medi\u00e1ln\u00edch kauz se vz\u00e1jemn\u00fdm  obvi\u0148ov\u00e1n\u00edm politik\u016f a \u0161piclov\u00e1n\u00edm.<\/p>\n<p><!--more--><\/p>\n<p>Vysv\u011btluje chov\u00e1n\u00ed prezidenta  Klause, kter\u00fd je n\u011bkter\u00fdmi politiky, politology i pr\u00e1vn\u00edky obvi\u0148ov\u00e1n z  nedodr\u017eov\u00e1n\u00ed \u00fastavy \u010cR. <span>Jakl<\/span> se pak vyjad\u0159uje k politick\u00fdm stran\u00e1m, kter\u00e9 by m\u011bly naj\u00edt v\u00fdchodisko z t\u00e9to krize a d\u00e1l pracovat na realizaci reforem.<\/p>\n<p><a href=\"http:\/\/www.prvnizpravy.cz\/video\/video\/special-rozhovor-s-ladislavem-jaklem\/highlightSearch=Jakl\/\" target=\"_blank\">Zdroj a video<\/a><\/p>\n","protected":false},"excerpt":{"rendered":"<p>Do \u0159e\u0161en\u00ed vl\u00e1dn\u00ed krize vstoupil p\u0159ed n\u011bkolika dny, a to velmi razantn\u011b, prezident republiky V\u00e1clav Klaus. Prvnizpravy.cz p\u0159in\u00e1\u0161ej\u00ed speci\u00e1l s Ladislavem Jaklem, \u0159editelem politick\u00e9ho odboru Kancel\u00e1\u0159e prezidenta republiky, kter\u00fd v \u00favodu rozhovoru charakterizuje uplynul\u00e9 dny, pln\u00e9 medi\u00e1ln\u00edch kauz se vz\u00e1jemn\u00fdm obvi\u0148ov\u00e1n\u00edm politik\u016f a \u0161piclov\u00e1n\u00edm.<\/p>\n","protected":false},"author":1,"featured_media":0,"comment_status":"open","ping_status":"open","sticky":false,"template":"","format":"standard","meta":{"ngg_post_thumbnail":0,"footnotes":""},"categories":[13],"tags":[],"class_list":["post-984","post","type-post","status-publish","format-standard","hentry","category-rozhovory"],"_links":{"self":[{"href":"https:\/\/www.ladislavjakl.cz\/index.php?rest_route=\/wp\/v2\/posts\/984","targetHints":{"allow":["GET"]}}],"collection":[{"href":"https:\/\/www.ladislavjakl.cz\/index.php?rest_route=\/wp\/v2\/posts"}],"about":[{"href":"https:\/\/www.ladislavjakl.cz\/index.php?rest_route=\/wp\/v2\/types\/post"}],"author":[{"embeddable":true,"href":"https:\/\/www.ladislavjakl.cz\/index.php?rest_route=\/wp\/v2\/users\/1"}],"replies":[{"embeddable":true,"href":"https:\/\/www.ladislavjakl.cz\/index.php?rest_route=%2Fwp%2Fv2%2Fcomments&post=984"}],"version-history":[{"count":1,"href":"https:\/\/www.ladislavjakl.cz\/index.php?rest_route=\/wp\/v2\/posts\/984\/revisions"}],"predecessor-version":[{"id":985,"href":"https:\/\/www.ladislavjakl.cz\/index.php?rest_route=\/wp\/v2\/posts\/984\/revisions\/985"}],"wp:attachment":[{"href":"https:\/\/www.ladislavjakl.cz\/index.php?rest_route=%2Fwp%2Fv2%2Fmedia&parent=984"}],"wp:term":[{"taxonomy":"category","embeddable":true,"href":"https:\/\/www.ladislavjakl.cz\/index.php?rest_route=%2Fwp%2Fv2%2Fcategories&post=984"},{"taxonomy":"post_tag","embeddable":true,"href":"https:\/\/www.ladislavjakl.cz\/index.php?rest_route=%2Fwp%2Fv2%2Ftags&post=984"}],"curies":[{"name":"wp","href":"https:\/\/api.w.org\/{rel}","templated":true}]}}