{"id":986,"date":"2011-04-22T14:43:14","date_gmt":"2011-04-22T13:43:14","guid":{"rendered":"http:\/\/www.ladislavjakl.cz\/?p=986"},"modified":"2011-04-22T14:43:14","modified_gmt":"2011-04-22T13:43:14","slug":"jakl-mf-dnes-upada-tiskne-co-intrikani-podstrci","status":"publish","type":"post","link":"https:\/\/www.ladislavjakl.cz\/?p=986","title":{"rendered":"Jakl: MF DNES upad\u00e1. Tiskne, co intrik\u00e1ni podstr\u010d\u00ed"},"content":{"rendered":"<p>Prezident\u016fv tajemn\u00edk Ladislav <span>Jakl<\/span> vrac\u00ed \u00fader MF DNES. Kdysi seriozn\u00ed den\u00edk se podle n\u011bj stal n\u00e1strojem manipul\u00e1tor\u016f.<\/p>\n<p><!--more--><\/p>\n<p>&#8222;Ochota, se kterou Mlad\u00e1 fronta tiskne v\u0161e, co j\u00ed podstr\u010d\u00ed intrik\u00e1ni a  manipul\u00e1to\u0159i, je projevem definitivn\u00edho \u00fapadku t\u011bchto kdysi celkem  seri\u00f3zn\u00edch novin,&#8220; napsal <span>Jakl<\/span> pro Prvnizpravy.cz.<\/p>\n<p>Reagoval  tak na nejnov\u011bj\u0161\u00ed \u00fato\u010dn\u00fd \u010dl\u00e1nek den\u00edku MF DNES, kter\u00fd &#8222;objevil&#8220; dal\u0161\u00ed  &#8222;d\u016fkaz&#8220; spojenectv\u00ed prezidenta V\u00e1clava Klause a l\u00eddra V\u011bc\u00ed ve\u0159ejn\u00fdch  V\u00edta B\u00e1rty. Bezpe\u010dnostn\u00ed odbor na Hrad\u011b vede pr\u00fd \u010dlov\u011bk doporu\u010den\u00fd V\u00edtem  B\u00e1rtou, napsal dnes den\u00edk.<\/p>\n<p>Popisuje, \u017ee kdy\u017e roce 2008 hledal  Pra\u017esk\u00fd hrad nov\u00e9ho \u0159editele bezpe\u010dnostn\u00edho odboru, anga\u017eoval se ve  v\u00fdb\u011bru i V\u00edt B\u00e1rta, kter\u00fd doporu\u010dil Radima Bure\u0161e z N\u00e1rodn\u00edho  bezpe\u010dnostn\u00edho \u00fa\u0159adu. Ten se\u00a0 pr\u00fd nyn\u00ed ocitl i mezi kandid\u00e1ty na nov\u00e9ho  ministra vnitra a redaktor MF DNES Jaroslav Kmenta dokonce tvrd\u00ed, \u017ee  Bure\u0161e navrhoval nyn\u00ed Hrad na post ministra vnitra.<\/p>\n<p>\u010cl\u00e1nek je tak  dal\u0161\u00edm d\u00edlem t\u00e9m\u011b\u0159 nekone\u010dn\u00e9ho seri\u00e1lu, ve kter\u00e9m MF DNES \u00fato\u010d\u00ed na V\u011bci  ve\u0159ejn\u00e9 a\u00a0 skrze pokusy o diskreditaci V\u00edta B\u00e1rty se sna\u017e\u00ed rozkl\u00ed\u017eit  koalici. To se skoro povedlo, kdy\u017e v uplynul\u00fdch dnech hrozily V\u011bci  ve\u0159ejn\u00e9 odchodem z vl\u00e1dy po n\u00e1tlaku premi\u00e9ra Petra Ne\u010dase na rezignaci  t\u00e9m\u011b\u0159 v\u0161ech v\u00e9\u010dka\u0159sk\u00fdch ministr\u016f.<\/p>\n<p>Nakonec se celkem v\u011brohodn\u011b  uk\u00e1zalo, \u017ee za celou kampan\u00ed stoj\u00ed topol\u00e1nkovsk\u00e1 klika v ODS, kter\u00e1 by  r\u00e1da pos\u00edlila sv\u016fj vliv a mo\u017en\u00e1 cht\u011bla i do budoucna zabr\u00e1nit n\u00e1vratu  V\u00e1clava Klause do \u010dela ODS. V kauze, kterou odstartoval poslanec VV  Jaroslav \u0160k\u00e1rka, se toti\u017e anga\u017eoval p\u0159edev\u0161\u00edm p\u0159edseda poslaneck\u00e9ho  klubu ODS Petr Tlucho\u0159, kter\u00fd je zn\u00e1m loaj\u00e1ln\u00edm vztahem k b\u00fdval\u00e9mu  \u0161\u00e9fovi ODS Mirku Topol\u00e1nkovi.<\/p>\n<p>Pr\u00e1v\u011b Topol\u00e1nek pak promluvil ve  velk\u00e9m rozhovoru pro Lidov\u00e9 noviny, kde svoji roli pop\u00edral tak  vehementn\u011b, zast\u00e1val se Tlucho\u0159e a \u00fato\u010dil na prezidenta Klause natolik,  a\u017e s\u00e1m potvrdil v\u00fd\u0161e zm\u00edn\u011bn\u00e9.<\/p>\n<p>S\u00e1m prezident V\u00e1clav Klaus necht\u011bl  Topol\u00e1nk\u016fv rozhovor komentovat, ve sv\u00fdch odpov\u011bd\u00edch na ot\u00e1zky MF DNES  ale napsal, \u017ee krizi vl\u00e1dy neodstartovalo &#8222;senza\u010dn\u00ed&#8220; zji\u0161t\u011bn\u00ed MF DNES o  ekonomick\u00fdch z\u00e1jmech V\u00edta B\u00e1rty, jako sp\u00ed\u0161e spole\u010dn\u00fd pl\u00e1n Krist\u00fdny Ko\u010d\u00ed a  Petra Tlucho\u0159e.<\/p>\n<p>&#8222;J\u00e1 jsem pl\u00e1n pana B\u00e1rty nestudoval, proto\u017ee si  nemysl\u00edm, \u017ee byl skute\u010dnou p\u0159\u00ed\u010dinou dne\u0161n\u00ed vl\u00e1dn\u00ed krize. Zaj\u00edmav\u00e9 je  n\u011bco jin\u00e9ho. Zaj\u00edmav\u00e9 je, \u017ee se mne nept\u00e1te, jestli byl p\u0159\u00ed\u010dinou dne\u0161n\u00ed  krize pl\u00e1n dvojice Ko\u010d\u00ed \u2013 Tlucho\u0159 (a lid\u00ed kolem nich). Zdroj dne\u0161n\u00ed  vl\u00e1dn\u00ed krize bych j\u00e1 hledal sp\u00ed\u0161e tam,&#8220; \u0159ekl Klaus.<\/p>\n<p>Ko\u010d\u00ed p\u0159itom  na nahr\u00e1vce, kterou zve\u0159ejnil minul\u00fd t\u00fdden \u010dasopis T\u00fdden, bezelstn\u011b  p\u0159iznala, \u017ee na kampani pracuje ve spolupr\u00e1ci s MF DNES a s Jaroslavem  Kmentou.<\/p>\n<p>&#8222;\u0160k\u00e1rka jim to dal. To sledov\u00e1n\u00ed. A kdyby&#8230;, v t\u011bch  nejv\u011bt\u0161\u00edch sra\u010dk\u00e1ch nebude. Proto\u017ee on je ten zdroj. A to stejn\u00fd oni  nab\u00edzej\u00ed tomu, kdo to pojmenuje. Ta Mlad\u00e1 fronta je jedin\u00e1, kter\u00e1 to  hraje s n\u00e1ma,&#8220; popisuje na nahr\u00e1vce Ko\u010d\u00ed, jak b\u00fdval\u00fd poslanec VV dal MF  DNES k dispozici r\u016fzn\u00e9 podklady.<\/p>\n<p>Nad pond\u011bln\u00edm \u00fatokem MF DNES se pozastavil i dal\u0161\u00ed prezident\u016fv bl\u00edzk\u00fd spolupracovn\u00edk, Petr H\u00e1jek.<\/p>\n<p>\u201eMysl\u00edm,  \u017ee Mlad\u00e1 fronta a pan Kmenta se ukonspiruj\u00ed k smrti. Tohle jim musela  \u0159\u00edci z\u0159ejm\u011b Krist\u00fdna Ko\u010d\u00ed v n\u011bjak\u00e9m dosud nepublikovan\u00e9m z\u00e1znamu. Jinak  si to neum\u00edm vysv\u011btlit,&#8220; cituj\u00ed v t\u00e9 souvislosti vicekancl\u00e9\u0159e Petra  H\u00e1jka server ParlamentniListy.cz.<\/p>\n<p>\u201eAle v\u00e1\u017en\u011b: Nikdy, v \u017e\u00e1dnou  chv\u00edli nepadlo z Hradu toto ani jin\u00e9 jm\u00e9no. Koukali jsme na to stejn\u011b  p\u0159ekvapen\u011b jako pan Bure\u0161 s\u00e1m. V\u010dera jsme se ho se z\u00e1jmem zeptali,  jestli chce snad z Hradu odej\u00edt a jasn\u011b n\u00e1m \u0159ekl, \u017ee ho nikdo v tomto  sm\u011bru nekontaktoval, \u017ee v\u016fbec nev\u00ed, jak se jeho jm\u00e9no do m\u00e9di\u00ed dostalo.  Opakuji: Ani od pana prezidenta, ani od nikoho z jeho okol\u00ed toto jm\u00e9no  nikdy nezazn\u011blo. Jde o \u010distou konstrukci pana Kmenty a MFD, kter\u00e1  umanut\u011b rozehr\u00e1v\u00e1 dal\u0161\u00ed tlucho\u0159ovsk\u00e9 hry. Ten model je st\u00e1le stejn\u00fd.  Vytvo\u0159\u00ed se f\u00e1ma, \u017ee Hrad m\u00e1 na n\u011bkom z\u00e1jem, po jej\u00edm medi\u00e1ln\u00edm  zafixov\u00e1n\u00ed se o n\u00ed spekuluje a t\u00edm se z toho ud\u011bl\u00e1 \u00b4ve\u0159ejn\u00fd majetek\u00b4. Je  to \u010dist\u00e1 mystifikace,&#8220; vysv\u011btlil H\u00e1jek.<\/p>\n<p>\u201eTo je po\u0159\u00e1d tot\u00e9\u017e.  Pot\u00e9, co za Topol\u00e1nkovy vl\u00e1dy ode\u0161el dosavadn\u00ed \u0161\u00e9f na\u0161eho bezpe\u010dnostn\u00edho  odboru p\u0159\u00edtel Marka Dal\u00edka Jan Nov\u00e1k, d\u011blat \u0159editele \u00fa\u0159adu vl\u00e1dy, bylo  jeho m\u00edsto na Hrad\u011b dlouho neobsazeno. Hledali jsme jeho n\u00e1stupce \u0159adu  m\u011bs\u00edc\u016f, hovo\u0159ili s \u0159adou lid\u00ed, dost\u00e1vali mnoho nab\u00eddek. Mezi nimi se o  toto m\u00edsto zaj\u00edmal i Radim Bure\u0161. Profesion\u00e1ln\u011b m\u011bl v\u0161echny p\u0159edpoklady &#8211;  jak svou dosavadn\u00ed prac\u00ed na NBU, tak bezpe\u010dnostn\u00edmi prov\u011brkami. Proto  padla volba na n\u011bj. V roce 2008 jsme nikdo neznali jm\u00e9no V\u00edta B\u00e1rty, t\u00edm  m\u00e9n\u011b jeho agentury. Je to sm\u011b\u0161n\u00e1 zp\u011btn\u00e1 konstrukce,&#8220; dodal.<\/p>\n<p><a href=\"http:\/\/www.prvnizpravy.cz\/zpravy\/zpravy\/z-domova\/jakl-mf-dnes-upada--tiskne-co-intrikani-podstrci\/highlightSearch=Jakl\/\" target=\"_blank\">Zdroj<\/a><\/p>\n","protected":false},"excerpt":{"rendered":"<p>Prezident\u016fv tajemn\u00edk Ladislav Jakl vrac\u00ed \u00fader MF DNES. Kdysi seriozn\u00ed den\u00edk se podle n\u011bj stal n\u00e1strojem manipul\u00e1tor\u016f.<\/p>\n","protected":false},"author":1,"featured_media":0,"comment_status":"open","ping_status":"open","sticky":false,"template":"","format":"standard","meta":{"ngg_post_thumbnail":0,"footnotes":""},"categories":[11],"tags":[],"class_list":["post-986","post","type-post","status-publish","format-standard","hentry","category-ozvena"],"_links":{"self":[{"href":"https:\/\/www.ladislavjakl.cz\/index.php?rest_route=\/wp\/v2\/posts\/986","targetHints":{"allow":["GET"]}}],"collection":[{"href":"https:\/\/www.ladislavjakl.cz\/index.php?rest_route=\/wp\/v2\/posts"}],"about":[{"href":"https:\/\/www.ladislavjakl.cz\/index.php?rest_route=\/wp\/v2\/types\/post"}],"author":[{"embeddable":true,"href":"https:\/\/www.ladislavjakl.cz\/index.php?rest_route=\/wp\/v2\/users\/1"}],"replies":[{"embeddable":true,"href":"https:\/\/www.ladislavjakl.cz\/index.php?rest_route=%2Fwp%2Fv2%2Fcomments&post=986"}],"version-history":[{"count":1,"href":"https:\/\/www.ladislavjakl.cz\/index.php?rest_route=\/wp\/v2\/posts\/986\/revisions"}],"predecessor-version":[{"id":987,"href":"https:\/\/www.ladislavjakl.cz\/index.php?rest_route=\/wp\/v2\/posts\/986\/revisions\/987"}],"wp:attachment":[{"href":"https:\/\/www.ladislavjakl.cz\/index.php?rest_route=%2Fwp%2Fv2%2Fmedia&parent=986"}],"wp:term":[{"taxonomy":"category","embeddable":true,"href":"https:\/\/www.ladislavjakl.cz\/index.php?rest_route=%2Fwp%2Fv2%2Fcategories&post=986"},{"taxonomy":"post_tag","embeddable":true,"href":"https:\/\/www.ladislavjakl.cz\/index.php?rest_route=%2Fwp%2Fv2%2Ftags&post=986"}],"curies":[{"name":"wp","href":"https:\/\/api.w.org\/{rel}","templated":true}]}}