{"id":9869,"date":"2019-02-18T10:28:33","date_gmt":"2019-02-18T09:28:33","guid":{"rendered":"http:\/\/www.ladislavjakl.cz\/?p=9869"},"modified":"2019-02-18T10:28:33","modified_gmt":"2019-02-18T09:28:33","slug":"do-vysilaci-rady-kandiduje-pet-lidi-i-jakl-za-spd","status":"publish","type":"post","link":"https:\/\/www.ladislavjakl.cz\/?p=9869","title":{"rendered":"Do vys\u00edlac\u00ed rady kandiduje p\u011bt lid\u00ed, i Jakl za SPD"},"content":{"rendered":"<p>Na dv\u011b m\u00edsta v Rad\u011b pro rozhlasov\u00e9 a televizn\u00ed (RRTV) vys\u00edl\u00e1n\u00ed kandiduje p\u011bt lid\u00ed. Hnut\u00ed ANO op\u011bt navrhlo konzultanta&nbsp;<strong>Vadima Petrova<\/strong>, Pir\u00e1ti pr\u00e1vni\u010dku&nbsp;<strong>Olgu Ulrichovou<\/strong>&nbsp;a TOP 09&nbsp;<strong>Miladu Richterovou<\/strong>, kter\u00e9 skon\u010dil \u0161estilet\u00fd mand\u00e1t v rad\u011b loni v \u0159\u00edjnu. ODS chce do vys\u00edlac\u00ed rady sv\u00e9ho n\u011bkdej\u0161\u00edho mluv\u010d\u00edho&nbsp;<strong>Milana Bou\u0161ku<\/strong>, jen\u017e radn\u00edm v minulosti byl. SPD navrhla&nbsp;<strong>Ladislava Jakla<\/strong>,&nbsp;tajemn\u00edka b\u00fdval\u00e9ho prezidenta&nbsp;<strong>V\u00e1clava Klause<\/strong>. N\u00e1vrhy kandid\u00e1t\u016f shrom\u00e1\u017edila sn\u011bmovn\u00ed volebn\u00ed komise.<\/p>\n<p><!--more--><\/p>\n<p>Sn\u011bmovna bude volit dva kandid\u00e1ty na jmenov\u00e1n\u00ed do vys\u00edlac\u00ed rady na b\u0159eznov\u00e9 sch\u016fzi. P\u016fjde o m\u00edsta po Richterov\u00e9 a po n\u011bkdej\u0161\u00edm sen\u00e1torovi ODS&nbsp;<strong>Richardu Svobodovi<\/strong>, jemu\u017e skon\u010d\u00ed mand\u00e1t radn\u00edho za\u010d\u00e1tkem p\u0159\u00ed\u0161t\u00edho m\u011bs\u00edce.<\/p>\n<p>M\u00edsto po Richterov\u00e9 doln\u00ed komora ani ve dvou d\u0159\u00edv\u011bj\u0161\u00edch dvoukolov\u00fdch volb\u00e1ch neobsadila. V lednov\u00e9m fin\u00e1le neusp\u011bli Petrov ani Richterov\u00e1. Prvn\u00ed ne\u00fasp\u011b\u0161n\u00e1 volba se konala loni v \u0159\u00edjnu, v jej\u00edm druh\u00e9m kole se tehdy Ulrichov\u00e1 a b\u00fdval\u00fd n\u00e1m\u011bstek ministra kultury, kandid\u00e1t KDU-\u010cSL&nbsp;<strong>Patrik Ko\u0161ick\u00fd<\/strong>.<\/p>\n<p>Radu tvo\u0159\u00ed 13 \u010dlen\u016f, kter\u00e9 na n\u00e1vrh Sn\u011bmovny jmenuje a odvol\u00e1v\u00e1 premi\u00e9r. Rada pro rozhlasov\u00e9 a televizn\u00ed vys\u00edl\u00e1n\u00ed mimo jin\u00e9 ud\u011bluje, m\u011bn\u00ed a odn\u00edm\u00e1 licence k provozov\u00e1n\u00ed vys\u00edl\u00e1n\u00ed, dohl\u00ed\u017e\u00ed na pluralitu programov\u00e9 nab\u00eddky a informac\u00ed a db\u00e1 na obsahovou nez\u00e1vislost vys\u00edl\u00e1n\u00ed. Rada sleduje obsah rozhlasov\u00e9ho a televizn\u00edho vys\u00edl\u00e1n\u00ed, za poru\u0161en\u00ed vys\u00edlac\u00edch z\u00e1kon\u016f ukl\u00e1d\u00e1 sankce.<\/p>\n<div class=\"attention\">\n<h2>Aktu\u00e1ln\u00ed stranick\u00e9&nbsp;rozlo\u017een\u00ed sil v rad\u011b<\/h2>\n<h3>za \u010cSSD:&nbsp;4<\/h3>\n<ul>\n<li><strong>Ivan Krej\u010d\u00ed<\/strong>&nbsp;(p\u0159edseda)<\/li>\n<li><strong>Martin&nbsp;Bezou\u0161ka<\/strong>&nbsp;(m\u00edstop\u0159edseda)<\/li>\n<li><strong>Dagmar&nbsp;Zv\u011b\u0159inov\u00e1<\/strong><\/li>\n<li><strong>Ladislav \u0160incl<\/strong><\/li>\n<\/ul>\n<h3>za ANO:&nbsp;2<\/h3>\n<ul>\n<li><strong>Jana Kasalov\u00e1<\/strong>&nbsp;(m\u00edstop\u0159edsedkyn\u011b)<\/li>\n<li><strong>Radka Nastoupilov\u00e1 (Burketov\u00e1)<\/strong><\/li>\n<\/ul>\n<h3>za KDU-\u010cSL: 2<\/h3>\n<ul>\n<li><strong>V\u00e1clav Jehli\u010dka<\/strong><\/li>\n<li><strong>Marek&nbsp;Poledn\u00ed\u010dek<\/strong><\/li>\n<\/ul>\n<h3>za ODS: 2<\/h3>\n<ul>\n<li><strong>Richard Svoboda<\/strong><\/li>\n<li><strong>V\u00e1clav Mencl<\/strong>&nbsp;(m\u00edstop\u0159edseda)<\/li>\n<\/ul>\n<h3>za TOP 09: 1<\/h3>\n<ul>\n<li><strong>Dana Jaklov\u00e1<\/strong><\/li>\n<\/ul>\n<h3>za KS\u010cM: 1<\/h3>\n<ul>\n<li><strong>Daniel Nov\u00e1k<\/strong><\/li>\n<\/ul>\n<p><a href=\"https:\/\/www.mediar.cz\/do-vysilaci-rady-kandiduje-pet-lidi-i-jakl-za-spd\/\">Zdroj<\/a><\/p>\n<\/div>\n","protected":false},"excerpt":{"rendered":"<p>Na dv\u011b m\u00edsta v Rad\u011b pro rozhlasov\u00e9 a televizn\u00ed (RRTV) vys\u00edl\u00e1n\u00ed kandiduje p\u011bt lid\u00ed. Hnut\u00ed ANO op\u011bt navrhlo konzultanta&nbsp;Vadima Petrova, Pir\u00e1ti pr\u00e1vni\u010dku&nbsp;Olgu Ulrichovou&nbsp;a TOP 09&nbsp;Miladu Richterovou, kter\u00e9 skon\u010dil \u0161estilet\u00fd mand\u00e1t v rad\u011b loni v \u0159\u00edjnu. ODS chce do vys\u00edlac\u00ed rady sv\u00e9ho n\u011bkdej\u0161\u00edho mluv\u010d\u00edho&nbsp;Milana Bou\u0161ku, jen\u017e radn\u00edm v minulosti byl. SPD navrhla&nbsp;Ladislava Jakla,&nbsp;tajemn\u00edka b\u00fdval\u00e9ho prezidenta&nbsp;V\u00e1clava Klause. [&hellip;]<\/p>\n","protected":false},"author":1,"featured_media":0,"comment_status":"open","ping_status":"open","sticky":false,"template":"","format":"standard","meta":{"ngg_post_thumbnail":0,"footnotes":""},"categories":[11],"tags":[],"class_list":["post-9869","post","type-post","status-publish","format-standard","hentry","category-ozvena"],"_links":{"self":[{"href":"https:\/\/www.ladislavjakl.cz\/index.php?rest_route=\/wp\/v2\/posts\/9869","targetHints":{"allow":["GET"]}}],"collection":[{"href":"https:\/\/www.ladislavjakl.cz\/index.php?rest_route=\/wp\/v2\/posts"}],"about":[{"href":"https:\/\/www.ladislavjakl.cz\/index.php?rest_route=\/wp\/v2\/types\/post"}],"author":[{"embeddable":true,"href":"https:\/\/www.ladislavjakl.cz\/index.php?rest_route=\/wp\/v2\/users\/1"}],"replies":[{"embeddable":true,"href":"https:\/\/www.ladislavjakl.cz\/index.php?rest_route=%2Fwp%2Fv2%2Fcomments&post=9869"}],"version-history":[{"count":1,"href":"https:\/\/www.ladislavjakl.cz\/index.php?rest_route=\/wp\/v2\/posts\/9869\/revisions"}],"predecessor-version":[{"id":9870,"href":"https:\/\/www.ladislavjakl.cz\/index.php?rest_route=\/wp\/v2\/posts\/9869\/revisions\/9870"}],"wp:attachment":[{"href":"https:\/\/www.ladislavjakl.cz\/index.php?rest_route=%2Fwp%2Fv2%2Fmedia&parent=9869"}],"wp:term":[{"taxonomy":"category","embeddable":true,"href":"https:\/\/www.ladislavjakl.cz\/index.php?rest_route=%2Fwp%2Fv2%2Fcategories&post=9869"},{"taxonomy":"post_tag","embeddable":true,"href":"https:\/\/www.ladislavjakl.cz\/index.php?rest_route=%2Fwp%2Fv2%2Ftags&post=9869"}],"curies":[{"name":"wp","href":"https:\/\/api.w.org\/{rel}","templated":true}]}}