{"id":9888,"date":"2019-02-25T14:06:29","date_gmt":"2019-02-25T13:06:29","guid":{"rendered":"http:\/\/www.ladislavjakl.cz\/?p=9888"},"modified":"2019-02-25T14:06:29","modified_gmt":"2019-02-25T13:06:29","slug":"fridrichova-z-ct-by-za-protektoratu-nosila-jiny-odznacek-a-moravec-masakr-ladislava-jakla","status":"publish","type":"post","link":"https:\/\/www.ladislavjakl.cz\/?p=9888","title":{"rendered":"Fridrichov\u00e1 z \u010cT by za Protektor\u00e1tu nosila jin\u00fd odzn\u00e1\u010dek. A Moravec&#8230; Masakr Ladislava Jakla"},"content":{"rendered":"<p>Kandid\u00e1t na m\u00edsto v Rad\u011b pro rozhlasov\u00e9 a televizn\u00ed vys\u00edl\u00e1n\u00ed Ladislav Jakl poskytl Parlamentn\u00edmList\u016fm.cz rozhovor o sv\u00fdch pl\u00e1nech a o sv\u00e9m pohledu na \u010deskou medi\u00e1ln\u00ed sc\u00e9nu. Sou\u010dasn\u00e1 ve\u0159ejnopr\u00e1vn\u00ed m\u00e9dia podle Jakla manipuluj\u00ed \u201enejen slovem i obrazem, ale tak\u00e9 u\u017e t\u00edm, o \u010dem ml\u010d\u00ed\u201c. A radost nebude m\u00edt ani V\u00e1clav Moravec \u010di Nora Fridrichov\u00e1. Jakl se sna\u017e\u00ed o \u00fa\u010dast v org\u00e1nu, kter\u00fd p\u0159ed 28 lety pom\u00e1hal zakl\u00e1dat.<\/p>\n<p><!--more--><\/p>\n<p style=\"font-weight: 400;\"><b><strong>Sn\u011bmovna bude na sv\u00e9m b\u0159eznov\u00e9m zased\u00e1n\u00ed volit dva kandid\u00e1ty do RRTV. P\u0159edchoz\u00ed hlasov\u00e1n\u00ed \u017e\u00e1dn\u00fd konkr\u00e9tn\u00ed v\u00fdsledek nep\u0159inesla. Co to podle v\u00e1s \u0159\u00edk\u00e1 o situaci kolem RRTV? Doch\u00e1z\u00ed k&nbsp;boji o podobu m\u00e9di\u00ed?<\/strong><\/b><\/p>\n<p style=\"font-weight: 400;\">Boj o podobu m\u00e9di\u00ed tady trv\u00e1 u\u017e t\u0159icet let. Ale mus\u00edm \u0159\u00edct, \u017ee jeho aktu\u00e1ln\u00ed detailn\u00ed peripetie zas moc bedliv\u011b nesleduji. Jen je jasn\u00e9, \u017ee funk\u010dn\u00ed obdob\u00ed \u010dlen\u016f je dlouh\u00e9 a je v&nbsp;n\u011bm zakonzervov\u00e1no rozlo\u017een\u00ed spole\u010densk\u00fdch a politick\u00fdch proud\u016f, kter\u00e9 jsou dnes d\u00e1vno p\u0159ekonan\u00e9, nap\u0159\u00edklad volbami, ale prost\u011b i posunem ve ve\u0159ejn\u00e9m m\u00edn\u011bn\u00ed. Volba n\u011bkolika \u010dlen\u016f Rady je tud\u00ed\u017e p\u0159\u00edle\u017eitost\u00ed, aby se do jej\u00edho slo\u017een\u00ed prom\u00edtla sou\u010dasn\u00e1 mapa n\u00e1lad a n\u00e1zor\u016f ve ve\u0159ejnosti.<\/p>\n<p>&nbsp;<\/p>\n<p style=\"font-weight: 400;\"><b><strong>Vy s\u00e1m pat\u0159\u00edte mezi p\u011btici navr\u017een\u00fdch. Co byste do Rady cht\u011bl p\u0159in\u00e9st?<\/strong><\/b><\/p>\n<p style=\"font-weight: 400;\">Dv\u011b v\u011bci. Zaprv\u00e9 jsem si jist, \u017ee jakkoli m\u00e9 n\u00e1zory na spole\u010dnost, na politiku nebo na m\u00e9dia mohou mnoh\u00fdm p\u0159ipadat p\u0159\u00edli\u0161 vyhran\u011bn\u00e9 a radik\u00e1ln\u00ed, je jist\u00e9, \u017ee je nezast\u00e1v\u00e1m pouze j\u00e1, ale \u017ee je sd\u00edl\u00ed i jist\u00e1 \u010d\u00e1st na\u0161\u00ed spole\u010dnosti. A m\u00e1-li i tato Rada reflektovat dne\u0161n\u00ed podobu spole\u010dnosti v&nbsp;cel\u00e9 jej\u00ed pestrosti, m\u011bla by i tato \u010d\u00e1st ve\u0159ejnosti m\u00edt v&nbsp;n\u00ed sv\u00e9 zastoupen\u00ed. A zadruh\u00e9: asi mohu \u0159\u00edci, \u017ee o medi\u00e1ln\u00ed problematice toho trochu v\u00edm. Z\u00e1kon, podle kter\u00e9ho tato Rada byla z\u0159\u00edzena a dodnes funguje, jsem p\u0159ed n\u011bjak\u00fdmi 28 lety psal a pak jsem se stal i prvn\u00edm vedouc\u00edm \u00fa\u0159adu nov\u011b ustaven\u00e9 Rady a vlastn\u011b jsem ji od nuly zakl\u00e1dal.&nbsp;&nbsp;&nbsp;<\/p>\n<p style=\"font-weight: 400;\"><b><strong>P\u0159ed n\u011bkolika m\u011bs\u00edci byl nominantem do RRTV Petr \u0160t\u011bp\u00e1nek, proti jeho kandidatu\u0159e vy\u0161li n\u011bkte\u0159\u00ed lid\u00e9 demonstrovat do ulic. \u0160t\u011bp\u00e1nek posl\u00e9ze z&nbsp;kandidatury ustoupil. \u010cek\u00e1te, \u017ee budou ti sam\u00ed lid\u00e9 protestovat i proti v\u00e1m?<\/strong><\/b><\/p>\n<p style=\"font-weight: 400;\">To nem\u00e1m tu\u0161en\u00ed. Ale ne\u017e tak u\u010din\u00ed, nech\u0165 si uv\u011bdom\u00ed, \u017ee Rada pro vys\u00edl\u00e1n\u00ed je kolektivn\u00ed org\u00e1n a ne ka\u017ed\u00fd \u010dlen mus\u00ed spl\u0148ovat zrovna jejich p\u0159edstavu. Mohli by uznat, \u017ee i lid\u00e9 s&nbsp;n\u00e1zory, jak\u00e9 m\u00e1m j\u00e1, do spole\u010dnosti pat\u0159\u00ed a tak\u00e9 maj\u00ed n\u00e1rok b\u00fdt sly\u0161et.&nbsp;&nbsp;&nbsp;&nbsp;&nbsp;&nbsp;&nbsp;&nbsp;&nbsp;&nbsp;&nbsp;&nbsp;&nbsp;<\/p>\n<p style=\"font-weight: 400;\"><b><strong>Co vlastn\u011b jim mohlo na Petru \u0160t\u011bp\u00e1nkovi vadit?<\/strong><\/b><\/p>\n<p style=\"font-weight: 400;\">On se m\u00e9di\u00edm hodn\u011b v\u011bnuje, velmi \u010dasto publikuje a b\u00fdv\u00e1 k&nbsp;m\u00e9di\u00edm dost kritick\u00fd. A pro koho jsou m\u00e9dia posv\u00e1tnou kr\u00e1vou, kterou nen\u00ed dovoleno kritizovat, tomu mus\u00ed jeho texty vadit.<\/p>\n<p style=\"font-weight: 400;\"><b><strong>Poslanec TOP 09 Miroslav Kalousek ned\u00e1vno vyslovil my\u0161lenku, \u017ee by st\u00e1t mohl z&nbsp;rozpo\u010dtu pom\u00e1hat n\u011bkter\u00fdm svobodn\u00fdm m\u00e9di\u00edm. Je to pravicov\u00e1 my\u0161lenka? A je to n\u00e1pad, kter\u00fd byste podpo\u0159il?<\/strong><\/b><\/p>\n<p style=\"font-weight: 400;\">Jeho n\u00e1vrh je skv\u011bl\u00fdm n\u00e1padem, jak u\u010dinit ze svobodn\u00fdch m\u00e9di\u00ed m\u00e9dia nesvobodn\u00e1, m\u00e9dia prore\u017eimn\u00ed, podporuj\u00edc\u00ed elity, m\u00e9dia zkorumpovan\u00e1. Ale on t\u011bmi \u201esvobodn\u00fdmi m\u00e9dii\u201c stejn\u011b mysl\u00ed sp\u00ed\u0161 ta, kter\u00e1 u\u017e dnes za \u010d\u00edsi pen\u00edze \u0161pin\u00ed jeho politick\u00e9 oponenty.<\/p>\n<p style=\"font-weight: 400;\"><b><strong>Jak hodnot\u00edte \u00farove\u0148 zpravodajstv\u00ed z&nbsp;d\u00edlny \u010desk\u00fdch ve\u0159ejnopr\u00e1vn\u00edch m\u00e9di\u00ed?<\/strong><\/b><\/p>\n<p style=\"font-weight: 400;\">To je ot\u00e1zka na esej. Ale kr\u00e1tce. Jejich zpravodajstv\u00ed je nejen pln\u00e9 manipulac\u00ed slovem i obrazem, ale tak\u00e9 u\u017e t\u00edm, o \u010dem ml\u010d\u00ed. V\u00fdjimky jsou v\u0161ude, ale celkov\u00e9 klima publicistiky a zpravodajstv\u00ed t\u011bchto st\u00e1tn\u00edch m\u00e9di\u00ed je takov\u00e9 dru\u017estevn\u00ed, nikdo vys\u00edl\u00e1n\u00ed po\u0159\u00e1dn\u011b nekontroluje, zam\u011bstnanci si d\u011blaj\u00ed, co je napadne nebo co jim zad\u00e1 n\u011bjak\u00fd jejich sp\u0159\u00edzn\u011bn\u00fd subjekt. Nastoluj\u00ed t\u00e9mata nikoli podle spole\u010densk\u00e9 v\u00e1\u017enosti, ale podle p\u0159\u00e1n\u00ed z\u00e1jmov\u00fdch skupin. Ale u nich to je prost\u011b syst\u00e9mov\u00fd probl\u00e9m. Televize jako n\u00e1rodn\u00ed podnik se v\u017edy bude chovat jako ka\u017ed\u00fd podnik za socialismu.<\/p>\n<p style=\"font-weight: 400;\"><b><strong>Notorick\u00fdm ter\u010dem kritiky je V\u00e1clav Moravec. Co jeho po\u0159ad, je p\u0159\u00ednosem?<\/strong><\/b><\/p>\n<p style=\"font-weight: 400;\">U\u017e n\u011bkolik let nejsem schopen fyzicky un\u00e9st v\u00edc ne\u017e n\u011bkolik minut vys\u00edl\u00e1n\u00ed toho jeho po\u0159adu. M\u00e1m obavu, \u017ee jako \u010dlen Rady bych tuto z\u00e1sadu du\u0161evn\u00ed hygieny musel zru\u0161it.<\/p>\n<p style=\"font-weight: 400;\"><b><strong>Report\u00e9rka \u010cT Nora Fridrichov\u00e1 se nechala zv\u011b\u010dnit, kterak dr\u017e\u00ed odzn\u00e1\u010dek na podporu EU. Byl to z\u00e1sadn\u00ed v\u00fdstup proevropsk\u00e9 kampan\u011b p\u0159ed volbami? Je v po\u0159\u00e1dku, aby zam\u011bstnanec ve\u0159ejnopr\u00e1vn\u00edho m\u00e9dia takto agitoval ve prosp\u011bch jedn\u00e9 \u010di druh\u00e9 strany?<\/strong><\/b><\/p>\n<p style=\"font-weight: 400;\">Tahle report\u00e9rka kdysi pomluvila ve sv\u00e9m po\u0159adu osobn\u011b i p\u0159\u00edmo mne, tak m\u011b u\u017e od n\u00ed nic nep\u0159ekvapuje. Za ka\u017ed\u00e9ho re\u017eimu byli v&nbsp;m\u00e9di\u00edch ti horliv\u011bj\u0161\u00ed agit\u00e1to\u0159i, kter\u00fdch se ostatn\u00ed kolegov\u00e9 b\u00e1li. Je mi jasn\u00e9, jak\u00fd odzn\u00e1\u010dek by byla nosila, kdyby pracovala v&nbsp;rozhlase za Protektor\u00e1tu.<\/p>\n<p style=\"font-weight: 400;\"><b><strong>Kritika se ale oz\u00fdv\u00e1 i na adresu n\u011bkter\u00fdch soukrom\u00fdch m\u00e9di\u00ed, velmi je v&nbsp;t\u00e9to souvislosti vid\u011bt Jarom\u00edr Soukup.&nbsp;<\/strong><\/b><b><strong>Na jeho medi\u00e1ln\u00ed podnik\u00e1n\u00ed se toti\u017e mno\u017e\u00ed st\u00ed\u017enosti. Trestn\u00ed ozn\u00e1men\u00ed na n\u011bj podala \u010cesk\u00e1 televize, lid\u00e9 pos\u00edlaj\u00ed podn\u011bty na RRTV, profesor Martin C. Putna vol\u00e1 po tom, aby Soukupova TV Barrandov p\u0159i\u0161la o licenci. Je to nam\u00edst\u011b? P\u0159ekra\u010duje Jarom\u00edr Soukup hranice z\u00e1kona? A co hranice vkusu?<\/strong><\/b><\/p>\n<p style=\"font-weight: 400;\">J\u00e1 jsem kritick\u00fd i k&nbsp;priv\u00e1tn\u00edm m\u00e9di\u00edm. T\u0159eba takov\u00e9 zpravodajstv\u00ed Novy se podle mne za posledn\u00edch asi p\u011bt let velmi zhor\u0161ilo. Jen se ve\u010der koukn\u011bte, zda op\u011bt budou v jejich zpr\u00e1v\u00e1ch zastoupeny dv\u011b t\u00e9m\u011b\u0159 u\u017e povinn\u00e9 rubriky nov\u00e1ck\u00fdch Televizn\u00edch novin, prvn\u00ed rubrika je o tom, co zase kr\u00e1sn\u00e9ho na\u0161li dne\u0161n\u00edho r\u00e1na v&nbsp;plenk\u00e1ch n\u011bjak\u00e9ho britsk\u00e9ho princ\u00e1tka, druh\u00e1 je o tom, kolik nevinn\u00fdch d\u011bti\u010dek si v\u010dera upekl k&nbsp;ve\u010de\u0159i ten stra\u0161n\u00fd tyran Trump. A Barrandov? Na\u0161el d\u00edru na trhu. Zjistil, \u017ee pro nespokojen\u00e9 lidi skoro nikdo nevys\u00edl\u00e1, tak zde vid\u00ed \u0161anci, jak si zvednout sledovanost. Hlavn\u011b ale plat\u00ed, \u017ee soukrom\u00e1 m\u00e9dia sv\u00e9 vys\u00edl\u00e1n\u00ed provozuj\u00ed za sv\u00e9 pen\u00edze a dlouhodob\u00fd boj proti vlastn\u00edmu div\u00e1kovi \u010di poslucha\u010di se jim mus\u00ed \u010dasem vymst\u00edt. U st\u00e1tn\u00edch m\u00e9di\u00ed to tak nen\u00ed.&nbsp;Ta klidn\u011b bojuj\u00ed proti z\u00e1jm\u016fm lid\u00ed, kte\u0159\u00ed je plat\u00ed, proto\u017ee je platit mus\u00ed. A vkus? Nic jako obecn\u00fd vkus neexistuje. Kdyby m\u011bla existovat r\u00e1dia a televize odpov\u00eddaj\u00edc\u00ed t\u0159eba pouze m\u00e9mu vkusu, to by bylo najednou ticha!<\/p>\n<p>&nbsp;<\/p>\n<p style=\"font-weight: 400;\"><b><strong>Vy s\u00e1m byste n\u011bkomu licenci odebral? A za co?<\/strong><\/b><\/p>\n<p style=\"font-weight: 400;\">To je absolutn\u011b krajn\u00ed prost\u0159edek. V&nbsp;z\u00e1kon\u011b je pops\u00e1no, kdy k&nbsp;n\u011b\u010demu takov\u00e9mu Rada m\u016f\u017ee s\u00e1hnout, ale podle mne mnoho i z\u00e1va\u017en\u00fdch provin\u011bn\u00ed lze \u0159e\u0161it jinak, t\u0159eba soudy, nap\u0159. podle trestn\u00edho pr\u00e1va, \u010di formou vym\u00e1h\u00e1n\u00ed \u0161kody. Jsou zde i pokuty, jako daleko m\u00edrn\u011bj\u0161\u00ed trest.&nbsp;<\/p>\n<p><a href=\"https:\/\/www.parlamentnilisty.cz\/arena\/rozhovory\/-Fridrichova-z-CT-by-za-Protektoratu-nosila-jiny-odznacek-A-Moravec-Masakr-Ladislava-Jakla-571524\">Zdroj<\/a><\/p>\n","protected":false},"excerpt":{"rendered":"<p>Kandid\u00e1t na m\u00edsto v Rad\u011b pro rozhlasov\u00e9 a televizn\u00ed vys\u00edl\u00e1n\u00ed Ladislav Jakl poskytl Parlamentn\u00edmList\u016fm.cz rozhovor o sv\u00fdch pl\u00e1nech a o sv\u00e9m pohledu na \u010deskou medi\u00e1ln\u00ed sc\u00e9nu. Sou\u010dasn\u00e1 ve\u0159ejnopr\u00e1vn\u00ed m\u00e9dia podle Jakla manipuluj\u00ed \u201enejen slovem i obrazem, ale tak\u00e9 u\u017e t\u00edm, o \u010dem ml\u010d\u00ed\u201c. A radost nebude m\u00edt ani V\u00e1clav Moravec \u010di Nora Fridrichov\u00e1. Jakl se [&hellip;]<\/p>\n","protected":false},"author":1,"featured_media":0,"comment_status":"open","ping_status":"open","sticky":false,"template":"","format":"standard","meta":{"ngg_post_thumbnail":0,"footnotes":""},"categories":[13],"tags":[],"class_list":["post-9888","post","type-post","status-publish","format-standard","hentry","category-rozhovory"],"_links":{"self":[{"href":"https:\/\/www.ladislavjakl.cz\/index.php?rest_route=\/wp\/v2\/posts\/9888","targetHints":{"allow":["GET"]}}],"collection":[{"href":"https:\/\/www.ladislavjakl.cz\/index.php?rest_route=\/wp\/v2\/posts"}],"about":[{"href":"https:\/\/www.ladislavjakl.cz\/index.php?rest_route=\/wp\/v2\/types\/post"}],"author":[{"embeddable":true,"href":"https:\/\/www.ladislavjakl.cz\/index.php?rest_route=\/wp\/v2\/users\/1"}],"replies":[{"embeddable":true,"href":"https:\/\/www.ladislavjakl.cz\/index.php?rest_route=%2Fwp%2Fv2%2Fcomments&post=9888"}],"version-history":[{"count":1,"href":"https:\/\/www.ladislavjakl.cz\/index.php?rest_route=\/wp\/v2\/posts\/9888\/revisions"}],"predecessor-version":[{"id":9889,"href":"https:\/\/www.ladislavjakl.cz\/index.php?rest_route=\/wp\/v2\/posts\/9888\/revisions\/9889"}],"wp:attachment":[{"href":"https:\/\/www.ladislavjakl.cz\/index.php?rest_route=%2Fwp%2Fv2%2Fmedia&parent=9888"}],"wp:term":[{"taxonomy":"category","embeddable":true,"href":"https:\/\/www.ladislavjakl.cz\/index.php?rest_route=%2Fwp%2Fv2%2Fcategories&post=9888"},{"taxonomy":"post_tag","embeddable":true,"href":"https:\/\/www.ladislavjakl.cz\/index.php?rest_route=%2Fwp%2Fv2%2Ftags&post=9888"}],"curies":[{"name":"wp","href":"https:\/\/api.w.org\/{rel}","templated":true}]}}