{"id":9891,"date":"2019-02-27T13:59:32","date_gmt":"2019-02-27T12:59:32","guid":{"rendered":"http:\/\/www.ladislavjakl.cz\/?p=9891"},"modified":"2019-02-27T13:59:32","modified_gmt":"2019-02-27T12:59:32","slug":"ladislav-jakl-brexit-tvrdy-chaoticky-divoky-cisty","status":"publish","type":"post","link":"https:\/\/www.ladislavjakl.cz\/?p=9891","title":{"rendered":"Ladislav Jakl: Brexit &#8211; Tvrd\u00fd? Chaotick\u00fd? Divok\u00fd? \u010cist\u00fd!"},"content":{"rendered":"<p>Opust\u00ed\u0161-li mne, nezahynu, opust\u00ed\u0161-li mne, zahyne\u0161. To spolu s&nbsp;Viktorem Dykem vzkazuje Brusel v\u0161em vazalsk\u00fdm zem\u00edm EU a jako uk\u00e1zku takov\u00e9ho hynut\u00ed jim p\u0159edv\u00e1d\u00ed hr\u016fzostra\u0161n\u00fd osud, do kter\u00e9ho se pr\u00fd no\u0159\u00ed Brit\u00e1nie, kter\u00e1 se rozhodla EU opustit.<\/p>\n<p><!--more--><\/p>\n<p>Rozhodli se tak brit\u0161t\u00ed ob\u010dan\u00e9, kter\u00fdm jist\u00fdm \u201enedopat\u0159en\u00edm\u201c dali jednou politici slovo. Politici brit\u0161t\u00ed, kte\u0159\u00ed si \u017e\u00e1dn\u00e9 takov\u00e9 rozhodnut\u00ed nep\u0159\u00e1li, a proto ho z\u010d\u00e1sti bojkotuj\u00ed a z\u010d\u00e1sti realizuj\u00ed jak parta amat\u00e9r\u016f. Zastavit ho ale nemohou, jen je mo\u017en\u00e9, \u017ee k&nbsp;n\u011bmu opravdu dojde bez p\u0159edb\u011b\u017en\u00e9 ofici\u00e1ln\u00ed dohody s&nbsp;Bruselem. A takov\u00e9mu odchodu politici a m\u00e9dia u\u017e p\u0159edem d\u00e1vaj\u00ed p\u0159\u00edvlastky bud\u00edc\u00ed hr\u016fzu: tvrd\u00fd bexit, chaotick\u00fd brexit a nyn\u00ed dokonce divok\u00fd brexit.<\/p>\n<p>Od za\u010d\u00e1tku, tedy od samotn\u00e9ho referenda, bylo ale p\u0159ece jasn\u00e9, \u017ee bu\u010f odejde Brit\u00e1nie z&nbsp;euro\u0159\u00ed\u0161e s&nbsp;dohodou \u0161patnou, nev\u00fdhodnou a poni\u017euj\u00edc\u00ed, nebo bez dohody. Dobrou by Brusel nikdy nedovolil. A \u017e\u00e1dn\u00e1 dohoda je ur\u010dit\u011b lep\u0161\u00ed ne\u017e \u0161patn\u00e1. Z&nbsp;tohoto hlediska lze pova\u017eovat posledn\u00ed dva roky za ztracen\u00e9. Kdyby Brit\u00e1nii vedla garnitura, kter\u00e1 za brexit skute\u010dn\u011b bojovala a p\u0159\u00e1la si ho, byla by p\u0159edlo\u017eila p\u00e1r t\u00fddn\u016f po brexitu Bruselu n\u00e1vrh ve stylu ber, nebo nech le\u017eet. A pokud by z\u016fstal le\u017eet, odchod bylo t\u0159eba uskute\u010dnit co nejrychleji a bez dal\u0161\u00edho.<\/p>\n<p>Copak je n\u011bco stra\u0161n\u00e9ho odej\u00edt \u010dist\u011b, d\u016fsledn\u011b, ob\u011bma nohama (a ne pouze jednou) a rychle? Zahynuli jsme p\u0159i \u201edivok\u00e9m\u201c odchodu z&nbsp;rakousk\u00e9 monarchie? Na\u0161e odtr\u017een\u00ed bylo v\u011bc\u00ed p\u00e1r hodin, prob\u011bhlo z\u010d\u00e1sti spont\u00e1nn\u011b, z\u010d\u00e1sti in\u017een\u00fdrov\u00e1no p\u011bti Mu\u017ei osmadvac\u00e1t\u00e9ho \u0159\u00edjna. Cel\u00fd slavn\u00fd exil p\u0159ijel u\u017e do nez\u00e1visl\u00e9 a funguj\u00edc\u00ed samostatn\u00e9 zem\u011b. Nezahynuli jsme. Um\u011bli jsme si vl\u00e1dnout, um\u011bli jsme si naj\u00edt nov\u00e9 trhy, postavit nov\u00fd st\u00e1t. Bez n\u011bjak\u00e9 dohody s&nbsp;Habsburky.<\/p>\n<p>Bez RVHP jsme tak\u00e9 nezahynuli. Jist\u011b, propad exportu byl zpo\u010d\u00e1tku velmi citeln\u00fd, ale byl nutn\u00fd a byl rychle nahrazen trhy n\u00e1ro\u010dn\u011bj\u0161\u00edmi.<\/p>\n<p>A co rozpad federace? N\u011bkdo m\u016f\u017ee nam\u00edtnout, \u017ee jsme ne\u0159e\u0161ili n\u011bjakou irsko-irskou hranici, ale byli jsme jedn\u00edm st\u00e1tem a bylo t\u0159eba \u0159e\u0161it v\u011bc\u00ed mnohem v\u00edc, ne\u017e se \u0159e\u0161\u00ed u brexitu: spole\u010dn\u00fd majetek, arm\u00e1du, feder\u00e1ln\u00ed \u00fa\u0159ady\u2026 A po p\u00e1r t\u00fddnech i m\u011bnu. Zahynuli jsme my nebo Slov\u00e1ci? \u010c\u00edm tu kdo po\u0159\u00e1d stra\u0161\u00ed?<\/p>\n<p>Kdyby Brit\u00e1nie byla ode\u0161la u\u017e p\u0159ed dv\u011bma lety, d\u00e1vno by od nuly vznikl p\u0159irozen\u00fd syst\u00e9m ekonomick\u00fdch a dal\u0161\u00edch smluv, proto\u017ee by si ho vynutil \u017eivot, nemusel by vzniknout shora um\u011ble a p\u0159edem. Pro Brit\u00e1nii je nesporn\u011b lep\u0161\u00ed odej\u00edt bez p\u0159e\u0161lapov\u00e1n\u00ed. Odej\u00edt \u010dist\u011b. Nezahyne.<\/p>\n<p>A pro n\u00e1s, dosavadn\u00ed vazaly, zasv\u00edt\u00ed nad\u011bje. A co ty stra\u0161ideln\u00e9 dopady brexitu na na\u0161i ekonomiku, pr\u00fd a\u017e jeden procentn\u00ed bod r\u016fstu HDP minus? To je \u00fadaj vycucan\u00fd z&nbsp;prstu, odvozen\u00fd z&nbsp;toho, kdyby najednou zcela ustal n\u00e1\u0161 export do Brit\u00e1nie. Neustane. Brit\u00e1nie n\u00e1m \u017e\u00e1dn\u00e9 sankce nevyhl\u00e1s\u00ed. Bude s&nbsp;n\u00e1mi obchodovat bez pot\u00ed\u017e\u00ed jako jak\u00e1koli z&nbsp;mnoha neunijn\u00edch zem\u00ed, se kter\u00fdmi dnes \u010dile obchodujeme. Mo\u017en\u00e1 se jen chv\u00edli budou \u0159e\u0161it r\u016fzn\u00e1 poji\u0161t\u011bn\u00ed a transak\u010dn\u00ed technik\u00e1lie, nic v\u00edc.<\/p>\n<p>Nikdo nezahyne. Leda do nebe rostouc\u00ed p\u00fdcha vl\u00e1dc\u016f Bruselu. I kdy\u017e tou asi neot\u0159ese nic. My ostatn\u00ed budeme \u0159\u00edkat brexitu bez poni\u017euj\u00edc\u00ed \u201edohody\u201c brexit \u010dist\u00fd.<\/p>\n<p><em>Ladislav Jakl, dne 19. \u00fanora 2019<\/em><\/p>\n<p><a href=\"http:\/\/institutvk.cz\/clanky\/1286.html\">Zdroj<\/a><\/p>\n","protected":false},"excerpt":{"rendered":"<p>Opust\u00ed\u0161-li mne, nezahynu, opust\u00ed\u0161-li mne, zahyne\u0161. To spolu s&nbsp;Viktorem Dykem vzkazuje Brusel v\u0161em vazalsk\u00fdm zem\u00edm EU a jako uk\u00e1zku takov\u00e9ho hynut\u00ed jim p\u0159edv\u00e1d\u00ed hr\u016fzostra\u0161n\u00fd osud, do kter\u00e9ho se pr\u00fd no\u0159\u00ed Brit\u00e1nie, kter\u00e1 se rozhodla EU opustit.<\/p>\n","protected":false},"author":1,"featured_media":0,"comment_status":"open","ping_status":"open","sticky":false,"template":"","format":"standard","meta":{"ngg_post_thumbnail":0,"footnotes":""},"categories":[1],"tags":[],"class_list":["post-9891","post","type-post","status-publish","format-standard","hentry","category-publikovane-clanky"],"_links":{"self":[{"href":"https:\/\/www.ladislavjakl.cz\/index.php?rest_route=\/wp\/v2\/posts\/9891","targetHints":{"allow":["GET"]}}],"collection":[{"href":"https:\/\/www.ladislavjakl.cz\/index.php?rest_route=\/wp\/v2\/posts"}],"about":[{"href":"https:\/\/www.ladislavjakl.cz\/index.php?rest_route=\/wp\/v2\/types\/post"}],"author":[{"embeddable":true,"href":"https:\/\/www.ladislavjakl.cz\/index.php?rest_route=\/wp\/v2\/users\/1"}],"replies":[{"embeddable":true,"href":"https:\/\/www.ladislavjakl.cz\/index.php?rest_route=%2Fwp%2Fv2%2Fcomments&post=9891"}],"version-history":[{"count":1,"href":"https:\/\/www.ladislavjakl.cz\/index.php?rest_route=\/wp\/v2\/posts\/9891\/revisions"}],"predecessor-version":[{"id":9892,"href":"https:\/\/www.ladislavjakl.cz\/index.php?rest_route=\/wp\/v2\/posts\/9891\/revisions\/9892"}],"wp:attachment":[{"href":"https:\/\/www.ladislavjakl.cz\/index.php?rest_route=%2Fwp%2Fv2%2Fmedia&parent=9891"}],"wp:term":[{"taxonomy":"category","embeddable":true,"href":"https:\/\/www.ladislavjakl.cz\/index.php?rest_route=%2Fwp%2Fv2%2Fcategories&post=9891"},{"taxonomy":"post_tag","embeddable":true,"href":"https:\/\/www.ladislavjakl.cz\/index.php?rest_route=%2Fwp%2Fv2%2Ftags&post=9891"}],"curies":[{"name":"wp","href":"https:\/\/api.w.org\/{rel}","templated":true}]}}