{"id":9918,"date":"2019-03-20T11:37:55","date_gmt":"2019-03-20T10:37:55","guid":{"rendered":"http:\/\/www.ladislavjakl.cz\/?p=9918"},"modified":"2019-03-20T11:37:55","modified_gmt":"2019-03-20T10:37:55","slug":"za-jakla-se-vylucuje-z-ods","status":"publish","type":"post","link":"https:\/\/www.ladislavjakl.cz\/?p=9918","title":{"rendered":"Za Jakla se vylu\u010duje z ODS?"},"content":{"rendered":"<div class=\"opener\">V\u00e1clava Klause mlad\u0161\u00edho vylou\u010dilo veden\u00ed strany z ODS. Za jeden z asi t\u0159\u00ed hlavn\u00edch d\u016fvod\u016f uvedlo, \u017ee si pan poslanec dovolil ve\u0159ejn\u011b podpo\u0159it v sen\u00e1tn\u00edch volb\u00e1ch m\u011b.<\/div>\n<p><!--more--><\/p>\n<div id=\"art-text\" class=\"text\">\n<p>Vlastn\u011b jsem se k tomu necht\u011bl vyjad\u0159ovat, ale pak jsem si \u0159ekl, \u017ee se ozvat p\u0159eci jen m\u00e1m. Tohle na sob\u011b nenech\u00e1m ulp\u011bt jen tak.<\/p>\n<p>Jako skoro hrdeln\u00ed zlo\u010din ozna\u010dil podporu m\u00e9 osoby nap\u0159\u00edklad m\u00edstop\u0159edseda Kupka. Nu, j\u00e1 jsem pana Kupku poznal jako ochotn\u00e9ho a mil\u00e9ho \u010dlena sekretari\u00e1tu tehdej\u0161\u00edho st\u0159edo\u010desk\u00e9ho hejtmana Bendla. Jeho historii v ODS nezn\u00e1m. Ale skoro bych mu r\u00e1d vzk\u00e1zal, \u017ee b\u011b\u017en\u00fd volil ODS, ba i \u010dlen ODS ur\u010dit\u011b zn\u00e1 m\u00e9 n\u00e1zory l\u00e9pe a dlouhodob\u011bji, ne\u017e (pokud n\u011bjak\u00e9 m\u00e1) n\u00e1zory m\u00e9ho lo\u0148sk\u00e9ho protikandid\u00e1ta za ODS, a pova\u017euje je za bl\u00edzk\u00e9.<\/p>\n<p>ODS v onom obvod\u011b toti\u017e nevygenerovala ze sv\u00e9ho st\u0159edu vlastn\u00edho \u010dlov\u011bka, kter\u00fd by v sen\u00e1tn\u00ed kampani hl\u00e1sal sv\u00e9 dlouhodob\u011b zast\u00e1van\u00e9 pravicov\u00e9 ideje. U takov\u00e9ho by eventu\u00e1ln\u011b mohla c\u00edtit, \u017ee podpora jeho konkurenta je projevem neloajality. Jen\u017ee ona si m\u00edsto toho \u201enajala\u201c herce, o jeho\u017e n\u00e1zorech nikdy nikdo nesly\u0161el. Za t\u00e9to situace bych nejen u poslance Klause, ale i od jin\u00fdch \u010dlen\u016f ODS pova\u017eoval za celkem legitimn\u00ed, \u017ee se jim nechce volit \u010di podporovat nastr\u010den\u00e9ho herce, a rad\u011bji budou volit podle sv\u00e9ho politick\u00e9ho kr\u00e9da.<\/p>\n<p>Nev\u00edm, co d\u011blal pan Kupka v z\u00e1\u0159\u00ed roku 1990, kdy jsem v \u010cesk\u00e9 n\u00e1rodn\u00ed rad\u011b spoluzakl\u00e1dal Meziparlamentn\u00ed klub demokratick\u00e9 pravice. Nev\u00edm, co d\u011blal, kdy\u017e jsem byl v \u0159\u00edjnu 1990 \u00fa\u010dastn\u00edkem hostiva\u0159sk\u00e9ho sn\u011bmu Ob\u010dansk\u00e9ho f\u00f3ra, kde se rozhodlo o p\u0159em\u011bn\u011b tohoto hnut\u00ed v pravicovou stranu s p\u0159edsedou V\u00e1clavem Klausem. Nev\u00edm, co d\u011blal, kdy\u017e jsem byl v lednu 1991 \u00fa\u010dastn\u00edkem sn\u011bmu v Lucern\u011b, kde bylo rozhodnuto o svol\u00e1n\u00ed zakl\u00e1daj\u00edc\u00edho kongresu ODS na duben 1991 do Olomouce. Nev\u00edm, kde byl, kdy\u017e jsem den po p\u00e1du vl\u00e1dy ODS a tragick\u00e9m oslaben\u00ed strany v listopadu 1997 nab\u00eddl pomoc V\u00e1clavu Klausovi a za\u010dal pro n\u011bj a pro ODS pracovat. Nev\u00edm, kde byl, kdy\u017e jsem p\u0159ipravoval n\u00e1vrhy pro mimo\u0159\u00e1dn\u00fd kongres v Pod\u011bbradech, na kter\u00e9m se tato strana tehdy zachr\u00e1nila. Nev\u00edm, kde byl, kdy\u017e jsem v prvn\u00edm pololet\u00ed roku 1998 coby jeden ze t\u0159\u00ed hlavn\u00edch autor\u016f zadarmo spoluvytv\u00e1\u0159el volebn\u00ed kampa\u0148, d\u00edky n\u00ed\u017e se stranu poda\u0159ilo vyt\u00e1hnout za p\u00e1r m\u011bs\u00edc\u016f z dev\u00edti na osmadvacet procent (jak by se j\u00ed n\u011bco takov\u00e9ho dnes hodilo!). Nev\u00edm, kde byl, kdy\u017e jsem n\u00e1sleduj\u00edc\u00ed \u010dty\u0159i roky psal podklady a n\u00e1vrhy pro veden\u00ed ODS a pro jej\u00ed dal\u0161\u00ed volebn\u00ed kampan\u011b. Nev\u00edm, kde byl, kdy\u017e jsem navrhl stran\u011b po\u0159\u00e1dat dodnes konan\u00e9 ideov\u00e9 konference. A pr\u00e1v\u011b na takov\u00e9 konferenci jsem ozna\u010dov\u00e1n m\u00e1lem za \u010f\u00e1bla?<\/p>\n<p>ODS jsem volil od roku 1991 a\u017e do roku 2009, kdy hanebn\u011b selhala p\u0159i hlasov\u00e1n\u00edch o Lisabonsk\u00e9 smlouv\u011b. Tedy osmn\u00e1ct let. Moje postoje ka\u017ed\u00fd zn\u00e1. A podpora t\u011bchto postoj\u016f m\u00e1 b\u00fdt dnes zradou ODS?<\/p>\n<p>To si sp\u00ed\u0161 mysl\u00edm, \u017ee ODS zradila sama sebe.<\/p>\n<\/div>\n<div class=\"authors\">Autor: Ladislav Jakl<\/div>\n<p><a href=\"https:\/\/jakl.blog.idnes.cz\/blog.aspx?c=705345\">Zdroj<\/a><\/p>\n","protected":false},"excerpt":{"rendered":"<p>V\u00e1clava Klause mlad\u0161\u00edho vylou\u010dilo veden\u00ed strany z ODS. Za jeden z asi t\u0159\u00ed hlavn\u00edch d\u016fvod\u016f uvedlo, \u017ee si pan poslanec dovolil ve\u0159ejn\u011b podpo\u0159it v sen\u00e1tn\u00edch volb\u00e1ch m\u011b.<\/p>\n","protected":false},"author":1,"featured_media":0,"comment_status":"open","ping_status":"open","sticky":false,"template":"","format":"standard","meta":{"ngg_post_thumbnail":0,"footnotes":""},"categories":[1],"tags":[],"class_list":["post-9918","post","type-post","status-publish","format-standard","hentry","category-publikovane-clanky"],"_links":{"self":[{"href":"https:\/\/www.ladislavjakl.cz\/index.php?rest_route=\/wp\/v2\/posts\/9918","targetHints":{"allow":["GET"]}}],"collection":[{"href":"https:\/\/www.ladislavjakl.cz\/index.php?rest_route=\/wp\/v2\/posts"}],"about":[{"href":"https:\/\/www.ladislavjakl.cz\/index.php?rest_route=\/wp\/v2\/types\/post"}],"author":[{"embeddable":true,"href":"https:\/\/www.ladislavjakl.cz\/index.php?rest_route=\/wp\/v2\/users\/1"}],"replies":[{"embeddable":true,"href":"https:\/\/www.ladislavjakl.cz\/index.php?rest_route=%2Fwp%2Fv2%2Fcomments&post=9918"}],"version-history":[{"count":1,"href":"https:\/\/www.ladislavjakl.cz\/index.php?rest_route=\/wp\/v2\/posts\/9918\/revisions"}],"predecessor-version":[{"id":9919,"href":"https:\/\/www.ladislavjakl.cz\/index.php?rest_route=\/wp\/v2\/posts\/9918\/revisions\/9919"}],"wp:attachment":[{"href":"https:\/\/www.ladislavjakl.cz\/index.php?rest_route=%2Fwp%2Fv2%2Fmedia&parent=9918"}],"wp:term":[{"taxonomy":"category","embeddable":true,"href":"https:\/\/www.ladislavjakl.cz\/index.php?rest_route=%2Fwp%2Fv2%2Fcategories&post=9918"},{"taxonomy":"post_tag","embeddable":true,"href":"https:\/\/www.ladislavjakl.cz\/index.php?rest_route=%2Fwp%2Fv2%2Ftags&post=9918"}],"curies":[{"name":"wp","href":"https:\/\/api.w.org\/{rel}","templated":true}]}}