{"id":9955,"date":"2019-03-29T13:44:35","date_gmt":"2019-03-29T12:44:35","guid":{"rendered":"http:\/\/www.ladislavjakl.cz\/?p=9955"},"modified":"2019-03-29T13:44:35","modified_gmt":"2019-03-29T12:44:35","slug":"jakl-v-rrtv-otevrene-mluvi-o-likvidaci-verejnych-medii-my-ho-nevolili-rikaji-pro-ez-opozicni-politici","status":"publish","type":"post","link":"https:\/\/www.ladislavjakl.cz\/?p=9955","title":{"rendered":"Jakl v RRTV? Otev\u0159en\u011b mluv\u00ed o likvidaci ve\u0159ejn\u00fdch m\u00e9di\u00ed, my ho nevolili, \u0159\u00edkaj\u00ed pro EZ opozi\u010dn\u00ed politici"},"content":{"rendered":"<p>V tajn\u00e9m hlasov\u00e1n\u00ed poslaneck\u00e9 sn\u011bmovny byl na voln\u00e9 m\u00edsto v Rad\u011b pro rozhlasov\u00e9 a televizn\u00ed vys\u00edl\u00e1n\u00ed (RRTV) zvolen poradce b\u00fdval\u00e9ho prezidenta V\u00e1clava Klause Ladislav Jakl. Proti kontroverzn\u00ed osobnosti se objevila vlna kritiky.<\/p>\n<p><!--more--><\/p>\n<p>Jakl zn\u00e1m\u00fd provokativn\u00edmi v\u00fdroky antiekologick\u00e9ho charakteru nebo \u00fatoky proti m\u00e9di\u00edm a z obvi\u0148ov\u00e1n\u00ed novin\u00e1\u0159\u016f z principi\u00e1ln\u00edho lhan\u00ed. P\u0159esto byl zvolen na uvoln\u011bn\u00e9 m\u00edsto v RRTV jako nominant SPD.<\/p>\n<p>I kdy\u017e samotn\u00e1 volba byla tajn\u00e1 vzhledem k tomu, \u017ee z\u00edskal v\u011bt\u0161inu pravd\u011bpodobn\u011b byl podpo\u0159en vl\u00e1dn\u00edmi poslanci. &#8222;Evidentn\u011b ho podpo\u0159ila vl\u00e1dn\u00ed koalice za loajalitu a podporu vl\u00e1dn\u00edm n\u00e1vrh\u016fm,&#8220; sd\u011blil pro EuroZpr\u00e1vy.cz p\u0159edseda KDU-\u010cSL Pavel B\u011blobr\u00e1dek. Neschvaluje ho ani mo\u017en\u00fd B\u011blobr\u00e1dk\u016fv n\u00e1stupce v p\u0159edsednick\u00e9 funkci Marian Jure\u010dka. &#8222;Nepova\u017euji ho za vhodn\u00e9ho kandid\u00e1ta, m\u00e1m jin\u00e9 p\u0159edstavy o lidech, kte\u0159\u00ed by m\u011bli b\u00fdti \u010dleny t\u00e9to rady,&#8220; odpov\u011bd\u011bl na dotaz poslanec za KDU-\u010cSL.<\/p>\n<p>Kriticky se k Jaklovi vyj\u00e1d\u0159il i Petr Gazd\u00edk. &#8222;Nepova\u017euji ho za vhodnou osobu do RRTV a p\u0159esto\u017ee volba byla tajn\u00e1, nep\u0159edpokl\u00e1d\u00e1m, \u017ee by ho poslanci STAN volili. Ka\u017edop\u00e1dn\u011b j\u00e1 ne,&#8220; napsal v SMS zpr\u00e1v\u011b p\u0159edseda Starost\u016f a nez\u00e1visl\u00fdch.<\/p>\n<p>Spokojenost s Jaklem nepanuje ani v KS\u010cM, kter\u00e1 podporuje men\u0161inovou vl\u00e1dn\u00ed koalici. &#8222;V\u00fdsledek volby je legitimn\u00ed, i kdy\u017e ho vn\u00edm\u00e1m sp\u00ed\u0161 jako naschv\u00e1l n\u011bkter\u00fdch volitel\u016f. \u010clov\u011bk, kter\u00fd otev\u0159en\u011b mluv\u00ed o likvidaci ve\u0159ejn\u00fdch m\u00e9di\u00ed, nen\u00ed podle mne \u0161\u0165astn\u00e1 volba. Pokud by se tu za\u010dala rozehr\u00e1vat hra o dal\u0161\u00ed penetraci oligarch\u016f do m\u00e9di\u00ed, bylo by to o\u0161idn\u00e9. probl\u00e9m ve\u0159ejnopr\u00e1vnosti le\u017e\u00ed jinde a vl\u00e1dn\u00ed m\u00e9dia m\u00edsto ve\u0159ejn\u00fdch nepot\u0159ebujeme,&#8220; sd\u011blil pro EuroZpr\u00e1vy.cz poslanec KS\u010cM Ji\u0159\u00ed Dolej\u0161 a popsal kontroverznost zvolen\u00e9ho kandid\u00e1ta.<\/p>\n<p>Podle pir\u00e1tsk\u00e9ho poslance Tom\u00e1\u0161e Mart\u00ednka byla i \u010cesk\u00e1 pir\u00e1tsk\u00e1 strana. &#8222;Kdo zvolil Ladislava Jakla do RRTV? Podle v\u0161eho ho volila nominujic\u00ed SPD a ANO, co\u017e de facto potvrdil @kolovratnikm na Twitteru. Jinak na hlasov\u00e1n\u00ed dorazil i Klaus ml. To dohromady d\u00e1v\u00e1 p\u0159es 88. Pir\u00e1ti hlasovali proti tajn\u00e9 volb\u011b, za tyto osoby m\u00e1 b\u00fdt politick\u00e1 odpov\u011bdnost jasn\u00e1,&#8220; napsal na Twitteru.<\/p>\n<p>K volb\u011b Jakla se vyj\u00e1d\u0159ilo tak\u00e9 n\u011bkolik sen\u00e1tor\u016f, i kdy\u017e ti do RRTV z\u00e1stupce nevol\u00ed. B\u00fdval\u00fd prezidentsk\u00fd kandid\u00e1t Ji\u0159\u00ed Draho\u0161 volbu okomentoval na soci\u00e1ln\u00edch s\u00edt\u00edch. &#8222;Zat\u00edmco zn\u00e1m\u00fd historik @padevetjiri nebyl zvolen do rady \u00daSTRu, zn\u00e1m\u00fd konspir\u00e1tor Ladislav Jakl byl na n\u00e1vrh SPD vybr\u00e1n do Rady pro rozhlasov\u00e9 a televizn\u00ed vys\u00edl\u00e1n\u00ed. Vl\u00e1dn\u00ed koalice dnes opravdu jede,&#8220; uvedl na Twitteru sen\u00e1tor.<\/p>\n<p>&#8222;Sen\u00e1t nezvolil do \u00daS Gerlocha, Sn\u011bmovna zvolila do RRTV Jakla. A to ob\u011b komory jsou sou\u010d\u00e1st\u00ed jednoho Parlamentu. No co. Princ Jaso\u0148 a princ Drso\u0148 taky byli form\u00e1ln\u011b brat\u0159i,&#8220; popsal svou p\u0159edstavu o pr\u00e1ci obou komor parlamentu sen\u00e1tor V\u00e1clav L\u00e1ska.<\/p>\n<p><a href=\"https:\/\/eurozpravy.cz\/domaci\/politika\/253099-jakl-v-rrtv-otevrene-mluvi-o-likvidaci-verejnych-medii-my-ho-nevolili-rikaji-pro-ez-opozicni-politici\/\">Zdroj<\/a><\/p>\n","protected":false},"excerpt":{"rendered":"<p>V tajn\u00e9m hlasov\u00e1n\u00ed poslaneck\u00e9 sn\u011bmovny byl na voln\u00e9 m\u00edsto v Rad\u011b pro rozhlasov\u00e9 a televizn\u00ed vys\u00edl\u00e1n\u00ed (RRTV) zvolen poradce b\u00fdval\u00e9ho prezidenta V\u00e1clava Klause Ladislav Jakl. Proti kontroverzn\u00ed osobnosti se objevila vlna kritiky.<\/p>\n","protected":false},"author":1,"featured_media":0,"comment_status":"open","ping_status":"open","sticky":false,"template":"","format":"standard","meta":{"ngg_post_thumbnail":0,"footnotes":""},"categories":[11],"tags":[],"class_list":["post-9955","post","type-post","status-publish","format-standard","hentry","category-ozvena"],"_links":{"self":[{"href":"https:\/\/www.ladislavjakl.cz\/index.php?rest_route=\/wp\/v2\/posts\/9955","targetHints":{"allow":["GET"]}}],"collection":[{"href":"https:\/\/www.ladislavjakl.cz\/index.php?rest_route=\/wp\/v2\/posts"}],"about":[{"href":"https:\/\/www.ladislavjakl.cz\/index.php?rest_route=\/wp\/v2\/types\/post"}],"author":[{"embeddable":true,"href":"https:\/\/www.ladislavjakl.cz\/index.php?rest_route=\/wp\/v2\/users\/1"}],"replies":[{"embeddable":true,"href":"https:\/\/www.ladislavjakl.cz\/index.php?rest_route=%2Fwp%2Fv2%2Fcomments&post=9955"}],"version-history":[{"count":1,"href":"https:\/\/www.ladislavjakl.cz\/index.php?rest_route=\/wp\/v2\/posts\/9955\/revisions"}],"predecessor-version":[{"id":9956,"href":"https:\/\/www.ladislavjakl.cz\/index.php?rest_route=\/wp\/v2\/posts\/9955\/revisions\/9956"}],"wp:attachment":[{"href":"https:\/\/www.ladislavjakl.cz\/index.php?rest_route=%2Fwp%2Fv2%2Fmedia&parent=9955"}],"wp:term":[{"taxonomy":"category","embeddable":true,"href":"https:\/\/www.ladislavjakl.cz\/index.php?rest_route=%2Fwp%2Fv2%2Fcategories&post=9955"},{"taxonomy":"post_tag","embeddable":true,"href":"https:\/\/www.ladislavjakl.cz\/index.php?rest_route=%2Fwp%2Fv2%2Ftags&post=9955"}],"curies":[{"name":"wp","href":"https:\/\/api.w.org\/{rel}","templated":true}]}}