{"id":9958,"date":"2019-03-29T13:50:33","date_gmt":"2019-03-29T12:50:33","guid":{"rendered":"http:\/\/www.ladislavjakl.cz\/?p=9958"},"modified":"2019-03-29T13:50:33","modified_gmt":"2019-03-29T12:50:33","slug":"ladislav-jakl-presvedcil-poslance-doplni-radu-pro-rozhlasove-a-televizni-vysilani","status":"publish","type":"post","link":"https:\/\/www.ladislavjakl.cz\/?p=9958","title":{"rendered":"Ladislav Jakl p\u0159esv\u011bd\u010dil poslance, dopln\u00ed Radu pro rozhlasov\u00e9 a televizn\u00ed vys\u00edl\u00e1n\u00ed"},"content":{"rendered":"<div class=\"perex\">Ke jmenov\u00e1n\u00ed do Rady pro rozhlasov\u00e9 a televizn\u00ed vys\u00edl\u00e1n\u00ed ve st\u0159edu sn\u011bmovna navrhla Ladislava Jakla, tajemn\u00edka b\u00fdval\u00e9ho prezidenta V\u00e1clava Klause. Nominovalo ho hnut\u00ed SPD. Nyn\u00ed ho je\u0161t\u011b mus\u00ed jmenovat premi\u00e9r. Do Rady \u010cesk\u00e9ho rozhlasu poslanci zvolili texta\u0159e Jana Kr\u016ftu. Ob\u011b rady tak budou kompletn\u00ed.<\/div>\n<p><!--more--><\/p>\n<div id=\"article-content\" class=\"clanek-telo clearfix\" data-ec-list=\"zpravy-inlinecontent\" data-vr-zone=\"zpravy-inlinecontent\" data-main-content=\"\">\n<p>Jakl dostal ve druh\u00e9m kole tajn\u00e9 volby 88 hlas\u016f, ke zvolen\u00ed jich bylo nutn\u00fdch 82. Jeho protikandid\u00e1t, n\u011bkdej\u0161\u00ed mluv\u010d\u00ed ODS Milan Bou\u0161ka obdr\u017eel 66 hlas\u016f. V\u00fdsledky ozn\u00e1mil p\u0159edseda volebn\u00ed komise Martin Kolovratn\u00edk (ANO).<\/p>\n<p>Radu tvo\u0159\u00ed 13 \u010dlen\u016f, kter\u00e9 na n\u00e1vrh sn\u011bmovny jmenuje a odvol\u00e1v\u00e1 premi\u00e9r. Rada pro rozhlasov\u00e9 a televizn\u00ed vys\u00edl\u00e1n\u00ed mimo jin\u00e9 ud\u011bluje, m\u011bn\u00ed a odn\u00edm\u00e1 licence k provozov\u00e1n\u00ed vys\u00edl\u00e1n\u00ed, dohl\u00ed\u017e\u00ed na pluralitu programov\u00e9 nab\u00eddky a informac\u00ed a db\u00e1 na obsahovou nez\u00e1vislost vys\u00edl\u00e1n\u00ed. Rada sleduje obsah rozhlasov\u00e9ho a televizn\u00edho vys\u00edl\u00e1n\u00ed, za poru\u0161en\u00ed vys\u00edlac\u00edch z\u00e1kon\u016f ukl\u00e1d\u00e1 sankce.<\/p>\n<p>Ve druh\u00e9m kole volby \u010dlena Rady \u010cesk\u00e9ho rozhlasu porazil Kr\u016fta s b\u00fdval\u00e9ho \u0159editele Televizn\u00edho studia Ostrava Ilju Racka. Kr\u016ftu volilo 90 poslanc\u016f, Racka 60 \u010dlen\u016f doln\u00ed komory.<\/p>\n<p>Dev\u00edti\u010dlenn\u00e1 rada \u010cesk\u00e9ho rozhlasu m\u00e1 podle z\u00e1kona o \u010cesk\u00e9m rozhlase zajistit kontrolu m\u00e9dia ve\u0159ejnost\u00ed. Do p\u016fsobnosti rady n\u00e1le\u017e\u00ed nap\u0159\u00edklad jmenov\u00e1n\u00ed a odvol\u00e1n\u00ed gener\u00e1ln\u00edho \u0159editele a schvalov\u00e1n\u00ed rozpo\u010dt\u016f rozhlasu.<\/p>\n<h4>Rada \u00daSTR bez kandid\u00e1ta &#8211; sn\u011bmovna se op\u011bt neshodla<\/h4>\n<p>Sn\u011bmovna ani na \u010dtvrt\u00fd pokus nevybrala \u017e\u00e1dn\u00e9ho adepta do Rady \u00dastavu pro studium totalitn\u00edch re\u017eim\u016f (\u00daSTR). Dostatek hlas\u016f v dne\u0161n\u00ed tajn\u00e9 volb\u011b nez\u00edskali ani politolog Luk\u00e1\u0161 Jel\u00ednek (za \u010cSSD), ani spisovatel a nakladatel Ji\u0159\u00ed Padev\u011bt (za STAN) a ani historik Mikul\u00e1\u0161 Pe\u0161ta (za Pir\u00e1ty).<\/p>\n<p>B\u00fdval\u00fd \u010dlen rady Jel\u00ednek z\u00edskal 34 ze 162 odevzdan\u00fdch hlas\u016f, Padev\u011bt 47 a Pe\u0161ta 17 hlas\u016f, ozn\u00e1mil p\u0159edseda sn\u011bmovn\u00ed volebn\u00ed komise Martin Kolovratn\u00edk (ANO). Poslanci nyn\u00ed budou muset naj\u00edt nov\u00e9 kandid\u00e1ty, kter\u00e9 by mohli nab\u00eddnout Sen\u00e1tu, kter\u00fd o slo\u017een\u00ed rady rozhoduje.<\/p>\n<p>Rada \u00daSTR m\u00e1 ze z\u00e1kona sedm \u010dlen\u016f, \u010dty\u0159i z nich navrhuj\u00ed ob\u010dansk\u00e1 sdru\u017een\u00ed, dva Sn\u011bmovna a jednoho prezident. Nyn\u00ed zased\u00e1 v rad\u011b \u00fastavu p\u011bt lid\u00ed, p\u0159i\u010dem\u017e Sn\u011bmovna m\u011bla nominovat sv\u00e9ho z\u00e1stupce. Dva roky je v rad\u011b neobsazeno m\u00edsto po zesnul\u00e9 p\u0159edsedkyni Konfederace politick\u00fdch v\u011bz\u0148\u016f Nad\u011b\u017ed\u011b Kaval\u00edrov\u00e9, kterou nominoval je\u0161t\u011b b\u00fdval\u00fd prezident V\u00e1clav Klaus.<\/p>\n<p>Jeho n\u00e1stupce Milo\u0161 Zeman p\u0159edloni nab\u00eddl horn\u00ed komo\u0159e spisovatelku Lenku Proch\u00e1zkovou a zakladatele Jazzov\u00e9 sekce Karla Srpa. Sen\u00e1t je ale neschv\u00e1lil. Srpovu nominaci odm\u00edtl kv\u016fli jeho \u010dlenstv\u00ed v p\u0159edlistopadov\u00e9 komunistick\u00e9 stran\u011b, nebo\u0165 t\u00edm byly poru\u0161eny z\u00e1konn\u00e9 podm\u00ednky pro \u010dlenstv\u00ed v rad\u011b.<\/p>\n<p>Sen\u00e1to\u0159i p\u0159ed m\u011bs\u00edcem prezidenta vyzvali, aby po p\u016fldruh\u00e9m roce ne\u010dinnosti u\u017e s dal\u0161\u00ed nominac\u00ed neot\u00e1lel. Pokud by nad\u00e1le nekonal, podle p\u0159edsedy sen\u00e1tn\u00ed \u00fastavn\u00ed komise Ji\u0159\u00edho Dienstbiera (\u010cSSD) by m\u011bli sen\u00e1to\u0159i zv\u00e1\u017eit pod\u00e1n\u00ed kompeten\u010dn\u00ed \u017ealoby na prezidenta k Nejvy\u0161\u0161\u00edmu spr\u00e1vn\u00edmu soudu.<\/p>\n<p>\u00dakolem \u00daSTR, kter\u00fd vznikl p\u0159ed 12 lety, je zkoum\u00e1n\u00ed a nestrann\u00e9 hodnocen\u00ed \u010deskoslovensk\u00e9 doby nesvobody pod nacistickou nadvl\u00e1dou (1938 a\u017e 1945) a komunistick\u00e9 totalitn\u00ed moci (1948 a\u017e 1989). Vedle \u00fastavu funguje tak\u00e9 Archiv bezpe\u010dnostn\u00edch slo\u017eek (ABS), jen\u017e zp\u0159\u00edstup\u0148uje a zve\u0159ej\u0148uje dokumenty a archiv\u00e1lie t\u00fdkaj\u00edc\u00ed se bezpe\u010dnostn\u00edch slo\u017eek.<\/p>\n<p><a href=\"https:\/\/zpravy.aktualne.cz\/domaci\/politika\/snemovna-chce-rady-pro-rozhlasove-a-televizni-vysilani-ladis\/r~96bbce28509911e9a049ac1f6b220ee8\/?redirected=1553788087\">Zdroj<\/a><\/p>\n<\/div>\n","protected":false},"excerpt":{"rendered":"<p>Ke jmenov\u00e1n\u00ed do Rady pro rozhlasov\u00e9 a televizn\u00ed vys\u00edl\u00e1n\u00ed ve st\u0159edu sn\u011bmovna navrhla Ladislava Jakla, tajemn\u00edka b\u00fdval\u00e9ho prezidenta V\u00e1clava Klause. Nominovalo ho hnut\u00ed SPD. Nyn\u00ed ho je\u0161t\u011b mus\u00ed jmenovat premi\u00e9r. Do Rady \u010cesk\u00e9ho rozhlasu poslanci zvolili texta\u0159e Jana Kr\u016ftu. Ob\u011b rady tak budou kompletn\u00ed.<\/p>\n","protected":false},"author":1,"featured_media":0,"comment_status":"open","ping_status":"open","sticky":false,"template":"","format":"standard","meta":{"ngg_post_thumbnail":0,"footnotes":""},"categories":[11],"tags":[],"class_list":["post-9958","post","type-post","status-publish","format-standard","hentry","category-ozvena"],"_links":{"self":[{"href":"https:\/\/www.ladislavjakl.cz\/index.php?rest_route=\/wp\/v2\/posts\/9958","targetHints":{"allow":["GET"]}}],"collection":[{"href":"https:\/\/www.ladislavjakl.cz\/index.php?rest_route=\/wp\/v2\/posts"}],"about":[{"href":"https:\/\/www.ladislavjakl.cz\/index.php?rest_route=\/wp\/v2\/types\/post"}],"author":[{"embeddable":true,"href":"https:\/\/www.ladislavjakl.cz\/index.php?rest_route=\/wp\/v2\/users\/1"}],"replies":[{"embeddable":true,"href":"https:\/\/www.ladislavjakl.cz\/index.php?rest_route=%2Fwp%2Fv2%2Fcomments&post=9958"}],"version-history":[{"count":1,"href":"https:\/\/www.ladislavjakl.cz\/index.php?rest_route=\/wp\/v2\/posts\/9958\/revisions"}],"predecessor-version":[{"id":9959,"href":"https:\/\/www.ladislavjakl.cz\/index.php?rest_route=\/wp\/v2\/posts\/9958\/revisions\/9959"}],"wp:attachment":[{"href":"https:\/\/www.ladislavjakl.cz\/index.php?rest_route=%2Fwp%2Fv2%2Fmedia&parent=9958"}],"wp:term":[{"taxonomy":"category","embeddable":true,"href":"https:\/\/www.ladislavjakl.cz\/index.php?rest_route=%2Fwp%2Fv2%2Fcategories&post=9958"},{"taxonomy":"post_tag","embeddable":true,"href":"https:\/\/www.ladislavjakl.cz\/index.php?rest_route=%2Fwp%2Fv2%2Ftags&post=9958"}],"curies":[{"name":"wp","href":"https:\/\/api.w.org\/{rel}","templated":true}]}}