{"id":9960,"date":"2019-03-29T13:54:56","date_gmt":"2019-03-29T12:54:56","guid":{"rendered":"http:\/\/www.ladislavjakl.cz\/?p=9960"},"modified":"2019-03-29T13:54:56","modified_gmt":"2019-03-29T12:54:56","slug":"kambersky-jaklovo-zrcadlo-poslanci-si-spletli-statni-urad-s-kabaretem","status":"publish","type":"post","link":"https:\/\/www.ladislavjakl.cz\/?p=9960","title":{"rendered":"KAMBERSK\u00dd: Jaklovo zrcadlo. Poslanci si spletli st\u00e1tn\u00ed \u00fa\u0159ad s kabaretem"},"content":{"rendered":"<p class=\"opener\">Zvolen\u00ed Ladislava Jakla \u010dlenem Rady pro rozhlasov\u00e9 a televizn\u00ed vys\u00edl\u00e1n\u00ed je nevesel\u00e1 lap\u00e1lie. M\u00e1 t\u0159i r\u016fzn\u00e9 roviny: principi\u00e1ln\u00ed, politickou a osobnostn\u00ed.<\/p>\n<p><!--more--><\/p>\n<p>Rovina principi\u00e1ln\u00ed je asi nejjednodu\u0161\u0161\u00ed. Roky se sna\u017eily partaje p\u0159edst\u00edrat, \u017ee do medi\u00e1ln\u00edch rad vol\u00ed\u00a0kompetentn\u00ed a mor\u00e1ln\u011b pevn\u00e9 osobnosti. Zvolen\u00edm frontmana kapely Folimanka Blues a sen\u00e1tn\u00edho kandid\u00e1ta strany jm\u00e9nem Svoboda a p\u0159\u00edm\u00e1 demokracie \u2013 Tomio Okamura padla tato iluze i t\u011bm nejnaivn\u011bj\u0161\u00edm pozorovatel\u016fm. Jakl bude v rad\u011b za Okamuru. Te\u010dka. Co\u017e je mimochodem probl\u00e9m i pro samotnou velkou radu, kter\u00e1 ne \u00fapln\u011b z\u0159\u00eddka \u0159e\u0161\u00ed i pon\u011bkud slo\u017eit\u011bj\u0161\u00ed, odborn\u00e9 ot\u00e1zky.<\/p>\n<p>Rovina politick\u00e1 je smutn\u011bj\u0161\u00ed. Jak to, \u017ee se do takto d\u016fle\u017eit\u00e9ho org\u00e1nu m\u016f\u017ee dostat n\u011bkdo takov\u00fd? \u010clov\u011bk, jen\u017e kandiduje za tu nejkrajn\u011bj\u0161\u00ed partaj \u010desk\u00e9ho parlamentu? Bohu\u017eel velmi snadno. Do rad se, k na\u0161emu velk\u00e9mu \u017ealu, v\u017edy volilo v\u00fdhradn\u011b dle politick\u00e9ho kl\u00ed\u010de. T\u0159eba se to n\u011bkdy zm\u011bn\u00ed k lep\u0161\u00edmu, ale u\u017e t\u0159i dek\u00e1dy to takto hloup\u011b funguje. Pravicov\u00ed extremist\u00e9 byli zat\u00edm obvykle vyautov\u00e1ni, ale t\u0159eba komunist\u00e9 maj\u00ed sv\u00e9ho \u010dlov\u011bka v rad\u00e1ch u\u017e dlouho. Jen\u017ee te\u010f je tomu jinak. Po volb\u00e1ch 2017 si v\u011bt\u0161ina tradi\u010dn\u00edch partaj\u00ed odm\u00edtla s v\u00edt\u011bzem Andrejem Babi\u0161em hr\u00e1t a on se obr\u00e1til jinam. V\u00fdsledkem je vzestup moci krajn\u00edch partaj\u00ed a vzestup figur jako Zden\u011bk Ondr\u00e1\u010dek nebo Ladislav Jakl. Na tom se nic nezm\u011bn\u00ed do t\u00e9 doby, ne\u017e po p\u0159\u00ed\u0161t\u00edch volb\u00e1ch vznikne nov\u00e1 v\u011bt\u0161inov\u00e1 koalice.<\/p>\n<p>Nejslo\u017eit\u011bj\u0161\u00ed je ot\u00e1zka Jaklovy persony. Form\u00e1ln\u011b vzato t\u011b\u017eko poslanc\u016fm n\u011bco vytknout: b\u00fdval\u00fd \u0159editel politick\u00e9ho odboru Kancel\u00e1\u0159e prezidenta republiky \u010di b\u00fdval\u00fd vedouc\u00ed \u00da\u0159adu Rady \u010cR pro rozhlasov\u00e9 a televizn\u00ed vys\u00edl\u00e1n\u00ed je pap\u00edrov\u011b v\u00fdborn\u00fd kandid\u00e1t. Jen\u017ee Jakl je ve sv\u00e9 podstat\u011b i \u017eivotn\u00ed praxi p\u0159edev\u0161\u00edm \u0161a\u0161ek, bavi\u010d a provokat\u00e9r. Co\u017e jsou docela dobr\u00e9 p\u0159edpoklady pro politika, ale nikoli pro korektn\u00edho \u00fa\u0159edn\u00edka. Jen\u017ee RRTV nen\u00ed n\u00e1zorov\u00e9 kolbi\u0161t\u011b, ale \u00fast\u0159edn\u00ed org\u00e1n st\u00e1tn\u00ed spr\u00e1vy. V tomto ohledu nemohli poslanci naj\u00edt hor\u0161\u00edho kandid\u00e1ta ne\u017e pr\u00e1v\u011b Ladislava Jakla.<\/p>\n<p>A pak je tu probl\u00e9m posledn\u00ed, n\u00e1zorov\u00fd. Pan Jakl \u0159\u00edk\u00e1 a p\u00ed\u0161e mnoh\u00e9 v\u011bci, je\u017e vychovan\u00fd \u010dlov\u011bk nevypust\u00ed z \u00fast. Jen\u017ee, m\u00e1lo platn\u00e9, reprezentuje jist\u00fd n\u00e1zorov\u00fd proud v \u010desk\u00e9 spole\u010dnosti. Proud n\u00e1rodoveck\u00fd, protievropsk\u00fd a protin\u011bmeck\u00fd, proud, jej\u017e nezt\u011bles\u0148uje jen Tomio Okamura, ale tak\u00e9 mnoz\u00ed soci\u00e1ln\u00ed demokrat\u00e9, komunist\u00e9 a t\u0159eba V\u00e1clavov\u00e9 Klausov\u00e9. Ano, i takov\u00ed jsme.<\/p>\n<p><a href=\"https:\/\/www.lidovky.cz\/nazory\/kambersky-jaklovo-zrcadlo-poslanci-si-spletli-statni-urad-s-kabaretem.A190328_204120_ln_nazory_ele\">Zdroj<\/a><\/p>\n","protected":false},"excerpt":{"rendered":"<p>Zvolen\u00ed Ladislava Jakla \u010dlenem Rady pro rozhlasov\u00e9 a televizn\u00ed vys\u00edl\u00e1n\u00ed je nevesel\u00e1 lap\u00e1lie. M\u00e1 t\u0159i r\u016fzn\u00e9 roviny: principi\u00e1ln\u00ed, politickou a osobnostn\u00ed.<\/p>\n","protected":false},"author":1,"featured_media":0,"comment_status":"open","ping_status":"open","sticky":false,"template":"","format":"standard","meta":{"ngg_post_thumbnail":0,"footnotes":""},"categories":[11],"tags":[],"class_list":["post-9960","post","type-post","status-publish","format-standard","hentry","category-ozvena"],"_links":{"self":[{"href":"https:\/\/www.ladislavjakl.cz\/index.php?rest_route=\/wp\/v2\/posts\/9960","targetHints":{"allow":["GET"]}}],"collection":[{"href":"https:\/\/www.ladislavjakl.cz\/index.php?rest_route=\/wp\/v2\/posts"}],"about":[{"href":"https:\/\/www.ladislavjakl.cz\/index.php?rest_route=\/wp\/v2\/types\/post"}],"author":[{"embeddable":true,"href":"https:\/\/www.ladislavjakl.cz\/index.php?rest_route=\/wp\/v2\/users\/1"}],"replies":[{"embeddable":true,"href":"https:\/\/www.ladislavjakl.cz\/index.php?rest_route=%2Fwp%2Fv2%2Fcomments&post=9960"}],"version-history":[{"count":1,"href":"https:\/\/www.ladislavjakl.cz\/index.php?rest_route=\/wp\/v2\/posts\/9960\/revisions"}],"predecessor-version":[{"id":9961,"href":"https:\/\/www.ladislavjakl.cz\/index.php?rest_route=\/wp\/v2\/posts\/9960\/revisions\/9961"}],"wp:attachment":[{"href":"https:\/\/www.ladislavjakl.cz\/index.php?rest_route=%2Fwp%2Fv2%2Fmedia&parent=9960"}],"wp:term":[{"taxonomy":"category","embeddable":true,"href":"https:\/\/www.ladislavjakl.cz\/index.php?rest_route=%2Fwp%2Fv2%2Fcategories&post=9960"},{"taxonomy":"post_tag","embeddable":true,"href":"https:\/\/www.ladislavjakl.cz\/index.php?rest_route=%2Fwp%2Fv2%2Ftags&post=9960"}],"curies":[{"name":"wp","href":"https:\/\/api.w.org\/{rel}","templated":true}]}}