{"id":9962,"date":"2019-03-29T13:56:06","date_gmt":"2019-03-29T12:56:06","guid":{"rendered":"http:\/\/www.ladislavjakl.cz\/?p=9962"},"modified":"2019-03-29T13:56:06","modified_gmt":"2019-03-29T12:56:06","slug":"marek-stonis-obhajoba-ladislava-jakla-aneb-jak-se-prazske-kavarne-zdrclo-sojove-latecko","status":"publish","type":"post","link":"https:\/\/www.ladislavjakl.cz\/?p=9962","title":{"rendered":"Marek Stoni\u0161: Obhajoba Ladislava Jakla aneb Jak se pra\u017esk\u00e9 kav\u00e1rn\u011b zdrclo s\u00f3jov\u00e9 lat\u00e9\u010dko"},"content":{"rendered":"<p>Z prvn\u00edch reakc\u00ed ke zvolen\u00ed Ladislava Jakla do Rady pro rozhlasov\u00e9 a televizn\u00ed vys\u00edl\u00e1n\u00ed:\u201eProboha, to snad ne.\u201c \u201ePros\u00edm, \u0159ekn\u011bte mi, \u017ee to nen\u00ed pravda!\u201c \u201eTen tam opravdu chyb\u011bl.\u201c \u201eTen Klaus\u016fv zmrd?!\u201c &#8222;Dno.&#8220;<\/p>\n<p><!--more--><\/p>\n<p class=\"selectionShareable\">Profesion\u00e1ln\u00ed pachatel\u00e9 dobra v neziskovk\u00e1ch i mimo n\u011b se p\u0159i zji\u0161t\u011bn\u00ed faktu, \u017ee byl poslanci do RRTV vys\u00edl\u00e1n\u00ed zvolen n\u011bkdej\u0161\u00ed tajemn\u00edk prezidenta Klause a dnes \u010dlen Institutu V\u00e1clava Klause Ladislav Jakl, mohli opravdu pominout. V koment\u00e1\u0159\u00edch se objevovalo nekone\u010dn\u011b mnoho obav a katastrofick\u00fdch p\u0159edpov\u011bd\u00ed nad p\u016fsoben\u00edm Jakla v Rad\u011b. Vyb\u00edr\u00e1m ty nej\u010dast\u011bj\u0161\u00ed:<\/p>\n<p class=\"selectionShareable\">&#8211; Chce vyhodit \u0159editele \u010cesk\u00e9 televize Dvo\u0159\u00e1ka a n\u00e1sledn\u011b ji celou zru\u0161it.<\/p>\n<p class=\"selectionShareable\">&#8211; D\u011bl\u00e1 to na zad\u00e1n\u00ed Babi\u0161e a Okamury.<\/p>\n<p class=\"selectionShareable\">&#8211; Je proti ve\u0159ejnopr\u00e1vn\u00edm m\u00e9di\u00edm a proti objektivn\u00edmu zpravodajstv\u00ed.<\/p>\n<p class=\"selectionShareable\">&#8211; Je podr\u017eta\u0161kou V\u00e1clava Klause.<\/p>\n<p class=\"selectionShareable\">&#8211; Jakl ne\u00fasp\u011b\u0161n\u011b kandidoval do Sen\u00e1tu, tak se chce up\u00edchnout jinde.<\/p>\n<h2>Jakl a medi\u00e1ln\u00ed prav\u011bk<\/h2>\n<p class=\"selectionShareable\">P\u0159itom je v\u0161echno jinak. V \u010cesku byste toti\u017e na\u0161li jen t\u011b\u017eko kompetentn\u011bj\u0161\u00edho \u010dlena Rady pro rozhlasov\u00e9 a televizn\u00ed vys\u00edl\u00e1n\u00ed. To v\u016fbec nen\u00ed vtip.<\/p>\n<p class=\"selectionShareable\">Ladislav Jakl byl v po\u010d\u00e1tku devades\u00e1t\u00fdch let jako poslanec \u010cesk\u00e9 n\u00e1rodn\u00ed rady za OF \u010dlenem medi\u00e1ln\u00ed komise a v prosinci 1990 prosadil pozm\u011b\u0148ovac\u00ed n\u00e1vrh k rozpo\u010dtu, kter\u00fdm bylo tehdej\u0161\u00ed st\u00e1tn\u00ed televizi a st\u00e1tn\u00edmu rozhlasu od\u0148ato po pades\u00e1ti milionech a tyto pen\u00edze rozd\u011bleny prvn\u00edm vznikaj\u00edc\u00edm soukrom\u00fdm r\u00e1di\u00edm a televiz\u00edm. V l\u00e9t\u011b 1991 Jakl spolu s poslancem Michalem Sedl\u00e1\u010dkem napsali z\u00e1kon, podle kter\u00e9ho vznikla a dodnes existuje \u010cesk\u00e1 televize.<\/p>\n<p class=\"selectionShareable\">O n\u011bkolik m\u011bs\u00edc\u016f pozd\u011bji napsal z\u00e1kon o Rad\u011b \u010cesk\u00e9 republiky pro rozhlasov\u00e9 a televizn\u00ed vys\u00edl\u00e1n\u00ed. Jakmile vznikla, byl Jakl jmenov\u00e1n prvn\u00edm vedouc\u00edm tohoto \u00fa\u0159adu. Tu instituci vybudoval na zelen\u00e9 louce, v\u010detn\u011b z\u0159\u00edzen\u00ed s\u00eddla a p\u0159ijet\u00ed person\u00e1lu. Jakl navrhl funguj\u00edc\u00ed re\u017eim p\u0159id\u011blov\u00e1n\u00ed licenc\u00ed a byl u p\u0159id\u011blen\u00ed v\u0161ech dodnes platn\u00fdch licenc\u00ed celoplo\u0161n\u00fdch televiz\u00ed a r\u00e1di\u00ed. Na t\u00e9ma soukrom\u00fdch a ve\u0159ejnopr\u00e1vn\u00edch m\u00e9di\u00ed vystoupil na des\u00edtk\u00e1ch konferenc\u00ed a napsal mnoho text\u016f, publikovan\u00fdch v odborn\u00fdch publikac\u00edch.<\/p>\n<p class=\"selectionShareable\">M\u016f\u017eete s n\u00edm nesouhlasit v jeho pohledu na roli soukrom\u00fdch a ve\u0159ejnopr\u00e1vn\u00edch m\u00e9di\u00ed (j\u00e1 nap\u0159\u00edklad s jeho kritikou jednostrann\u00e9ho a manipulativn\u00edho zpravodajstv\u00ed i publicistiky \u010cesk\u00e9 televize souhlas\u00edm), ale t\u011b\u017eko m\u016f\u017ee n\u011bkdo vyvr\u00e1tit jeho kompetenci k \u010dlenstv\u00ed v Rad\u011b. U\u017e jen proto, \u017ee medi\u00e1ln\u00ed z\u00e1kony p\u0159ed t\u00edm, ne\u017e se o n\u011b uch\u00e1zel, nemusel studovat ani si na n\u011b pracn\u011b vytv\u00e1\u0159et n\u00e1zor, on je prost\u011b psal.<\/p>\n<p class=\"selectionShareable\">Nevid\u00edm ani jedin\u00fd relevantn\u00ed d\u016fvod, pro\u010d by v Rad\u011b pro rozhlasov\u00e9 a televizn\u00ed vys\u00edl\u00e1n\u00ed, kter\u00e1 je notabene kolektivn\u00edm org\u00e1nem, nemohl zasednout \u010dlov\u011bk, jen\u017e m\u00e1 v\u016f\u010di v\u00fdkonu a obsahu ve\u0159ejnopr\u00e1vn\u00ed slu\u017eby jin\u00fd n\u00e1zor ne\u017e samotn\u00ed zam\u011bstnanci m\u00e9dia ve\u0159ejn\u00e9 slu\u017eby. Ba pr\u00e1v\u011b naopak.<\/p>\n<h2>Jakl a politika<\/h2>\n<p class=\"selectionShareable\">A \u017ee je nominantem SPD? Autora t\u011bchto \u0159\u00e1dk\u016f t\u011b\u017eko m\u016f\u017ee n\u011bkdo podez\u00edrat z podpory tohoto nesyst\u00e9mov\u00e9ho politick\u00e9ho spolku. Zpov\u00eddal jsem se za sv\u00e9 kritick\u00e9 a n\u011bkdy i j\u00edzliv\u00e9 texty o jej\u00edm p\u0159edsedovi Okamurovi a jeho divok\u00fdch snech o zav\u00e1d\u011bn\u00ed p\u0159\u00edm\u00e9 demokracie dokonce p\u0159ed soudem, dostal jsem od jeho p\u0159\u00edznivc\u016f des\u00edtky nen\u00e1vistn\u00fdch reakc\u00ed a mail\u016f (t\u0159eba o tom, \u017ee si m\u00e1m d\u00e1t pozor, a\u017e p\u016fjdu z pr\u00e1ce dom\u016f) a nikdy bych tuto partaj nevolil. Co\u017e mi ov\u0161em nebr\u00e1n\u00ed tvrdit, \u017ee pro \u010desk\u00e9 medi\u00e1ln\u00ed prost\u0159ed\u00ed je zvolen\u00ed Ladislava Jakla do \u201evelk\u00e9 televizn\u00ed rady\u201c dobrou zpr\u00e1vou. Kdo si mysl\u00ed, \u017ee je v Rad\u011b proto, aby &#8222;protla\u010dil&#8220; divn\u00e9 okamurovsk\u00e9 nebo babi\u0161ovsk\u00e9 p\u0159edstavy o nez\u00e1vislosti m\u00e9di\u00ed, m\u00e1lo jej zn\u00e1.<\/p>\n<p class=\"selectionShareable\">Jakkoliv ch\u00e1pu, \u017ee vyklada\u010di jedin\u00e9ho spr\u00e1vn\u00e9ho vid\u011bn\u00ed sv\u011bta z Kav\u010d\u00edch hor i \u00fadol\u00ed pod nimi maj\u00ed kv\u016fli n\u011bmu te\u010f velk\u00e9 mrzen\u00ed.<\/p>\n<p><a href=\"https:\/\/www.reflex.cz\/clanek\/komentare\/94136\/marek-stonis-obhajoba-ladislava-jakla-aneb-jak-se-prazske-kavarne-zdrclo-sojove-latecko.html\">Zdroj<\/a><\/p>\n","protected":false},"excerpt":{"rendered":"<p>Z prvn\u00edch reakc\u00ed ke zvolen\u00ed Ladislava Jakla do Rady pro rozhlasov\u00e9 a televizn\u00ed vys\u00edl\u00e1n\u00ed:\u201eProboha, to snad ne.\u201c \u201ePros\u00edm, \u0159ekn\u011bte mi, \u017ee to nen\u00ed pravda!\u201c \u201eTen tam opravdu chyb\u011bl.\u201c \u201eTen Klaus\u016fv zmrd?!\u201c &#8222;Dno.&#8220;<\/p>\n","protected":false},"author":1,"featured_media":0,"comment_status":"open","ping_status":"open","sticky":false,"template":"","format":"standard","meta":{"ngg_post_thumbnail":0,"footnotes":""},"categories":[11],"tags":[],"class_list":["post-9962","post","type-post","status-publish","format-standard","hentry","category-ozvena"],"_links":{"self":[{"href":"https:\/\/www.ladislavjakl.cz\/index.php?rest_route=\/wp\/v2\/posts\/9962","targetHints":{"allow":["GET"]}}],"collection":[{"href":"https:\/\/www.ladislavjakl.cz\/index.php?rest_route=\/wp\/v2\/posts"}],"about":[{"href":"https:\/\/www.ladislavjakl.cz\/index.php?rest_route=\/wp\/v2\/types\/post"}],"author":[{"embeddable":true,"href":"https:\/\/www.ladislavjakl.cz\/index.php?rest_route=\/wp\/v2\/users\/1"}],"replies":[{"embeddable":true,"href":"https:\/\/www.ladislavjakl.cz\/index.php?rest_route=%2Fwp%2Fv2%2Fcomments&post=9962"}],"version-history":[{"count":1,"href":"https:\/\/www.ladislavjakl.cz\/index.php?rest_route=\/wp\/v2\/posts\/9962\/revisions"}],"predecessor-version":[{"id":9963,"href":"https:\/\/www.ladislavjakl.cz\/index.php?rest_route=\/wp\/v2\/posts\/9962\/revisions\/9963"}],"wp:attachment":[{"href":"https:\/\/www.ladislavjakl.cz\/index.php?rest_route=%2Fwp%2Fv2%2Fmedia&parent=9962"}],"wp:term":[{"taxonomy":"category","embeddable":true,"href":"https:\/\/www.ladislavjakl.cz\/index.php?rest_route=%2Fwp%2Fv2%2Fcategories&post=9962"},{"taxonomy":"post_tag","embeddable":true,"href":"https:\/\/www.ladislavjakl.cz\/index.php?rest_route=%2Fwp%2Fv2%2Ftags&post=9962"}],"curies":[{"name":"wp","href":"https:\/\/api.w.org\/{rel}","templated":true}]}}