{"id":9966,"date":"2019-03-29T13:58:25","date_gmt":"2019-03-29T12:58:25","guid":{"rendered":"http:\/\/www.ladislavjakl.cz\/?p=9966"},"modified":"2019-03-29T13:58:25","modified_gmt":"2019-03-29T12:58:25","slug":"ladislav-jakl-zvoleny-do-rrtv-ct-zrusit-rozhlas-take-jinak-to-nepujde","status":"publish","type":"post","link":"https:\/\/www.ladislavjakl.cz\/?p=9966","title":{"rendered":"Ladislav Jakl, zvolen\u00fd do RRTV: \u010cT zru\u0161it, Rozhlas tak\u00e9. Jinak to nep\u016fjde"},"content":{"rendered":"<p>St\u00e1tn\u00ed televize nebude nikdy fungovat neutr\u00e1ln\u011b, ale za pen\u00edze v\u0161ech poplatn\u00edk\u016f bude v\u017edy p\u016fsobit ve prosp\u011bch jedn\u00e9 omezen\u00e9 z\u00e1jmov\u00e9 skupiny. O tom je p\u0159esv\u011bd\u010den \u010derstv\u011b zvolen\u00fd \u010dlen Rady pro rozhlasov\u00e9 a televizn\u00ed vys\u00edl\u00e1n\u00ed Ladislav Jakl. Vysv\u011btluje, jak to mysl\u00ed ti, kte\u0159\u00ed o \u010cesk\u00e9 televizi mluv\u00ed jako o siln\u00e9m a nez\u00e1visl\u00e9m m\u00e9diu a varuj\u00ed, aby se nestala poslu\u0161nou. Kdy\u017e \u0159\u00edkaj\u00ed \u201esiln\u00e9 a nez\u00e1visl\u00e9 m\u00e9dium\u201c, mysl\u00ed t\u00edm m\u00e9dium, kter\u00e9 jde dlouhodob\u011b na ruku pr\u00e1v\u011b jim. \u0158\u00edkaj\u00ed \u201eposlu\u0161n\u00e1 \u010cT\u201c, ale mysl\u00ed t\u00edm takovou televizi, kter\u00e1 u\u017e nebude poslouchat jenom je. Bojuj\u00ed za ni a za jej\u00ed dosavadn\u00ed podobu, proto\u017ee jim pat\u0159\u00ed. Ostatn\u00ed ve\u0159ejnost jim to jen plat\u00ed.<\/p>\n<p><!--more--><\/p>\n<p><strong>Podle prvn\u00edch ohlas\u016f na va\u0161e zvolen\u00ed do Rady pro rozhlasov\u00e9 a televizn\u00ed vys\u00edl\u00e1n\u00ed se trochu zapom\u00edn\u00e1, \u017ee budete jen jedn\u00edm ze t\u0159in\u00e1cti radn\u00edch, a tak si lid\u00e9 od tohoto rozhodnut\u00ed Poslaneck\u00e9 sn\u011bmovny p\u0159edev\u0161\u00edm slibuj\u00ed, \u017ee bude l\u00e9pe fungovat kontrola ve\u0159ejnopr\u00e1vn\u00edch m\u00e9di\u00ed. Co si naopak od \u0161estilet\u00e9ho p\u016fsoben\u00ed v tomto spr\u00e1vn\u00edm \u00fa\u0159adu slibujete vy?<\/strong><\/p>\n<p>Nep\u0159ece\u0148uji ani kompetence Rady pro vys\u00edl\u00e1n\u00ed, j\u00ed\u017e jsem byl ostatn\u011b p\u0159ed sedmadvaceti lety zakladatelem, ani s\u00edlu jednoho hlasu v\u00a0n\u00ed. Ale dob\u0159e v\u00edm, \u017ee v\u00a0takov\u00fdch kolektivn\u00edch org\u00e1nech se vliv jednotliv\u00fdch \u010dlen\u016f neodv\u00edj\u00ed pouze od v\u00e1hy jednoho hlasu. A v tom si p\u0159ece jen tak trochu v\u011b\u0159\u00edm.<\/p>\n<p><strong>S jak\u00fdmi pocity sledujete smr\u0161\u0165 ohlas\u016f, jakou va\u0161e zvolen\u00ed do RRTV vyvolalo?<\/strong><\/p>\n<p>N\u011bkte\u0159\u00ed \u201edemokrat\u00e9\u201c vyzn\u00e1vaj\u00ed demokracii jen potud, dokud nese plody, kter\u00e9 jim chutnaj\u00ed.<\/p>\n<p><strong>P\u0159esto\u017ee z\u00e1kon o provozov\u00e1n\u00ed rozhlasov\u00e9ho a televizn\u00edho vys\u00edl\u00e1n\u00ed ukl\u00e1d\u00e1 provozovatel\u016fm mimo jin\u00e9 zajistit, aby ve zpravodajsk\u00fdch a politicko-publicistick\u00fdch po\u0159adech bylo db\u00e1no z\u00e1sad objektivity a vyv\u00e1\u017eenosti, \u010d\u00e1st ve\u0159ejnosti si u\u017e l\u00e9ta st\u011b\u017euje, \u017ee z Kav\u010d\u00edch hor je j\u00ed p\u0159edkl\u00e1d\u00e1n jen jeden povolen\u00fd a \u201espr\u00e1vn\u00fd\u201c n\u00e1zor. D\u00e1 se v\u016fbec objektivita a vyv\u00e1\u017eenost kontrolovat? Sta\u010d\u00ed si vzpomenout, jak byla odm\u00edtnuta anal\u00fdza Centra medi\u00e1ln\u00edch studi\u00ed FSV UK\u00a0 pro RRTV, kdy\u017e z n\u00ed vy\u0161lo, \u017ee v \u010cesk\u00e9 televizi i v \u010cesk\u00e9m rozhlase byla zv\u00fdhod\u0148ov\u00e1na TOP 09.<\/strong><\/p>\n<p>Jist\u011b, jsou v\u011bci, kter\u00e9 se m\u011b\u0159\u00ed t\u011b\u017eko. \u00da\u010delov\u011b vybran\u00e9 fotografie, jednostrann\u011b vyzn\u00edvaj\u00edc\u00ed ilustra\u010dn\u00ed z\u00e1b\u011bry anebo prost\u011b marginalizace n\u011bkter\u00fdch t\u00e9mat, to v\u0161e se prokazuje t\u011b\u017ece. Ale i u m\u011b\u0159iteln\u00fdch v\u011bc\u00ed je dost evidentn\u00edch propagandistick\u00fdch a tenden\u010dn\u00edch projev\u016f a ty je t\u0159eba \u0161et\u0159it daleko d\u016fsledn\u011bji. A ty ostatn\u00ed? Ty se odv\u00edjej\u00ed od person\u00e1ln\u00ed politiky. A ta je na Kav\u010d\u00edch hor\u00e1ch prost\u0159ednictv\u00edm p\u0159\u00edpadn\u00e9ho tlaku na gener\u00e1ln\u00edho \u0159editele v\u00a0rukou Rady \u010cesk\u00e9 televize.<\/p>\n<p><strong>Velice \u010dasto se diskutuje o zpravodajsk\u00fdch a publicistick\u00fdch v\u00fdstupech \u010cesk\u00e9 televize. Jak OVM, tak po\u0159ady Report\u00e9\u0159i \u010cT nebo 168 hodin jsou liber\u00e1ln\u011b demokratick\u00fdmi politiky pova\u017eov\u00e1ny za vlajkov\u00e9 lod\u011b svobodn\u00e9 \u017eurnalistiky v \u010cesku. Naopak stoupenci prezidenta Milo\u0161e Zemana nebo p\u0159edsedy SPD Tomia Okamury je obvi\u0148uj\u00ed z tenden\u010dn\u00edho referov\u00e1n\u00ed a \u00fa\u010delov\u00e9 dehonestace redaktory \u010cesk\u00e9 televize neobl\u00edben\u00fdch politik\u016f. Jak na n\u011b pohl\u00ed\u017e\u00edte vy?<\/strong><\/p>\n<p>Jsem p\u0159esv\u011bd\u010den, \u017ee st\u00e1tn\u00ed televize nebude nikdy fungovat neutr\u00e1ln\u011b. Za pen\u00edze v\u0161ech poplatn\u00edk\u016f bude v\u017edy p\u016fsobit ve prosp\u011bch jedn\u00e9 omezen\u00e9 z\u00e1jmov\u00e9 skupiny. Proto takov\u00e1 televize ani rozhlas nemaj\u00ed v\u016fbec existovat, stejn\u011b jako nikoho nenapadne, aby st\u00e1t vyd\u00e1val noviny nebo \u010dasopisy. To je ale v\u011bc\u00ed z\u00e1kona, a tedy Parlamentu. Jak\u00e1koli medi\u00e1ln\u00ed \u0161p\u00edna ale m\u016f\u017ee p\u0159isp\u00edvat k\u00a0tomu, \u017ee n\u00e1lady naklon\u011bn\u00e9 radik\u00e1ln\u00ed zm\u011bn\u011b v\u00a0Parlamentu budou s\u00edlit.<\/p>\n<p><strong>Poslaneck\u00e1 sn\u011bmovna st\u00e1le je\u0161t\u011b neprojednala zpr\u00e1vy o hospoda\u0159en\u00ed a o \u010dinnosti \u010cesk\u00e9 televize za roky 2016 a 2017. Pokud n\u011bkterou neschv\u00e1l\u00ed dvakr\u00e1t po sob\u011b, automaticky kon\u010d\u00ed cel\u00e1 Rada \u010cT a nov\u00e1 m\u016f\u017ee odvolat \u0159editele \u010cT. Podle p\u0159edsedy poslaneck\u00e9ho klubu STAN Jana Farsk\u00e9ho je to nebezpe\u010dn\u00fd n\u00e1stroj dr\u017e\u00edc\u00ed veden\u00ed \u010cesk\u00e9 televize v nejistot\u011b, nebo\u0165 demokratick\u00e1 spole\u010dnost pot\u0159ebuje siln\u00e9 a nez\u00e1visl\u00e9 ve\u0159ejnopr\u00e1vn\u00ed m\u00e9dium, nikoliv poslu\u0161nou \u010cT. P\u016fsob\u00ed to na v\u00e1s tak\u00e9 jako z\u00e1m\u011br politik\u016f a je kv\u016fli tomu \u010cesk\u00e1 televize poslu\u0161n\u00e9 m\u00e9dium?<\/strong><\/p>\n<p>To p\u0159ece zn\u00e1me u\u017e dvacet let. Je t\u0159eba p\u0159ekl\u00e1dat slova takov\u00fdch lid\u00ed z\u00a0\u010de\u0161tiny do \u010de\u0161tiny. \u0158\u00edkaj\u00ed \u201esiln\u00e9 a nez\u00e1visl\u00e9 m\u00e9dium\u201c, ale mysl\u00ed t\u00edm m\u00e9dium, kter\u00e9 jde dlouhodob\u011b na ruku pr\u00e1v\u011b jim. \u0158\u00edkaj\u00ed \u201eposlu\u0161n\u00e1 \u010cT\u201c, ale mysl\u00ed t\u00edm takovou televizi, kter\u00e1 u\u017e nebude poslouchat jenom je. Bojuj\u00ed za ni a za jej\u00ed dosavadn\u00ed podobu, proto\u017ee jim pat\u0159\u00ed. Ostatn\u00ed ve\u0159ejnost jim to jen plat\u00ed.<\/p>\n<p><strong>Spolu s kritikou ve\u0159ejnopr\u00e1vn\u00edch m\u00e9di\u00ed zazn\u00edvaj\u00ed i n\u00e1vrhy na jejich zest\u00e1tn\u011bn\u00ed. Tak\u00e9 se mno\u017e\u00ed hlasy, aby byl sign\u00e1l \u010cesk\u00e9 televize zak\u00f3dov\u00e1n, tak\u017ee by jej\u00ed vys\u00edl\u00e1n\u00ed mohli sledovat jen ti, kte\u0159\u00ed si ho zaplat\u00ed, a nefinancovali by ji i ti, kte\u0159\u00ed se na \u010cT ned\u00edvaj\u00ed a pro n\u011b\u017e \u010cesk\u00e1 televize sv\u00fdm p\u0159\u00edstupem ke zpravodajstv\u00ed a publicistice evidentn\u011b ani nevys\u00edl\u00e1. Jak\u00e1 je va\u0161e p\u0159edstava o financov\u00e1n\u00ed ve\u0159ejnopr\u00e1vn\u00edch m\u00e9di\u00ed?<\/strong><\/p>\n<p>\u0158\u00edk\u00e1m to mnoho let po\u0159\u00e1d dokola. Nelze zest\u00e1tnit, co u\u017e st\u00e1tn\u00ed je. \u010cesk\u00e1 televize i \u010cesk\u00fd rozhlas jsou st\u00e1tn\u00ed instituce. St\u00e1t je t\u0159\u00eddil z\u00e1konem. St\u00e1t jim dal majetek. St\u00e1t jim p\u0159id\u011blil kmito\u010dty. St\u00e1t jim z\u00e1konem dal \u00fakoly a st\u00e1t jim zajistil pen\u00edze poplatn\u00edk\u016f. Ale st\u00e1t u\u017e d\u00e1l tyto instituce nekontroluje a nech\u00e1 je za ve\u0159ejn\u00e9 pen\u00edze d\u011blat, co se jim zl\u00edb\u00ed, nebo sp\u00ed\u0161e co se l\u00edb\u00ed z\u00e1jmov\u00fdm skupin\u00e1m, kter\u00e9 tato m\u00e9dia po cel\u00e1 l\u00e9ta ovl\u00e1daj\u00ed. St\u00e1tn\u00ed m\u00e9dia je t\u0159eba zru\u0161it. A pokud existuj\u00ed n\u011bjak\u00e9 ve\u0159ejn\u00e9 z\u00e1jmy v\u00a0oblasti vys\u00edl\u00e1n\u00ed, nech\u0165 je st\u00e1t pojmenuje a vymez\u00ed. Pak m\u016f\u017ee vypsat granty nebo ve\u0159ejn\u00e9 zak\u00e1zky na vys\u00edl\u00e1n\u00ed pro \u0161koly, pro men\u0161iny nebo pro jin\u00e9 ve\u0159ejn\u00e9 funkce. A za zlomek dnes vynakl\u00e1dan\u00fdch pen\u011bz to ud\u011bl\u00e1 kdekter\u00e9 soukrom\u00e9 m\u00e9dium kvalitn\u011bji a kontrolovateln\u011bji. Ne\u017e se tak ale stane, je t\u0159eba zak\u00e1zat st\u00e1tn\u00edm m\u00e9di\u00edm podnikat, tedy vys\u00edlat reklamu a sponzoring. A financovat je z\u00a0rozpo\u010dtu jako jakoukoli jinou instituci z\u0159\u00edzenou st\u00e1tem.<\/p>\n<p><strong>S t\u00edm souvis\u00ed i skute\u010dnost, \u017ee si \u010cesk\u00fd rozhlas vytvo\u0159il vlastn\u00ed internetov\u00fd zpravodajsk\u00fd port\u00e1l. Je dob\u0159e, \u017ee se pou\u0161t\u00ed do dal\u0161\u00edch multimedi\u00e1ln\u00edch sf\u00e9r, kde konkuruje dal\u0161\u00edm zpravodajsk\u00fdm server\u016fm, nebo je nam\u00edst\u011b v\u00fdhrada n\u011bkter\u00fdch koncesion\u00e1\u0159\u016f, \u017ee si plat\u00ed rozhlasov\u00e9 vys\u00edl\u00e1n\u00ed, nikoli internetov\u00e9 \u010di jak\u00e9koli jin\u00e9 zpravodajstv\u00ed?<\/strong><\/p>\n<p>Nejen internetov\u00fd port\u00e1l, ale n\u011bkolik nov\u00fdch stanic, kter\u00e9 mu \u017e\u00e1dn\u00fd z\u00e1kon neulo\u017eil. Prost\u011b jen tak ze sv\u00e9ho rozhodnut\u00ed. A pak jen nat\u00e1hne ruku a po st\u00e1tu, kter\u00fd si nic takov\u00e9ho neobjednal, po\u017eaduje pen\u00edze poplatn\u00edk\u016f.<\/p>\n<p><strong>Jarom\u00edr Soukup je \u010dasto obvi\u0148ov\u00e1n z toho, \u017ee jeho TV Barrandov stran\u00ed ve sv\u00fdch po\u0159adech n\u011bkter\u00fdm vybran\u00fdm politik\u016fm. A\u017e dostanete jako \u010dlen RRTV, tedy spr\u00e1vn\u00edho \u00fa\u0159adu, na st\u016fl st\u00ed\u017enosti na vys\u00edl\u00e1n\u00ed TV Barrandov, jak se zachov\u00e1te? Jak v tomto sm\u011bru vn\u00edm\u00e1te vys\u00edl\u00e1n\u00ed Soukupovy televize?<\/strong><\/p>\n<p>Soukrom\u00e1 televize vys\u00edl\u00e1 za sv\u00e9 pen\u00edze. Nen\u00ed povinn\u00e9 ji platit ani se na ni d\u00edvat. Kdy\u017e se div\u00e1k\u016fm bude zd\u00e1t, \u017ee s\u00a0nimi n\u011bkdo o\u0159e, p\u0159epnou to a s\u00a0poklesem sledovanosti poklesnou i p\u0159\u00edjmy. Mysl\u00edm nap\u0159\u00edklad, \u017ee t\u0159i roky trvaj\u00edc\u00ed dennodenn\u00ed v\u00e1lka televize Nova proti prezidentu Trumpovi tak\u00e9 sledovanosti moc nepom\u00e1h\u00e1. Jejich v\u011bc.<\/p>\n<p><strong>Evropsk\u00e1 unie hodl\u00e1 finan\u010dn\u011b podpo\u0159it nez\u00e1visl\u00e1 m\u00e9dia. M\u011bli bychom stejn\u011b postupovat i v \u010cesk\u00e9 republice a vybran\u00e1 m\u00e9dia dotovat ze st\u00e1tn\u00edho rozpo\u010dtu, jak o tom hovo\u0159\u00ed t\u0159eba Miroslav Kalousek? Je to v boji proti dezinformac\u00edm zapot\u0159eb\u00ed?<\/strong><\/p>\n<p>Evropsk\u00e1 unie pracuje na sv\u00e9m z\u00e1niku a \u017e\u00e1dn\u00e1 propaganda ji nezachr\u00e1n\u00ed. Jde o to, jestli budeme u toho krachu tak\u00e9, nebo jestli sta\u010d\u00edme vysko\u010dit, ne\u017e se vlak z\u0159\u00edt\u00ed do propasti.<\/p>\n<p><a href=\"https:\/\/www.parlamentnilisty.cz\/arena\/rozhovory\/Ladislav-Jakl-zvoleny-do-RRTV-CT-zrusit-Rozhlas-take-Jinak-to-nepujde-575679\">Zdroj<\/a><\/p>\n","protected":false},"excerpt":{"rendered":"<p>St\u00e1tn\u00ed televize nebude nikdy fungovat neutr\u00e1ln\u011b, ale za pen\u00edze v\u0161ech poplatn\u00edk\u016f bude v\u017edy p\u016fsobit ve prosp\u011bch jedn\u00e9 omezen\u00e9 z\u00e1jmov\u00e9 skupiny. O tom je p\u0159esv\u011bd\u010den \u010derstv\u011b zvolen\u00fd \u010dlen Rady pro rozhlasov\u00e9 a televizn\u00ed vys\u00edl\u00e1n\u00ed Ladislav Jakl. Vysv\u011btluje, jak to mysl\u00ed ti, kte\u0159\u00ed o \u010cesk\u00e9 televizi mluv\u00ed jako o siln\u00e9m a nez\u00e1visl\u00e9m m\u00e9diu a varuj\u00ed, aby se [&hellip;]<\/p>\n","protected":false},"author":1,"featured_media":0,"comment_status":"open","ping_status":"open","sticky":false,"template":"","format":"standard","meta":{"ngg_post_thumbnail":0,"footnotes":""},"categories":[13],"tags":[],"class_list":["post-9966","post","type-post","status-publish","format-standard","hentry","category-rozhovory"],"_links":{"self":[{"href":"https:\/\/www.ladislavjakl.cz\/index.php?rest_route=\/wp\/v2\/posts\/9966","targetHints":{"allow":["GET"]}}],"collection":[{"href":"https:\/\/www.ladislavjakl.cz\/index.php?rest_route=\/wp\/v2\/posts"}],"about":[{"href":"https:\/\/www.ladislavjakl.cz\/index.php?rest_route=\/wp\/v2\/types\/post"}],"author":[{"embeddable":true,"href":"https:\/\/www.ladislavjakl.cz\/index.php?rest_route=\/wp\/v2\/users\/1"}],"replies":[{"embeddable":true,"href":"https:\/\/www.ladislavjakl.cz\/index.php?rest_route=%2Fwp%2Fv2%2Fcomments&post=9966"}],"version-history":[{"count":1,"href":"https:\/\/www.ladislavjakl.cz\/index.php?rest_route=\/wp\/v2\/posts\/9966\/revisions"}],"predecessor-version":[{"id":9967,"href":"https:\/\/www.ladislavjakl.cz\/index.php?rest_route=\/wp\/v2\/posts\/9966\/revisions\/9967"}],"wp:attachment":[{"href":"https:\/\/www.ladislavjakl.cz\/index.php?rest_route=%2Fwp%2Fv2%2Fmedia&parent=9966"}],"wp:term":[{"taxonomy":"category","embeddable":true,"href":"https:\/\/www.ladislavjakl.cz\/index.php?rest_route=%2Fwp%2Fv2%2Fcategories&post=9966"},{"taxonomy":"post_tag","embeddable":true,"href":"https:\/\/www.ladislavjakl.cz\/index.php?rest_route=%2Fwp%2Fv2%2Ftags&post=9966"}],"curies":[{"name":"wp","href":"https:\/\/api.w.org\/{rel}","templated":true}]}}