{"id":9968,"date":"2019-03-29T13:59:30","date_gmt":"2019-03-29T12:59:30","guid":{"rendered":"http:\/\/www.ladislavjakl.cz\/?p=9968"},"modified":"2019-03-29T13:59:30","modified_gmt":"2019-03-29T12:59:30","slug":"kalouskova-fanynka-se-vyradila-na-jaklovi-prapodivne-nazory-kremelske-agitky-dezinformacky-a-tento-clovek-ma-hlidat-seriozni-media","status":"publish","type":"post","link":"https:\/\/www.ladislavjakl.cz\/?p=9968","title":{"rendered":"Kalouskova fanynka se vy\u0159\u00e1dila na Jaklovi: Prapodivn\u00e9 n\u00e1zory, kremelsk\u00e9 agitky, dezinforma\u010dky. A tento \u010dlov\u011bk m\u00e1 hl\u00eddat seriozn\u00ed m\u00e9dia?"},"content":{"rendered":"<p>Necht\u011bli jsme \u010derta, dostali jsme vrchn\u00edho \u010derta, obrazn\u011b \u0159e\u010deno. N\u011bjak takto hodnot\u00ed zvolen\u00ed Ladislava Jakla do Rady pro rozhlasov\u00e9 a televizn\u00ed vys\u00edl\u00e1n\u00ed (RRTV) server Forum24.cz Pavla \u0160afra. P\u0159ipom\u00edn\u00e1, \u017ee Jakl publikuje sv\u00e9 texty na serverech, p\u0159ed nimi\u017e varuje Bezpe\u010dnostn\u00ed informa\u010dn\u00ed slu\u017eba (BIS).<\/p>\n<p><!--more--><\/p>\n<p>Radu pro rozhlasov\u00e9 a televizn\u00ed vys\u00edl\u00e1n\u00ed bylo t\u0159eba doplnit. V tzv. velk\u00e9 vys\u00edlac\u00ed rad\u011b, jak se RRTV tak\u00e9 n\u011bkdy \u0159\u00edk\u00e1, mohl usednout nap\u0159. Petr \u0160t\u011bp\u00e1nek, b\u00fdval\u00fd \u010dlen ODS, kter\u00fd ji\u017e v t\u00e9to rad\u011b sed\u011bl v devades\u00e1t\u00fdch letech minul\u00e9ho stolet\u00ed a na po\u010d\u00e1tku stolet\u00ed nov\u00e9ho. Proti \u0160t\u011bp\u00e1nkovi se zvedla neb\u00fdval\u00e1 vlna nevole. Mimo jin\u00e9 i proto, \u017ee v rozhovoru pro server Parlamentn\u00edListy.cz hovo\u0159il o tom, \u017ee si ve\u0159ejnopr\u00e1vn\u00ed \u010cT zaslou\u017e\u00ed podminovat a vyhodit do pov\u011bt\u0159\u00ed.<\/p>\n<p>\u201e\u0160t\u011bp\u00e1nek pot\u00e9 sice sv\u016fj v\u00fdrok zleh\u010doval a vyd\u00e1val za \u017eert, ale kdo tomu m\u00e1 v\u011b\u0159it?\u201c ptala se koment\u00e1torka Jenny Nowak. Tato spisovatelka vystupuj\u00edc\u00ed v \u017e\u00e1nru publicistiky tak\u0159ka v\u00fdlu\u010dn\u011b na \u0160afrov\u011b Foru24.cz se stala zn\u00e1mou sv\u00fdm vehementn\u00edm\u00a0<a href=\"https:\/\/www.parlamentnilisty.cz\/arena\/monitor\/Spisovatelka-hororu-se-rozepsala-o-Miroslavu-Kalouskovi-504780\" target=\"_blank\" rel=\"noopener\">\u201evyvracen\u00edm l\u017e\u00ed o Miroslavu Kalouskovi\u201c<\/a>, nebo\u00a0<a href=\"https:\/\/www.parlamentnilisty.cz\/arena\/monitor\/Karel-Schwarzenberg-neni-nacista-Odporna-vlna-splasku-pise-ceska-spisovatelka-385482\" target=\"_blank\" rel=\"noopener\">psan\u00edm o \u201eodporn\u00e9 vln\u011b spla\u0161k\u016f\u201c han\u00edc\u00ed kn\u00ed\u017eete Schwarzenberga<\/a>. Ned\u00e1vno pak zaujala textem\u00a0<a href=\"https:\/\/www.parlamentnilisty.cz\/arena\/monitor\/Vystup-Nory-Fridrichove-ktera-na-CT-zesmesnila-Tomia-Okamuru-zije-svym-vlastnim-zivotem-Vec-pokracuje-539876\" target=\"_blank\" rel=\"noopener\">\u201eKultura podle Okamury\u201c<\/a>. N\u011bkte\u0159\u00ed ji dokonce naz\u00fdvaj\u00ed\u00a0<a href=\"https:\/\/www.parlamentnilisty.cz\/arena\/monitor\/Pracurak-Nalitej-Po-vyjadreni-Miroslava-Kalouska-se-peklo-otevrelo-Skoro-doslova-547471\" target=\"_blank\" rel=\"noopener\">\u201evedouc\u00ed fanklubu Miroslava Kalouska\u201c<\/a>.<\/p>\n<ul>\n<li><a href=\"https:\/\/www.parlamentnilisty.cz\/arena\/rozhovory\/Kavci-hory-podminovat-CT-zrusit-Pak-vsak-Petr-Stepanek-prednesl-vazne-mineny-navrh-co-dale-delat-s-CT-384674\" target=\"_blank\" rel=\"noopener\"><strong>Cel\u00fd rozhovor naleznete zde<\/strong><\/a><\/li>\n<\/ul>\n<p>Nakonec \u0160t\u011bp\u00e1nek do RRTV nepro\u0161el. Kandidatury se s\u00e1m vzdal.<\/p>\n<div id=\"carodaOutstream207483Container\" class=\"carodaContainer\">\n<div id=\"carodaOutstream207483\" class=\"carodaOutstream fs-caroda-container-390323 fs-caroda-container-819953\"><\/div>\n<\/div>\n<p>Do RRTV byl m\u00edsto \u0160t\u011bp\u00e1nka zvolen dal\u0161\u00ed spolupracovn\u00edk exprezidenta V\u00e1clava Klause Ladislav Jakl. Zat\u00edmco \u0160t\u011bp\u00e1nka nominovalo hnut\u00ed ANO, Jakl se do Rady dostal na n\u00e1vrh hnut\u00ed Svoboda a p\u0159\u00edm\u00e1 demokracie Tomia Okamury. Kritici Petra \u0160t\u011bp\u00e1nka by si tak mohli \u0159\u00edct, \u017ee tak dlouho odm\u00edtali \u010derta, a\u017e byl m\u00edsto n\u011bj do RRTV zvolen vrchn\u00ed belzebub, obrazn\u011b \u0159e\u010deno. Takto se alespo\u0148 na volbu Jakla d\u00edv\u00e1 \u0160afr\u016fv web.<\/p>\n<p>Jakl sice nechce vyhodit \u010cT do pov\u011bt\u0159\u00ed, ale r\u00e1d by \u010cT zru\u0161il. \u201eTyto st\u00e1tn\u00ed instituce zab\u00fdvaj\u00edc\u00ed se \u0161\u00ed\u0159en\u00edm rozhlasov\u00e9ho a televizn\u00edho vys\u00edl\u00e1n\u00ed nikdy nem\u011bly existovat, nemaj\u00ed existovat a byl by sv\u011bt kr\u00e1sn\u011bj\u0161\u00ed bez nich,\u201c pravil.<\/p>\n<p>A jako by toto samo o sob\u011b nesta\u010dilo, Jakl je podle serveru spojen tak\u00e9 s dezinforma\u010dn\u00edmi weby.<\/p>\n<p>\u201eLadislav Jakl je zkr\u00e1tka proslul\u00fd sv\u00fdmi prapodivn\u00fdmi n\u00e1zory, kter\u00e9 hojn\u011b publikuje na serveru Protiproud. To je zn\u00e1m\u00fd dezinforma\u010dn\u00ed pl\u00e1tek zve\u0159ej\u0148uj\u00edc\u00ed vylo\u017een\u00e9 l\u017ei, kremelsk\u00e9 agitky i bl\u00e1zniv\u00e9 teorie v\u0161eho druhu, od \u0161kodlivosti o\u010dkov\u00e1n\u00ed po nejnesmysln\u011bj\u0161\u00ed konspira\u010dky o zedn\u00e1\u0159\u00edch \u010di o ovl\u00e1dnut\u00ed sv\u011bta zlovoln\u00fdmi elitami pomoc\u00ed migrace. Petr H\u00e1jek, \u0161\u00e9fredaktor Protiproudu, je stejn\u011b jako Jakl i \u0160t\u011bp\u00e1nek spjat s V\u00e1clavem Klausem. B\u00fdval jeho tiskov\u00fdm mluv\u010d\u00edm nebo z\u00e1stupcem vedouc\u00edho Kancel\u00e1\u0159e prezidenta republiky pro oblast komunikace a kultury. V\u00e1\u017en\u011b, komunikace a kultury. P\u00e1n, kter\u00fd proslul v\u00fdrokem, \u017ee darwinismus je nesmysl a on nepoch\u00e1z\u00ed z opice. I kdy\u017e to je proti fantaz\u00edrov\u00e1n\u00ed o spiknut\u00ed Bezpe\u010dnostn\u00ed informa\u010dn\u00ed slu\u017eby s novin\u00e1\u0159i Seznamu, s neziskovkami a Pir\u00e1ty proti Andreji Babi\u0161ovi sp\u00ed\u0161 \u00fasm\u011bvn\u00e9,\u201c pokra\u010doval server.<\/p>\n<ul>\n<li><strong><a href=\"https:\/\/forum24.cz\/ladislav-jakl-pise-do-dezinformacnich-medii-verejnopravni-ma-hlidat\/?fbclid=IwAR26Ykq7TEtx_OPMNolF0UgmdKQGkNa3VJQSHiBjNO8Qc_lEO_2UOe97vTo\" target=\"_blank\" rel=\"noopener\">Cel\u00fd \u010dl\u00e1nek naleznete zde<\/a><\/strong><\/li>\n<\/ul>\n<p>Nakonec \u0160afrova p\u0159isp\u011bvatelka p\u0159ipomn\u011bla, \u017ee p\u0159ed dezinforma\u010dn\u00edmi weby, mezi n\u011bm\u017e pat\u0159\u00ed i Protiproud, varuje BIS, monitoruje je a ze z\u0159etele je nepou\u0161t\u00ed ani Ministerstvo vnitra. Je pr\u00fd proto velmi zvl\u00e1\u0161tn\u00ed, kdy\u017e se jeden z lid\u00ed p\u016fsob\u00edc\u00edch na t\u00e9to dezinforma\u010dn\u00ed sc\u00e9n\u011b stane \u010dlenem RRTV a m\u00e1 dohl\u00ed\u017eet na m\u00e9dia seri\u00f3zn\u00ed.<\/p>\n<p><a href=\"https:\/\/www.parlamentnilisty.cz\/arena\/monitor\/Kalouskova-fanynka-se-vyradila-na-Jaklovi-Prapodivne-nazory-kremelske-agitky-dezinformacky-A-tento-clovek-ma-hlidat-seriozni-media-575736\">Zdroj<\/a><\/p>\n<p>&nbsp;<\/p>\n","protected":false},"excerpt":{"rendered":"<p>Necht\u011bli jsme \u010derta, dostali jsme vrchn\u00edho \u010derta, obrazn\u011b \u0159e\u010deno. N\u011bjak takto hodnot\u00ed zvolen\u00ed Ladislava Jakla do Rady pro rozhlasov\u00e9 a televizn\u00ed vys\u00edl\u00e1n\u00ed (RRTV) server Forum24.cz Pavla \u0160afra. P\u0159ipom\u00edn\u00e1, \u017ee Jakl publikuje sv\u00e9 texty na serverech, p\u0159ed nimi\u017e varuje Bezpe\u010dnostn\u00ed informa\u010dn\u00ed slu\u017eba (BIS).<\/p>\n","protected":false},"author":1,"featured_media":0,"comment_status":"open","ping_status":"open","sticky":false,"template":"","format":"standard","meta":{"ngg_post_thumbnail":0,"footnotes":""},"categories":[11],"tags":[],"class_list":["post-9968","post","type-post","status-publish","format-standard","hentry","category-ozvena"],"_links":{"self":[{"href":"https:\/\/www.ladislavjakl.cz\/index.php?rest_route=\/wp\/v2\/posts\/9968","targetHints":{"allow":["GET"]}}],"collection":[{"href":"https:\/\/www.ladislavjakl.cz\/index.php?rest_route=\/wp\/v2\/posts"}],"about":[{"href":"https:\/\/www.ladislavjakl.cz\/index.php?rest_route=\/wp\/v2\/types\/post"}],"author":[{"embeddable":true,"href":"https:\/\/www.ladislavjakl.cz\/index.php?rest_route=\/wp\/v2\/users\/1"}],"replies":[{"embeddable":true,"href":"https:\/\/www.ladislavjakl.cz\/index.php?rest_route=%2Fwp%2Fv2%2Fcomments&post=9968"}],"version-history":[{"count":1,"href":"https:\/\/www.ladislavjakl.cz\/index.php?rest_route=\/wp\/v2\/posts\/9968\/revisions"}],"predecessor-version":[{"id":9969,"href":"https:\/\/www.ladislavjakl.cz\/index.php?rest_route=\/wp\/v2\/posts\/9968\/revisions\/9969"}],"wp:attachment":[{"href":"https:\/\/www.ladislavjakl.cz\/index.php?rest_route=%2Fwp%2Fv2%2Fmedia&parent=9968"}],"wp:term":[{"taxonomy":"category","embeddable":true,"href":"https:\/\/www.ladislavjakl.cz\/index.php?rest_route=%2Fwp%2Fv2%2Fcategories&post=9968"},{"taxonomy":"post_tag","embeddable":true,"href":"https:\/\/www.ladislavjakl.cz\/index.php?rest_route=%2Fwp%2Fv2%2Ftags&post=9968"}],"curies":[{"name":"wp","href":"https:\/\/api.w.org\/{rel}","templated":true}]}}