{"id":997,"date":"2011-05-05T12:28:24","date_gmt":"2011-05-05T11:28:24","guid":{"rendered":"http:\/\/www.ladislavjakl.cz\/?p=997"},"modified":"2011-05-05T12:28:24","modified_gmt":"2011-05-05T11:28:24","slug":"jakl-smutni-nedostal-ropaka-byl-by-pritom-na-nej-hrdy","status":"publish","type":"post","link":"https:\/\/www.ladislavjakl.cz\/?p=997","title":{"rendered":"Jakl smutn\u00ed: Nedostal Rop\u00e1ka. Byl by p\u0159itom na n\u011bj hrd\u00fd"},"content":{"rendered":"<p>Prezident\u016fv tajemn\u00edk Ladislav Jakl je velk\u00fd \u0161pr\u00fdma\u0159.  Parlamentn\u00edmList\u016fm.cz se sv\u011b\u0159il s t\u00edm, \u017ee by r\u00e1d z\u00edskal Rop\u00e1ka roku. Ten  mu ale za lo\u0148sk\u00fd rok vyfoukl pod nosem exministr \u017eivotn\u00edho prost\u0159ed\u00ed  Pavel Drobil. Co s t\u00edm?<\/p>\n<p><!--more-->\u201eT\u011b\u0161il jsem se, \u017ee v\u00a0anket\u011b Rop\u00e1k roku letos dos\u00e1hnu na stupn\u011b v\u00edt\u011bz\u016f.  Na to bych byl hrd\u00fd. Kan\u00e1lama bych chodil, kdybych dostal Melouna roku. O  toho ale zase jist\u011b usiluj\u00ed ti, co ud\u011bluj\u00ed Rop\u00e1ky,&#8220; napsal Jakl  Parlamentn\u00edmList\u016fm.cz.<\/p>\n<p>Drobil dostal nelichotivou cenu Rop\u00e1k roku 2010 za antiekologick\u00fd po\u010din i  Zelenou perlu za antiekologick\u00fd v\u00fdrok. Drobil je p\u0159itom prvn\u00ed  osobnost\u00ed, kter\u00e1 v historii ud\u011blov\u00e1n\u00ed t\u011bchto anticen dostala ob\u011b  \u201evyznamen\u00e1n\u00ed&#8220; najednou.<\/p>\n<p>Rop\u00e1k byl p\u0159itom ud\u011blen exministrovi hned z osmi d\u016fvod\u016f. P\u0159edev\u0161\u00edm se  pr\u00fd zaslou\u017eil o to, \u017ee oslabil pravomoci a v\u00fdznam ministerstva \u017eivotn\u00edho  prost\u0159ed\u00ed. Anebo se o to alespo\u0148 v\u00fdznamn\u011b sna\u017eil.<\/p>\n<p>Zelen\u00e1 perla pak byla exministrovi &#8222;zelen\u00e9ho resortu&#8220; ud\u011blena za v\u00fdrok  na zpravodajsk\u00e9m serveru iHNed.cz: &#8222;Unie by m\u011bla \u00a0p\u0159ehodnotit sv\u016fj vztah  k j\u00e1dru. Bez toho, \u017ee jadernou energii prohl\u00e1s\u00edme za \u010dist\u00fd, obnoviteln\u00fd  zdroj, nem\u00e1me \u0161anci splnit 20procentn\u00ed c\u00edl pod\u00edlu t\u011bchto zdroj\u016f na  v\u00fdrob\u011b elektrick\u00e9 energie, kter\u00fd si Evropa vyt\u00fd\u010dila.&#8220;<\/p>\n<p><a href=\"http:\/\/www.parlamentnilisty.cz\/zpravy\/195746.aspx\" target=\"_blank\">Zdroj<\/a><\/p>\n","protected":false},"excerpt":{"rendered":"<p>Prezident\u016fv tajemn\u00edk Ladislav Jakl je velk\u00fd \u0161pr\u00fdma\u0159. Parlamentn\u00edmList\u016fm.cz se sv\u011b\u0159il s t\u00edm, \u017ee by r\u00e1d z\u00edskal Rop\u00e1ka roku. Ten mu ale za lo\u0148sk\u00fd rok vyfoukl pod nosem exministr \u017eivotn\u00edho prost\u0159ed\u00ed Pavel Drobil. Co s t\u00edm?<\/p>\n","protected":false},"author":1,"featured_media":0,"comment_status":"open","ping_status":"open","sticky":false,"template":"","format":"standard","meta":{"ngg_post_thumbnail":0,"footnotes":""},"categories":[11],"tags":[],"class_list":["post-997","post","type-post","status-publish","format-standard","hentry","category-ozvena"],"_links":{"self":[{"href":"https:\/\/www.ladislavjakl.cz\/index.php?rest_route=\/wp\/v2\/posts\/997","targetHints":{"allow":["GET"]}}],"collection":[{"href":"https:\/\/www.ladislavjakl.cz\/index.php?rest_route=\/wp\/v2\/posts"}],"about":[{"href":"https:\/\/www.ladislavjakl.cz\/index.php?rest_route=\/wp\/v2\/types\/post"}],"author":[{"embeddable":true,"href":"https:\/\/www.ladislavjakl.cz\/index.php?rest_route=\/wp\/v2\/users\/1"}],"replies":[{"embeddable":true,"href":"https:\/\/www.ladislavjakl.cz\/index.php?rest_route=%2Fwp%2Fv2%2Fcomments&post=997"}],"version-history":[{"count":2,"href":"https:\/\/www.ladislavjakl.cz\/index.php?rest_route=\/wp\/v2\/posts\/997\/revisions"}],"predecessor-version":[{"id":999,"href":"https:\/\/www.ladislavjakl.cz\/index.php?rest_route=\/wp\/v2\/posts\/997\/revisions\/999"}],"wp:attachment":[{"href":"https:\/\/www.ladislavjakl.cz\/index.php?rest_route=%2Fwp%2Fv2%2Fmedia&parent=997"}],"wp:term":[{"taxonomy":"category","embeddable":true,"href":"https:\/\/www.ladislavjakl.cz\/index.php?rest_route=%2Fwp%2Fv2%2Fcategories&post=997"},{"taxonomy":"post_tag","embeddable":true,"href":"https:\/\/www.ladislavjakl.cz\/index.php?rest_route=%2Fwp%2Fv2%2Ftags&post=997"}],"curies":[{"name":"wp","href":"https:\/\/api.w.org\/{rel}","templated":true}]}}