{"id":9970,"date":"2019-03-29T14:00:21","date_gmt":"2019-03-29T13:00:21","guid":{"rendered":"http:\/\/www.ladislavjakl.cz\/?p=9970"},"modified":"2019-03-29T14:00:21","modified_gmt":"2019-03-29T13:00:21","slug":"jaklovo-neuprosne-zrcadlo","status":"publish","type":"post","link":"https:\/\/www.ladislavjakl.cz\/?p=9970","title":{"rendered":"JAKLOVO NE\u00daPROSN\u00c9 ZRCADLO"},"content":{"rendered":"<p><strong>Vedlej\u0161\u00edm efektem zvolen\u00ed Ladislava Jakla do Rady pro rozhlasov\u00e9 a televizn\u00ed vys\u00edl\u00e1n\u00ed je, \u017ee jsme se toho hodn\u011b dozv\u011bd\u011bli<\/strong>. Nikoli v\u0161ak o Jaklovi \u010di poslanc\u00edch, kte\u0159\u00ed ho navrhli a zvolili, n\u00fdbr\u017e o t\u011bch, kte\u0159\u00ed n\u00e1sledn\u011b spustili sice o\u010dek\u00e1vateln\u00fd, le\u010d p\u0159esto neuv\u011b\u0159iteln\u00fd povyk. Prozrazuj\u00ed t\u00edm na sebe v\u00edc, ne\u017e jim m\u016f\u017ee b\u00fdt mil\u00e9.<span id=\"more-81578\"><\/span><\/p>\n<p><!--more--><\/p>\n<p><strong>Nu\u017ee, co n\u00e1m o sob\u011b na\u0161i elit\u00e1\u0159i \u0159\u00edkaj\u00ed?<\/strong>\u00a0Nen\u00ed to sice nic nov\u00e9ho, pozorn\u00ed div\u00e1ci na\u0161\u00ed politick\u00e9 a spole\u010densk\u00e9 sc\u00e9ny to v\u011bd\u00ed u\u017e d\u00e1vno, ale je mil\u00e9, kdy\u017e se doty\u010dn\u00ed projev\u00ed v takhle koncentrovan\u00e9 podob\u011b. Znovu toti\u017e vyk\u0159i\u010deli do sv\u011bta, \u017ee jsou v\u0161echno jin\u00e9, jen ne demokrat\u00e9, \u017ee maj\u00ed plnou hubu slu\u0161nosti, ale ve skute\u010dnosti to jsou sprost\u00ed nevychovanci, \u017ee je n\u00e1zory druh\u00fdch v\u016fbec nezaj\u00edmaj\u00ed, neb dle nich existuje jen jedin\u00e1 pravda, ta jejich, a \u017ee jestli n\u011bco opravdu necht\u011bj\u00ed, tak v\u00e9st s k\u00fdmkoli o \u010demkoli jak\u00fdkoli dialog.<\/p>\n<p><strong>Ladislav Jakl je dlouholet\u00fd spolupracovn\u00edk V\u00e1clava Klause.<\/strong>\u00a0V dob\u011b, kdy byl Klaus prezidentem \u010cesk\u00e9 republiky, byl Jakl jeho tajemn\u00edkem a \u0159editelem politick\u00e9ho odboru Kancel\u00e1\u0159e prezidenta republiky. P\u0159edt\u00edm p\u016fsobil jako novin\u00e1\u0159, po Listopadu byl kr\u00e1tce poslancem \u010cesk\u00e9 n\u00e1rodn\u00ed rady za Ob\u010dansk\u00e9 f\u00f3rum. Bez zaj\u00edmavosti nen\u00ed ani fakt, \u017ee jeho zvolen\u00ed do Rady pro vys\u00edl\u00e1n\u00ed je tak trochu n\u00e1vratem pachatele na m\u00edsto \u010dinu, nebo\u0165 Jakl byl v dob\u011b ustaven\u00ed tohoto org\u00e1nu prvn\u00edm vedouc\u00edm jeho \u00fa\u0159adu. A je\u0161t\u011b drobn\u00e1 zaj\u00edmavost. A\u010dkoli pr\u00e1v\u011b ti druz\u00ed maj\u00ed pln\u00e1 \u00fasta multikulturalismu a ostatn\u00ed, v\u010detn\u011b Jakla, dennodenn\u011b n\u00e1lepkuj\u00ed coby xenofoby, populisty, extremisty a n\u00e1cky, Jakl se svoj\u00ed b\u00fdvalou man\u017eelkou adoptoval a vychoval romsk\u00e9ho chlapce.<\/p>\n<p><strong>Jakl m\u00e1 dlouhodob\u011b konzistentn\u00ed konzervativn\u00ed n\u00e1zory, je z\u00e1sadn\u00edm kritikem Evropsk\u00e9 unie a odp\u016frcem existence ve\u0159ejnopr\u00e1vn\u00edch m\u00e9di\u00ed.<\/strong>\u00a0Pro sv\u00e9 n\u00e1zory m\u00e1 v\u00e1\u017en\u00e9 argumenty a um\u00ed je pou\u017e\u00edvat. Je zcela z\u0159ejm\u00e9, \u017ee pr\u00e1v\u011b tohle, toti\u017e Jaklovo um\u011bn\u00ed v\u011bci natvrdo pojmenovat, jeho kritik\u016fm a nep\u0159\u00e1tel\u016fm vad\u00ed nejv\u00edc.<\/p>\n<p><strong>Polo\u017eme si proto z\u00e1sadn\u00ed ot\u00e1zky. Pro\u010d by \u010dlov\u011bk s touto minulost\u00ed a s t\u011bmito n\u00e1zory nemohl b\u00fdt \u010dlenem n\u011bjak\u00e9 medi\u00e1ln\u00ed \u010di jak\u00e9koli jin\u00e9 rady nebo org\u00e1nu?<\/strong>\u00a0Co je na tom \u0161patn\u00e9ho, z\u00e1vadn\u00e9ho \u010di nep\u0159\u00edpustn\u00e9ho, pokud tedy st\u00e1le je\u0161t\u011b \u017eijeme v demokracii, \u017ee n\u011bkdo m\u00e1 jin\u00e9 n\u00e1zory ne\u017e ten druh\u00fd? Nen\u00ed naopak r\u016fznorodost n\u00e1zor\u016f a f\u00e9rov\u00e1 sout\u011b\u017e r\u016fzn\u00fdch idej\u00ed defini\u010dn\u00edm znakem demokracie? A jestli\u017ee n\u011bjak\u00e1 skupina ob\u010dan\u016f druh\u00e9 ostrakizuje, vykazuje z ve\u0159ejn\u00e9ho diskursu a u\u017e dop\u0159edu a z\u00e1rove\u0148 permanentn\u011b je hanliv\u011b n\u00e1lepkuje kv\u016fli odli\u0161n\u00fdm n\u00e1zor\u016fm, nezab\u00edj\u00ed t\u00edm samotnou podstatu demokracie?<\/p>\n<p><strong>Po Jaklov\u011b zvolen\u00ed se tihle pseudodemokrat\u00e9, ve skute\u010dnosti ov\u0161em ment\u00e1ln\u00ed bol\u0161evici, op\u011bt vyrojili.<\/strong>Sprost\u00fd re\u017eis\u00e9r H\u0159ebejk, pornoherec Janda, z\u00e1chodov\u00fd rv\u00e1\u010d Wollner, v\u017edy popleten\u00fd Honzejk, tragick\u00fd Fendrych, opilec \u0160afr a des\u00edtky a des\u00edtky dal\u0161\u00edch. Vesm\u011bs v\u0161echno lid\u00e9 p\u0159is\u00e1t\u00ed na cec\u00edky ve\u0159ejn\u00fdch rozpo\u010dt\u016f, \u017eij\u00edc\u00ed z dan\u00ed oby\u010dejn\u00fdch lid\u00ed, kter\u00fdmi ov\u0161em pohrdaj\u00ed.<\/p>\n<p><strong>Jak\u00fd z toho plyne z\u00e1v\u011br?<\/strong>\u00a0Mezi lidmi z \u017e\u00e1dn\u00e9 jin\u00e9 spole\u010densk\u00e9 skupiny neexistuje takov\u00fd rozpor mezi t\u00edm, jak vysok\u00e9 m\u00edn\u011bn\u00ed o sob\u011b sami maj\u00ed, a t\u00edm, jac\u00ed ve skute\u010dnosti opravdu jsou.<\/p>\n<p>Z\u00e1v\u011brem si neodpust\u00edm vt\u00edpek. Necht\u011bli \u0160t\u011bp\u00e1nka, dostali Jakla. Ten je je\u0161t\u011b hor\u0161\u00ed. J\u00e1 bych toti\u017e existenci ve\u0159ejnopr\u00e1vn\u00edch m\u00e9di\u00ed, kdyby skute\u010dn\u011b byla t\u00edm, \u010d\u00edm b\u00fdt maj\u00ed, do ned\u00e1vna akceptoval. L\u00e1\u010fa ne. Asi m\u00e1 pravdu. Pro\u010d? Proto\u017ee kdy\u017e je n\u011bco nenapraviteln\u00e9, opravit to prost\u011b nejde.<\/p>\n<p>Tahle\u00a0<strong>poveden\u00e1 eurobol\u0161evick\u00e1 parti\u010dka n\u00e1s o tom p\u0159esv\u011bd\u010duje den co den.<\/strong><\/p>\n<p><a href=\"https:\/\/pravyprostor.cz\/jaklovo-neuprosne-zrcadlo\/\">Zdroj<\/a><\/p>\n","protected":false},"excerpt":{"rendered":"<p>Vedlej\u0161\u00edm efektem zvolen\u00ed Ladislava Jakla do Rady pro rozhlasov\u00e9 a televizn\u00ed vys\u00edl\u00e1n\u00ed je, \u017ee jsme se toho hodn\u011b dozv\u011bd\u011bli. Nikoli v\u0161ak o Jaklovi \u010di poslanc\u00edch, kte\u0159\u00ed ho navrhli a zvolili, n\u00fdbr\u017e o t\u011bch, kte\u0159\u00ed n\u00e1sledn\u011b spustili sice o\u010dek\u00e1vateln\u00fd, le\u010d p\u0159esto neuv\u011b\u0159iteln\u00fd povyk. Prozrazuj\u00ed t\u00edm na sebe v\u00edc, ne\u017e jim m\u016f\u017ee b\u00fdt mil\u00e9.<\/p>\n","protected":false},"author":1,"featured_media":0,"comment_status":"open","ping_status":"open","sticky":false,"template":"","format":"standard","meta":{"ngg_post_thumbnail":0,"footnotes":""},"categories":[11],"tags":[],"class_list":["post-9970","post","type-post","status-publish","format-standard","hentry","category-ozvena"],"_links":{"self":[{"href":"https:\/\/www.ladislavjakl.cz\/index.php?rest_route=\/wp\/v2\/posts\/9970","targetHints":{"allow":["GET"]}}],"collection":[{"href":"https:\/\/www.ladislavjakl.cz\/index.php?rest_route=\/wp\/v2\/posts"}],"about":[{"href":"https:\/\/www.ladislavjakl.cz\/index.php?rest_route=\/wp\/v2\/types\/post"}],"author":[{"embeddable":true,"href":"https:\/\/www.ladislavjakl.cz\/index.php?rest_route=\/wp\/v2\/users\/1"}],"replies":[{"embeddable":true,"href":"https:\/\/www.ladislavjakl.cz\/index.php?rest_route=%2Fwp%2Fv2%2Fcomments&post=9970"}],"version-history":[{"count":1,"href":"https:\/\/www.ladislavjakl.cz\/index.php?rest_route=\/wp\/v2\/posts\/9970\/revisions"}],"predecessor-version":[{"id":9971,"href":"https:\/\/www.ladislavjakl.cz\/index.php?rest_route=\/wp\/v2\/posts\/9970\/revisions\/9971"}],"wp:attachment":[{"href":"https:\/\/www.ladislavjakl.cz\/index.php?rest_route=%2Fwp%2Fv2%2Fmedia&parent=9970"}],"wp:term":[{"taxonomy":"category","embeddable":true,"href":"https:\/\/www.ladislavjakl.cz\/index.php?rest_route=%2Fwp%2Fv2%2Fcategories&post=9970"},{"taxonomy":"post_tag","embeddable":true,"href":"https:\/\/www.ladislavjakl.cz\/index.php?rest_route=%2Fwp%2Fv2%2Ftags&post=9970"}],"curies":[{"name":"wp","href":"https:\/\/api.w.org\/{rel}","templated":true}]}}