{"id":9982,"date":"2019-04-02T12:07:56","date_gmt":"2019-04-02T10:07:56","guid":{"rendered":"http:\/\/www.ladislavjakl.cz\/?p=9982"},"modified":"2019-04-02T12:07:56","modified_gmt":"2019-04-02T10:07:56","slug":"hrebejk-se-nastval-jakl-je-zastydla-manicka-s-bizarnimi-nazory-spd-je-hnus","status":"publish","type":"post","link":"https:\/\/www.ladislavjakl.cz\/?p=9982","title":{"rendered":"H\u0159ebejk se na\u0161tval: Jakl je zastydl\u00e1 m\u00e1ni\u010dka s bizarn\u00edmi n\u00e1zory, SPD je hnus"},"content":{"rendered":"<p>Re\u017eis\u00e9ra a komun\u00e1ln\u00edho politika Jana H\u0159ebejka doslova na\u0161tvalo, \u017ee byl do Rady pro rozhlasov\u00e9 a televizn\u00ed vys\u00edl\u00e1n\u00ed zvolen nominant SPD Ladislav Jakl.Na soci\u00e1ln\u00edch s\u00edt\u00edch dal pr\u016fchod sv\u00e9mu rozho\u0159\u010den\u00ed.<\/p>\n<p><!--more--><\/p>\n<p>Jan H\u0159ebejk, kter\u00fd se v podzimn\u00edch komun\u00e1ln\u00edch volb\u00e1ch za hnut\u00ed Starostov\u00e9 a nez\u00e1visl\u00ed (STAN) probojoval do zastupitelstva Prahy 5, se tvrd\u011b pustil do Ladislava Jakla, b\u00fdval\u00e9ho \u0159editele politick\u00e9ho odboru Kancel\u00e1\u0159e prezidenta republiky, kter\u00fd byl zvolen do Rady pro rozhlasov\u00e9 a televizn\u00ed vys\u00edl\u00e1n\u00ed.<\/p>\n<p>\u201eV \u010dem p\u0159esn\u011b spo\u010d\u00edv\u00e1 kvalifikace zastydl\u00e9 m\u00e1ni\u010dky s bizarn\u00edmi n\u00e1zory, kter\u00e1 sympatizuje s pravicov\u00fdmi extr\u00e9misty, \u0161ovinisty a rasisty, k tomu, aby se stala \u010dlenem Rady pro rozhlasov\u00e9 a televizn\u00ed vys\u00edlan\u00ed, to v\u00ed asi jen t\u011bch 88 poslanc\u016f, kte\u0159\u00ed tam pana Ladislava Jakla zvolili,\u201c r\u00fdpnul si na soci\u00e1ln\u00edch s\u00edt\u00edch.<\/p>\n<p>Pustil se tak\u00e9 do hnut\u00ed Svoboda a p\u0159\u00edm\u00e1 demokracie, kter\u00e9 Jakla do RRTV navrhlo. \u201eKdo pova\u017euje SPD za standardn\u00ed, demokratickou stranu, je na jin\u00e9 lodi, jin\u00e9m b\u0159ehu a j\u00e1 ho m\u00e1m za ignoranta a nebo rovnou za svini. R\u00e9torika je zcela lhostejn\u00e1, tv\u00e1\u0159\u00ed tv\u00e1\u0159 rasismu a v\u0161emu tomu hnusu, kter\u00e9 SPD, v\u010detn\u011b jak\u00e9hokoli jejich kandid\u00e1ta, reprezentuje,\u201c tvrd\u00ed H\u0159ebejk.<\/p>\n<p>Ladislav Jakl&nbsp;dostal ve druh\u00e9m kole tajn\u00e9 volby od poslanc\u016f celkem 88 hlas\u016f, pot\u0159eba bylo alespo\u0148 82 hlas\u016f. Proti n\u011bmu kandidoval b\u00fdval\u00fd mluv\u010d\u00ed ODS Milan Bou\u0161ka , kter\u00fd z\u00edskal 66 hlas\u016f. Kritici Jakla poukazuj\u00ed p\u0159edev\u0161\u00edm na to, \u017ee nov\u00fd \u010dlen rady se nechal v minulosti sly\u0161et, \u017ee by m\u00e9dia, kter\u00e9 m\u00e1 hl\u00eddat, nejrad\u011bji zru\u0161il.<\/p>\n<p><a href=\"https:\/\/eurozpravy.cz\/domaci\/politika\/253236-hrebejk-se-nastval-jakl-je-zastydla-manicka-s-bizarnimi-nazory-spd-je-hnus\/\">Zdroj<\/a><\/p>\n","protected":false},"excerpt":{"rendered":"<p>Re\u017eis\u00e9ra a komun\u00e1ln\u00edho politika Jana H\u0159ebejka doslova na\u0161tvalo, \u017ee byl do Rady pro rozhlasov\u00e9 a televizn\u00ed vys\u00edl\u00e1n\u00ed zvolen nominant SPD Ladislav Jakl.Na soci\u00e1ln\u00edch s\u00edt\u00edch dal pr\u016fchod sv\u00e9mu rozho\u0159\u010den\u00ed.<\/p>\n","protected":false},"author":1,"featured_media":0,"comment_status":"open","ping_status":"open","sticky":false,"template":"","format":"standard","meta":{"ngg_post_thumbnail":0,"footnotes":""},"categories":[11],"tags":[],"class_list":["post-9982","post","type-post","status-publish","format-standard","hentry","category-ozvena"],"_links":{"self":[{"href":"https:\/\/www.ladislavjakl.cz\/index.php?rest_route=\/wp\/v2\/posts\/9982","targetHints":{"allow":["GET"]}}],"collection":[{"href":"https:\/\/www.ladislavjakl.cz\/index.php?rest_route=\/wp\/v2\/posts"}],"about":[{"href":"https:\/\/www.ladislavjakl.cz\/index.php?rest_route=\/wp\/v2\/types\/post"}],"author":[{"embeddable":true,"href":"https:\/\/www.ladislavjakl.cz\/index.php?rest_route=\/wp\/v2\/users\/1"}],"replies":[{"embeddable":true,"href":"https:\/\/www.ladislavjakl.cz\/index.php?rest_route=%2Fwp%2Fv2%2Fcomments&post=9982"}],"version-history":[{"count":1,"href":"https:\/\/www.ladislavjakl.cz\/index.php?rest_route=\/wp\/v2\/posts\/9982\/revisions"}],"predecessor-version":[{"id":9983,"href":"https:\/\/www.ladislavjakl.cz\/index.php?rest_route=\/wp\/v2\/posts\/9982\/revisions\/9983"}],"wp:attachment":[{"href":"https:\/\/www.ladislavjakl.cz\/index.php?rest_route=%2Fwp%2Fv2%2Fmedia&parent=9982"}],"wp:term":[{"taxonomy":"category","embeddable":true,"href":"https:\/\/www.ladislavjakl.cz\/index.php?rest_route=%2Fwp%2Fv2%2Fcategories&post=9982"},{"taxonomy":"post_tag","embeddable":true,"href":"https:\/\/www.ladislavjakl.cz\/index.php?rest_route=%2Fwp%2Fv2%2Ftags&post=9982"}],"curies":[{"name":"wp","href":"https:\/\/api.w.org\/{rel}","templated":true}]}}