{"id":9984,"date":"2019-04-02T12:08:46","date_gmt":"2019-04-02T10:08:46","guid":{"rendered":"http:\/\/www.ladislavjakl.cz\/?p=9984"},"modified":"2019-04-02T12:08:46","modified_gmt":"2019-04-02T10:08:46","slug":"ladislav-jakl-novy-clen-medialni-rady-na-navrh-spd","status":"publish","type":"post","link":"https:\/\/www.ladislavjakl.cz\/?p=9984","title":{"rendered":"Ladislav Jakl &#8211; nov\u00fd \u010dlen medi\u00e1ln\u00ed rady na n\u00e1vrh SPD"},"content":{"rendered":"<div class=\"opener\">Ladislav Jakl, n\u011bkdej\u0161\u00ed tajemn\u00edk prezidenta V\u00e1clava Klause, byl poslanci zvolen do velk\u00e9 medi\u00e1ln\u00ed rady.<\/div>\n<p><!--more--><\/p>\n<div id=\"art-text\" class=\"text\">\n<p><em><a href=\"https:\/\/www.lidovky.cz\/byznys\/media\/snemovna-navrhla-do-vysilaci-rady-ladislava-jakla-tajemnika-exprezidenta-klause.A190327_152624_ln-media_krku\" rel=\"nofollow\">Ke jmenov\u00e1n\u00ed do Rady pro rozhlasov\u00e9 a televizn\u00ed vys\u00edl\u00e1n\u00ed<\/a>(RRTV) ve st\u0159edu Sn\u011bmovna navrhla tajemn\u00edka b\u00fdval\u00e9ho prezidenta V\u00e1clava Klause Ladislava Jakla, kter\u00e9ho nominovalo hnut\u00ed SPD.<\/em><em>Jakl dostal ve druh\u00e9m kole tajn\u00e9 volby 88 hlas\u016f, ke zvolen\u00ed jich bylo nutn\u00fdch 82. Jeho protikandid\u00e1t, n\u011bkdej\u0161\u00ed mluv\u010d\u00ed ODS Milan Bou\u0161ka obdr\u017eel 66 hlas\u016f. V\u00fdsledky ozn\u00e1mil p\u0159edseda volebn\u00ed komise Martin Kolovratn\u00edk (ANO).<\/em><\/p>\n<p>Pr\u00e1v\u011b podpora Jaklovi, kterou p\u0159ed sen\u00e1tn\u00edmi volbami vyj\u00e1d\u0159il poslanec ODS V\u00e1clav Klaus junior, byla i jedn\u00edm z d\u016fvod\u016f jeho vylou\u010den\u00ed ze strany. I tehdy kandidoval Jakl do sen\u00e1tu s podporou SPD, ale nepostoupil do druh\u00e9ho kola.<\/p>\n<p>Na lidovky.cz se k volb\u011b Jakla vyjad\u0159uje Tom\u00e1\u0161 Tom\u00e1nek. Ten se jednozna\u010dn\u011b stav\u00ed do role \u201eobh\u00e1jce\u201c ve\u0159ejnopr\u00e1vn\u00edch m\u00e9di\u00ed a zvolen\u00ed Jakla kritizuje. Vyu\u017e\u00edv\u00e1 k tomu vedouc\u00edho katedry medi\u00e1ln\u00edch studi\u00ed a \u017eurnalistiky brn\u011bnsk\u00e9 Masarykovy univerzity Jakuba Macka.&nbsp;<em>\u201e<a href=\"https:\/\/www.lidovenoviny.cz\/ctecka.aspx?d=29.03.2019&amp;e=LN-PRAHA#object=8161753\" rel=\"nofollow\">Vn\u00edm\u00e1n\u00ed ve\u0159ejnopr\u00e1vn\u00edch m\u00e9di\u00ed<\/a>se prom\u011bnilo tak\u00e9 ve sn\u011bmovn\u011b. Nen\u00ed to v\u016fbec dobr\u00e9, proto\u017ee kdy\u017e se sou\u010d\u00e1st\u00ed rad st\u00e1vaj\u00ed lid\u00e9, kte\u0159\u00ed jsou \u010dasto z principu p\u0159esv\u011bd\u010deni, \u017ee tato m\u00e9dia nemaj\u00ed pr\u00e1vo na \u017eivot, vede to ke snah\u00e1m rozb\u00edjet st\u00e1vaj\u00edc\u00ed medi\u00e1ln\u00ed syst\u00e9m. Obecn\u011b to odkazuje k hodnotov\u00e9mu roz\u0161t\u011bpen\u00ed, kter\u00e9 je dnes patrn\u00e9 jak v \u010desk\u00e9 spole\u010dnosti, tak i na Z\u00e1pad\u011b.\u201c<\/em><\/p>\n<p>O SPD pak Tom\u00e1nek p\u00ed\u0161e rovn\u011b\u017e s despektem, jako o \u201enahn\u011bdl\u00e9 a protimuslimsk\u00e9 stran\u011b\u201c. Tyto n\u00e1zory Tom\u00e1nkovi neberu, nicm\u00e9n\u011b probl\u00e9m voli\u010dsk\u00e9 podpory \u201eantisyst\u00e9mov\u00fdch stran\u201c je mnohem plasti\u010dt\u011bj\u0161\u00ed ne\u017e je Tom\u00e1nek ochoten p\u0159ipustit.<\/p>\n<p>Ji\u017e od po\u010d\u00e1tku devades\u00e1t\u00fdch let jsme pro\u017e\u00edvali obdob\u00ed n\u011bkolika antisyst\u00e9mov\u00fdch stran. Samoz\u0159ejm\u011b, tou nejv\u011bt\u0161\u00ed byla KS\u010cM. Jako pohrobek n\u011bkdej\u0161\u00ed totalitn\u00ed KS\u010c p\u0159e\u017eila a po posledn\u00edch volb\u00e1ch se dokonce s nejhor\u0161\u00edm v\u00fdsledkem dostala do unik\u00e1tn\u00ed pozice strany, d\u00edky jej\u00ed\u017e toleranci a podpo\u0159e vznikla men\u0161inov\u00e1 vl\u00e1da ANO a \u010cSSD. V devades\u00e1t\u00fdch letech pak relativn\u011b \u00fasp\u011b\u0161nou antisyst\u00e9movou stranou byli Republik\u00e1ni Miroslava Sl\u00e1dka. O nich hovo\u0159il Milo\u0161 Zeman jako o \u201ezdivo\u010del\u00fdch soci\u00e1ln\u00edch demokratech\u201c. M\u011bli jsme i \u201eMoravany\u201c, tj. strany usiluj\u00edc\u00ed o obnovu zemsk\u00e9ho z\u0159\u00edzen\u00ed pro Moravu. I tyto strany byly sv\u00fdm zp\u016fsobem antisyst\u00e9mov\u00e9.<\/p>\n<p>Relativn\u00ed \u00fasp\u011bch sou\u010dasn\u00fdch antisyst\u00e9mov\u00fdch stran (krom\u011b SPD tam n\u011bkter\u00fdmi sv\u00fdmi postoji pat\u0159\u00ed z\u0159ejm\u011b i Pir\u00e1ti) je v\u0161ak d\u016fsledkem medi\u00e1ln\u00edho \u201evakua\u201c kolem n\u011bkter\u00fdch o\u017eehav\u00fdch t\u00e9mat spole\u010densk\u00e9ho v\u00fdvoje v \u010cesku, EU i ve sv\u011bt\u011b. Z\u00e1kladem je tak zvan\u00e1 \u201ekorektn\u00ed politika\u201c, tj. obecn\u011b takov\u00fd politick\u00fd kurs, kter\u00fd dokonale smazal hranice mezi tradi\u010dn\u00edmi politick\u00fdmi stranami Z\u00e1padu, tj. socialisty a lidovci. Tyto dva bloky desetilet\u00ed vl\u00e1dnou \u010di vl\u00e1dly v Evrop\u011b a v posledn\u00edch letech zaznamenaly v\u00fdznamn\u00fd pokles voli\u010dsk\u00e9 p\u0159\u00edzn\u011b. Socialistick\u00e9 strany v n\u011bkter\u00fdch zem\u00edch jako Francie doslova \u017eivo\u0159\u00ed. Ka\u017ed\u00fd politik, kter\u00fd proto vystoup\u00ed s n\u011b\u010d\u00edm jin\u00fdm ne\u017e korektn\u00ed politikou (u n\u00e1s pr\u00e1v\u011b zejm\u00e9na Tomio Okamura) pak t\u011b\u017e\u00ed z t\u00e9to situace. Korektn\u00ed a ve\u0159ejnopr\u00e1vn\u00ed m\u00e9dia, kter\u00e1 n\u00e1lepkuj\u00ed nov\u00e9 \u00fasp\u011b\u0161n\u00e9 politick\u00e9 strany jako \u201ekrajn\u011b pravicov\u00e9\u201c, tak jsou sou\u010d\u00e1st\u00ed probl\u00e9mu, nikoli jeho \u0159e\u0161en\u00edm.<\/p>\n<p>Nejv\u011bt\u0161\u00ed \u0161kody pak nap\u00e1chala (ne)informovanost o ileg\u00e1ln\u00ed migraci a praktick\u00e1 politika rezignace na vym\u00e1h\u00e1n\u00ed pr\u00e1va p\u0159i migra\u010dn\u00ed krizi z l\u00e9ta 2015. To byl a je d\u016fvod, pro\u010d se ve ve\u0159ejnosti sn\u00ed\u017eila, n\u011bkde o des\u00edtky procent, podpora tradi\u010dn\u00edch stran. D\u016fsledkem je nov\u00e1 vl\u00e1da It\u00e1lie, kter\u00e1 se v\u016fbec netaj\u00ed sv\u00fdm odporem v\u016f\u010di ileg\u00e1ln\u00ed migraci a prosazov\u00e1n\u00edm politiky kritizuj\u00edc\u00ed veden\u00ed EU.<\/p>\n<p>A pr\u00e1v\u011b tato fakta p\u016fsob\u00ed i na \u010deskou politiku a mohou \u0159adu \u010desk\u00fdch z\u00e1konod\u00e1rc\u016f ovlivnit p\u0159i v\u00fdb\u011bru kandid\u00e1t\u016f pr\u00e1v\u011b do medi\u00e1ln\u00edch rad. Zd\u00e1 se, \u017ee si hodn\u011b \u010desk\u00fdch poslanc\u016f mysl\u00ed, \u017ee m\u00e9dia ve\u0159ejn\u00e9 slu\u017eby jsou ne zcela funk\u010dn\u00ed a nereaguj\u00ed na v\u00fdzvy sou\u010dasnosti. I proto u nich m\u016f\u017ee usp\u011bt kandid\u00e1t, kter\u00fd je zn\u00e1m sv\u00fdmi kritick\u00fdmi n\u00e1zory na ve\u0159ejnopr\u00e1vn\u00ed m\u00e9dia. A t\u00edm Ladislav Jakl bezesporu je.<\/p>\n<\/div>\n<p><a href=\"https:\/\/janbarton.blog.idnes.cz\/blog.aspx?c=706904\">Zdroj<\/a><\/p>\n","protected":false},"excerpt":{"rendered":"<p>Ladislav Jakl, n\u011bkdej\u0161\u00ed tajemn\u00edk prezidenta V\u00e1clava Klause, byl poslanci zvolen do velk\u00e9 medi\u00e1ln\u00ed rady.<\/p>\n","protected":false},"author":1,"featured_media":0,"comment_status":"open","ping_status":"open","sticky":false,"template":"","format":"standard","meta":{"ngg_post_thumbnail":0,"footnotes":""},"categories":[11],"tags":[],"class_list":["post-9984","post","type-post","status-publish","format-standard","hentry","category-ozvena"],"_links":{"self":[{"href":"https:\/\/www.ladislavjakl.cz\/index.php?rest_route=\/wp\/v2\/posts\/9984","targetHints":{"allow":["GET"]}}],"collection":[{"href":"https:\/\/www.ladislavjakl.cz\/index.php?rest_route=\/wp\/v2\/posts"}],"about":[{"href":"https:\/\/www.ladislavjakl.cz\/index.php?rest_route=\/wp\/v2\/types\/post"}],"author":[{"embeddable":true,"href":"https:\/\/www.ladislavjakl.cz\/index.php?rest_route=\/wp\/v2\/users\/1"}],"replies":[{"embeddable":true,"href":"https:\/\/www.ladislavjakl.cz\/index.php?rest_route=%2Fwp%2Fv2%2Fcomments&post=9984"}],"version-history":[{"count":1,"href":"https:\/\/www.ladislavjakl.cz\/index.php?rest_route=\/wp\/v2\/posts\/9984\/revisions"}],"predecessor-version":[{"id":9985,"href":"https:\/\/www.ladislavjakl.cz\/index.php?rest_route=\/wp\/v2\/posts\/9984\/revisions\/9985"}],"wp:attachment":[{"href":"https:\/\/www.ladislavjakl.cz\/index.php?rest_route=%2Fwp%2Fv2%2Fmedia&parent=9984"}],"wp:term":[{"taxonomy":"category","embeddable":true,"href":"https:\/\/www.ladislavjakl.cz\/index.php?rest_route=%2Fwp%2Fv2%2Fcategories&post=9984"},{"taxonomy":"post_tag","embeddable":true,"href":"https:\/\/www.ladislavjakl.cz\/index.php?rest_route=%2Fwp%2Fv2%2Ftags&post=9984"}],"curies":[{"name":"wp","href":"https:\/\/api.w.org\/{rel}","templated":true}]}}