{"id":9986,"date":"2019-04-02T12:10:28","date_gmt":"2019-04-02T10:10:28","guid":{"rendered":"http:\/\/www.ladislavjakl.cz\/?p=9986"},"modified":"2019-04-02T12:10:28","modified_gmt":"2019-04-02T10:10:28","slug":"jakl-se-zvolenim-do-vysilaci-rady-jsem-nepocital-cestu-do-politiky-si-nezaviram","status":"publish","type":"post","link":"https:\/\/www.ladislavjakl.cz\/?p=9986","title":{"rendered":"Jakl: Se zvolen\u00edm do vys\u00edlac\u00ed rady jsem nepo\u010d\u00edtal. Cestu do politiky si nezav\u00edr\u00e1m"},"content":{"rendered":"<p class=\"opener\">St\u0159ede\u010dn\u00ed tajn\u00e1 volba ve sn\u011bmovn\u011b jej tak\u0159ka posadila mezi t\u0159in\u00e1ctku radn\u00edch, kte\u0159\u00ed dohl\u00ed\u017eej\u00ed na rozhlasov\u00e9 a televizn\u00ed vys\u00edl\u00e1n\u00ed. Zb\u00fdv\u00e1 jen, aby jej jmenoval premi\u00e9r Andrej Babi\u0161 (ANO). Ladislav Jakl v rozhovoru pro server Lidovky.cz \u0159\u00edk\u00e1, \u017ee ho v\u00fdsledek volby m\u00edrn\u011b p\u0159ekvapil. M\u00e9di\u00ed se ve funkci podle sv\u00fdch slov nezalekne. A nevzd\u00e1v\u00e1 se ani mo\u017en\u00e9ho politick\u00e9ho anga\u017em\u00e1.<\/p>\n<p><!--more--><\/p>\n<p><b>Lidovky.cz: Byl jste zvolen\u00edm p\u0159ekvapen?<\/b><br \/>\n\u00dapln\u011b jsem s t\u00edm nepo\u010d\u00edtal. Nev\u011b\u0159il jsem, \u017ee se najde dost poslanc\u016f, kte\u0159\u00ed si budou myslet, \u017ee i \u010dlov\u011bk, jen\u017e m\u00e1 odli\u0161n\u00fd pohled na sv\u011bt, reprezentuje ur\u010ditou \u010d\u00e1st ve\u0159ejnosti. A pokud takov\u00e9to instituce maj\u00ed reflektovat n\u00e1zor ve\u0159ejnosti, tak tam pat\u0159\u00ed i postoje, kter\u00e9 reprezentuji j\u00e1. Nemyslel jsem si ale, \u017ee poslanci to budou takto ch\u00e1pat. Domn\u00edval jsem se, \u017ee nebude zvolen nikdo, stejn\u011b jako tomu bylo v mnoha p\u0159edch\u00e1zej\u00edc\u00edch volb\u00e1ch.<\/p>\n<p><b>Lidovky.cz: Tu\u0161\u00edte, kdo byl mezi t\u011bmi 88 poslanci, kte\u0159\u00ed pro v\u00e1s v tajn\u00e9 volb\u011b hlasoval<\/b><b>i<\/b><b>?<\/b><br \/>\nJak u\u017e to ale v \u017eivot\u011b chod\u00ed, ne\u00fasp\u011bch b\u00fdv\u00e1 sirotkem a \u00fasp\u011bch m\u00e1 tat\u00ednk\u016f hodn\u011b. Tak\u017ee te\u010f asi budu poslouchat, kdo v\u0161echno byl pro, ale vzhledem k tomu, \u017ee \u0161lo o tajnou volbu, to nikdo nem\u016f\u017ee v\u011bd\u011bt.<\/p>\n<p><b>Lidovky.cz: \u017d\u00e1dal jste osobn\u011b o podporu mezi poslanci, nebo za v\u00e1s nebo&nbsp;<\/b><b>lobovalo<\/b><b>SPD, kter\u00e9 v\u00e1s navrhlo?<\/b><br \/>\nMus\u00edm up\u0159\u00edmn\u011b \u0159\u00edct, \u017ee jsem se tomu nev\u011bnoval. M\u011bl jsem pocit, \u017ee to ovlivnit nem\u016f\u017eu, tak jsem si \u0159\u00edkal, \u017ee mi nezbude ne\u017e po\u010dkat na v\u016fli poslanc\u016f. Kdy\u017e bylo prvn\u00ed kolo, tak jsem ani nev\u011bd\u011bl, \u017ee je na programu. Myslel jsem si naivn\u011b, \u017ee m\u011b s ostatn\u00edmi kandid\u00e1ty pozve medi\u00e1ln\u00ed v\u00fdbor \u010di n\u011bjak\u00fd klub a budou cht\u00edt n\u011bco sly\u0161et, ale z\u0159ejm\u011b se rozhoduj\u00ed jen podle jm\u00e9na.<\/p>\n<p><b>Lidovky.cz: \u010c\u00edm mysl\u00edte, \u017ee jste si z\u00edskal d\u016fv\u011bru SPD, kdy\u017e se rozhodlo nominovat zrovna v\u00e1s?<\/b><br \/>\nPatrn\u011b m\u011b znaj\u00ed jako \u010dlov\u011bka, kter\u00fd se t\u00e9to oblasti dlouhodob\u011b v\u011bnuje, o m\u00e9di\u00edch kriticky p\u00ed\u0161e a v\u0161\u00edm\u00e1 si v\u011bc\u00ed, kter\u00e9 mohou b\u00fdt t\u0159eba v rozporu se z\u00e1konem. Veden\u00ed strany m\u011b tak oslovilo s t\u00edm, jestli bych byl ochoten do toho j\u00edt. Up\u0159\u00edmn\u011b jsem to nepova\u017eoval za realistick\u00e9, ale \u0159\u00edkal jsem si, \u017ee se toho nebudu b\u00e1t. Ostatn\u011b jsem tu instituci p\u0159ed 28 lety zakl\u00e1dal a odtamtud jsem p\u0159i\u0161el tehdy do Lidov\u00fdch novin, tak\u017ee se obloukem vrac\u00edm na m\u00edsto \u010dinu.<\/p>\n<p><b>idovky.cz:&nbsp;<\/b><b>S&nbsp;<\/b><b>jak\u00fdm z\u00e1m\u011brem a c\u00edli<\/b><b>do&nbsp;<\/b><b>funkce<\/b><b>p\u016fjdete?<br \/>\n<\/b>Budu jedn\u00edm z t\u011bch, kte\u0159\u00ed budou dohl\u00ed\u017eet na to, zdali jsou medi\u00e1ln\u00ed z\u00e1kony dodr\u017eov\u00e1ny, a to i na z\u00e1klad\u011b podn\u011bt\u016f ve\u0159ejnosti.<\/p>\n<p><b>Lidovky.cz: Jste zn\u00e1m\u00fdm kritikem ve\u0159ejnopr\u00e1vn\u00edch m\u00e9di\u00ed. V minulosti jste uvedl, \u017ee by nem\u011bly existovat a sv\u011bt by byl bez nich kr\u00e1sn\u011bj\u0161\u00ed. Bude se tento v\u00e1\u0161 postoj odr\u00e1\u017eet i ve funkci radn\u00edho?<\/b><br \/>\nJsem kritikem instituce st\u00e1tn\u00edch m\u00e9di\u00ed, kter\u00fdm se \u0159\u00edk\u00e1 ve\u0159ejnopr\u00e1vn\u00ed. A to bez ohledu na obsah jejich vys\u00edl\u00e1n\u00ed. To je m\u016fj celkov\u00fd pohled na roli st\u00e1tu. Stejn\u011b jako si mysl\u00edm, \u017ee st\u00e1t nem\u00e1 vyr\u00e1b\u011bt auta, va\u0159it pivo, p\u00e9ct rohl\u00edky, tak jsem toho n\u00e1zoru, \u017ee nem\u00e1 vyd\u00e1vat noviny, \u010dasopisy a podle m\u011b by ani nem\u011bl provozovat rozhlasov\u00e9 a televizn\u00ed vys\u00edl\u00e1n\u00ed.<\/p>\n<p>Pokud existuje n\u011bjak\u00fd ve\u0159ejn\u00fd z\u00e1jem v t\u00e9to oblasti, tak by ho m\u011bl st\u00e1t p\u0159esn\u011b vymezit. M\u011bl by vypsat t\u0159eba ve\u0159ejnou zak\u00e1zku na to, kdo ud\u011bl\u00e1 nejlep\u0161\u00ed vys\u00edl\u00e1n\u00ed pro \u0161koly, pro men\u0161iny. Ur\u010dit\u011b by to n\u011bjak\u00fd priv\u00e1tn\u00ed projekt zajistil levn\u011bji a l\u00e9pe ne\u017e specializovan\u00e1 instituce. To jsou ale n\u00e1zory, kter\u00e9 nesouvisej\u00ed s \u010dinnost\u00ed rady, ale t\u00fdkaj\u00ed se legislativy. A z\u00e1kony se v rad\u011b pochopiteln\u011b m\u011bnit nemohou, takov\u00e9 ambice nikdo nem\u016f\u017ee m\u00edt.<\/p>\n<div class=\"imagelist imagelist-lngal \">\n<div class=\"cell cell-first\"><a href=\"https:\/\/www.lidovky.cz\/domov\/s-volbou-do-vysilaci-rady-jsem-nepocital-cestu-do-politiky-si-nezaviram-rika-jakl.A190329_152705_ln_domov_rsa\/foto\/ANI2b3697_Ladislav_Jakl.jpg\"><img decoding=\"async\" src=\"https:\/\/1gr.cz\/fotky\/lidovky\/19\/033\/lngal\/ANI2b3697_Ladislav_Jakl.jpg\" alt=\"Ladislav Jakl\"><\/a>Ladislav Jakl b\u011bhem vys\u00edl\u00e1n\u00ed \u010cesk\u00e9 televize.<\/p>\n<\/div>\n<div class=\"fc0\">&nbsp;<\/div>\n<\/div>\n<p><b>Lidovky.cz: Pt\u00e1m se, proto\u017ee p\u0159edseda SPD Tomio Okamura va\u0161e zvolen\u00ed zvolen\u00ed komentoval slovy, \u017ee jej lze ch\u00e1pat jako krok k tomu, aby se nemanipulovalo s m\u00e9dii. Jak si jeho tvrzen\u00ed p\u0159elo\u017eit?<\/b><br \/>\nMysl\u00edm si, \u017ee je hodn\u011b lid\u00ed, kte\u0159\u00ed se m\u00e9di\u00ed boj\u00ed. A kdy\u017e zaregistruj\u00ed poru\u0161en\u00ed n\u011bjak\u00e9ho z\u00e1kona, tak se d\u00edvaj\u00ed na druhou stranu. U m\u011b to nelze o\u010dek\u00e1vat.<b><br \/>\n<\/b><\/p>\n<p><b>Lidovky.cz: Jak podle v\u00e1s pracuj\u00ed ostatn\u00ed rozhlasov\u00e1 a televizn\u00ed m\u00e9dia? S kter\u00fdmi jste spokojen, \u010di naopak nespokojen?<\/b><br \/>\nMysl\u00edm si, \u017ee to nelze \u0159\u00edct. Paleta je obrovsky \u0161irok\u00e1. N\u011bkter\u00e1 m\u00e9dia jsou univerz\u00e1ln\u011b zam\u011b\u0159en\u00e1, jin\u00e1 jsou specializovan\u00e1. Nicm\u00e9n\u011b je sleduji &#8211; i kdy\u017e jsem si v\u011bdom, \u017ee budu muset daleko v\u00edce ne\u017e dosud -, a mus\u00edm \u0159\u00edct, \u017ee ka\u017edou chv\u00edli upout\u00e1 mou pozornost n\u011bco, co je hodno kritiky.<\/p>\n<p>Jsem si ale z\u00e1rove\u0148 v\u011bdom, \u017ee budu jedn\u00edm z \u010dlen\u016f s pouze jedn\u00edm hlasem. I kdy\u017e vliv jednoho \u010dlena se nemus\u00ed rovnat n\u00e1zoru jednoho hlasu, ale spo\u010d\u00edv\u00e1 i ve v\u00e1ze argumenta\u010dn\u00ed schopnosti p\u0159esv\u011bd\u010dovat ostatn\u00ed. Za posledn\u00edch 28 let t\u011bmi radami pro\u0161ly mo\u017en\u00e1 stovky lid\u00ed a jen m\u00e1 volba vzbudila takovou pozornost. To m\u011b velmi t\u011b\u0161\u00ed.<\/p>\n<p><b>Lidovky.cz: Znamen\u00e1 to, \u017ee jste si nyn\u00ed na \u0161est let zav\u0159el dve\u0159e do politiky, nebo byste se vzdal mand\u00e1tu, kdyby p\u0159i\u0161la mo\u017enost politicky se anga\u017eovat?<\/b><br \/>\n\u017d\u00e1dnou cestu sv\u00e9 budoucnosti si nezav\u00edr\u00e1m. \u017divot m\u016f\u017ee p\u0159in\u00e9st r\u016fzn\u00e9 momenty a j\u00e1 ur\u010dit\u011b budu um\u011bt na n\u011b reagovat, pokud nastanou. Nerad bych o tom ale vedl sv\u00e9 spekulace nyn\u00ed, to se mi zd\u00e1 neproduktivn\u00ed.<\/p>\n<p><b>Lidovky.cz: V sou\u010dasn\u00e9 chv\u00edli tak na stole \u017e\u00e1dn\u00e1 politick\u00e1 nab\u00eddka nen\u00ed? Spekuluje se o mo\u017en\u00e9 spolupr\u00e1ci s V\u00e1clavem Klausem mlad\u0161\u00edm, kter\u00fd byl ned\u00e1vno vylou\u010den z ODS.<\/b><br \/>\nNa stole nic nen\u00ed. \u017de bych si ale zakazoval p\u0159em\u00fd\u0161len\u00ed toho typu, tak to si nezakazuji. P\u0159em\u00fd\u0161l\u00edm r\u00e1d, denn\u011b, o mnoha r\u016fzn\u00fdch v\u011bcech, v\u010detn\u011b takov\u00e9to. Pro\u010d bych o n\u00ed nep\u0159em\u00fd\u0161lel.<\/p>\n<p><a href=\"https:\/\/www.lidovky.cz\/domov\/s-volbou-do-vysilaci-rady-jsem-nepocital-cestu-do-politiky-si-nezaviram-rika-jakl.A190329_152705_ln_domov_rsa\">Zdroj<\/a><\/p>\n<p>&nbsp;<\/p>\n","protected":false},"excerpt":{"rendered":"<p>St\u0159ede\u010dn\u00ed tajn\u00e1 volba ve sn\u011bmovn\u011b jej tak\u0159ka posadila mezi t\u0159in\u00e1ctku radn\u00edch, kte\u0159\u00ed dohl\u00ed\u017eej\u00ed na rozhlasov\u00e9 a televizn\u00ed vys\u00edl\u00e1n\u00ed. Zb\u00fdv\u00e1 jen, aby jej jmenoval premi\u00e9r Andrej Babi\u0161 (ANO). Ladislav Jakl v rozhovoru pro server Lidovky.cz \u0159\u00edk\u00e1, \u017ee ho v\u00fdsledek volby m\u00edrn\u011b p\u0159ekvapil. M\u00e9di\u00ed se ve funkci podle sv\u00fdch slov nezalekne. A nevzd\u00e1v\u00e1 se ani mo\u017en\u00e9ho politick\u00e9ho [&hellip;]<\/p>\n","protected":false},"author":1,"featured_media":0,"comment_status":"open","ping_status":"open","sticky":false,"template":"","format":"standard","meta":{"ngg_post_thumbnail":0,"footnotes":""},"categories":[13],"tags":[],"class_list":["post-9986","post","type-post","status-publish","format-standard","hentry","category-rozhovory"],"_links":{"self":[{"href":"https:\/\/www.ladislavjakl.cz\/index.php?rest_route=\/wp\/v2\/posts\/9986","targetHints":{"allow":["GET"]}}],"collection":[{"href":"https:\/\/www.ladislavjakl.cz\/index.php?rest_route=\/wp\/v2\/posts"}],"about":[{"href":"https:\/\/www.ladislavjakl.cz\/index.php?rest_route=\/wp\/v2\/types\/post"}],"author":[{"embeddable":true,"href":"https:\/\/www.ladislavjakl.cz\/index.php?rest_route=\/wp\/v2\/users\/1"}],"replies":[{"embeddable":true,"href":"https:\/\/www.ladislavjakl.cz\/index.php?rest_route=%2Fwp%2Fv2%2Fcomments&post=9986"}],"version-history":[{"count":1,"href":"https:\/\/www.ladislavjakl.cz\/index.php?rest_route=\/wp\/v2\/posts\/9986\/revisions"}],"predecessor-version":[{"id":9987,"href":"https:\/\/www.ladislavjakl.cz\/index.php?rest_route=\/wp\/v2\/posts\/9986\/revisions\/9987"}],"wp:attachment":[{"href":"https:\/\/www.ladislavjakl.cz\/index.php?rest_route=%2Fwp%2Fv2%2Fmedia&parent=9986"}],"wp:term":[{"taxonomy":"category","embeddable":true,"href":"https:\/\/www.ladislavjakl.cz\/index.php?rest_route=%2Fwp%2Fv2%2Fcategories&post=9986"},{"taxonomy":"post_tag","embeddable":true,"href":"https:\/\/www.ladislavjakl.cz\/index.php?rest_route=%2Fwp%2Fv2%2Ftags&post=9986"}],"curies":[{"name":"wp","href":"https:\/\/api.w.org\/{rel}","templated":true}]}}