{"id":9988,"date":"2019-04-02T12:11:52","date_gmt":"2019-04-02T10:11:52","guid":{"rendered":"http:\/\/www.ladislavjakl.cz\/?p=9988"},"modified":"2019-04-02T12:11:52","modified_gmt":"2019-04-02T10:11:52","slug":"zvoleni-jakla-rozezlilo-vladni-cssd-ta-v-pondeli-vytkne-ano-udajne-poruseni-dohody","status":"publish","type":"post","link":"https:\/\/www.ladislavjakl.cz\/?p=9988","title":{"rendered":"Zvolen\u00ed Jakla rozezlilo vl\u00e1dn\u00ed \u010cSSD. Ta v pond\u011bl\u00ed vytkne ANO \u00fadajn\u00e9 poru\u0161en\u00ed dohody"},"content":{"rendered":"<p class=\"opener\">Zvolen\u00ed Ladislava Jakla do \u201evelk\u00e9\u201c medi\u00e1ln\u00ed rady naru\u0161uje vl\u00e1dn\u00ed spojenectv\u00ed \u010cSSD a hnut\u00ed ANO. Socialisty rozezlilo. Vn\u00edmaj\u00ed ho jako poru\u0161en\u00ed dohody v r\u00e1mci koalice. Po domluv\u011b s hnut\u00edm po\u010d\u00edtali s t\u00edm, \u017ee extajemn\u00edk prezidenta V\u00e1clava Klause ve fin\u00e1le neusp\u011bje.<\/p>\n<p><!--more--><\/p>\n<p>Do Rady pro rozhlasov\u00e9 a televizn\u00ed vys\u00edl\u00e1n\u00ed (RRTV) nam\u00edsto n\u011bj prosazovali jeho soka ve volb\u011b Milana Bou\u0161ku. V tajn\u00e9 volb\u011b se v\u0161ak uk\u00e1zalo, \u017ee koali\u010dn\u00ed domluva neplat\u00ed. V rad\u011b tak usedne mu\u017e, kter\u00fd opakovan\u011b mluv\u00ed o zru\u0161en\u00ed ve\u0159ejnopr\u00e1vn\u00edch m\u00e9di\u00ed.<\/p>\n<p>\u201eHnut\u00ed ANO jsme n\u011bkolikr\u00e1t jasn\u011b sd\u011blili, \u017ee bychom nebyli r\u00e1di, kdyby podpo\u0159ili pana Jakla,\u201c zd\u016fraz\u0148uje \u0161\u00e9f poslaneck\u00e9ho klubu \u010cSSD Jan Chvojka. \u201eNepodporuji lidi, kte\u0159\u00ed vyhla\u0161uj\u00ed podobn\u00e9 n\u00e1zory. Z\u00e1sadn\u011b s nimi nesouhlas\u00edm. A nejsem pro, aby tito lid\u00e9 dost\u00e1vali prostor k ovliv\u0148ov\u00e1n\u00ed \u010dinnosti m\u00e9di\u00ed,\u201c \u0159\u00edk\u00e1 exministr zahrani\u010d\u00ed Lubom\u00edr Zaor\u00e1lek (\u010cSSD). Podle n\u011bj stejn\u00e9 stanovisko mezi oran\u017eov\u00fdmi p\u0159eva\u017euje.&nbsp;&nbsp;<\/p>\n<p>\u201eDostali jsme ho dokonce do programov\u00e9ho prohl\u00e1\u0161en\u00ed vl\u00e1dy. Je to principi\u00e1ln\u00ed v\u011bc. Proto si mysl\u00edm, \u017ee se to (v\u00fdsledek tajn\u00e9 volby \u2013 pozn. red.) mus\u00ed \u0159e\u0161it na koali\u010dn\u00ed rad\u011b a mus\u00ed se z toho n\u011bco vyvodit. Proto\u017ee pokud by to takhle pokra\u010dovalo, m\u016f\u017ee to m\u00edt z\u00e1sadn\u00ed vliv na to, jak ona m\u00e9dia funguj\u00ed,\u201c dodal Zaor\u00e1lek.&nbsp;V programov\u00e9m prohl\u00e1\u0161en\u00ed je skute\u010dn\u011b bod v\u011bnovan\u00fd m\u00e9di\u00edm ve\u0159ejn\u00e9 slu\u017eby. \u201eBudeme d\u016fsledn\u011b podporovat jejich nez\u00e1vislost,\u201c p\u00ed\u0161e se v n\u011bm mimo jin\u00e9.<\/p>\n<h3 id=\"--nepratelsky-system\" class=\"tit\">Nep\u0159\u00e1telsk\u00fd syst\u00e9m<\/h3>\n<p>Svoboda ve\u0159ejnopr\u00e1vn\u00edch prost\u0159edk\u016f je dle kritik\u016f zvolen\u00edm Jakla ohro\u017eena. A vlastn\u011b nejen p\u0159\u00edchodem dlouholet\u00e9ho Klausova pobo\u010dn\u00edka do RRTV, ale i dosazen\u00edm dal\u0161\u00edch kontroverzn\u00edch figur do Rady \u010cesk\u00e9ho rozhlasu nebo Rady \u010cesk\u00e9 tiskov\u00e9 kancel\u00e1\u0159e. Jako jeden z radn\u00edch dohl\u00ed\u017e\u00ed na r\u00e1dio Tom\u00e1\u0161 K\u0148ourek, na agenturu zase Petr \u017dantovsk\u00fd.&nbsp;<\/p>\n<p>Oba jsou mimo jin\u00e9 spojeni s novin\u00e1\u0159skou Krameriovou cenou, od n\u00ed\u017e zase vedou linky ke konspira\u010dn\u00edm web\u016fm. Pat\u0159\u00ed tak\u00e9 \u2013 podobn\u011b jako Jakl \u2013 ke kritik\u016fm ve\u0159ejnopr\u00e1vn\u00edch m\u00e9di\u00ed. \u201eM\u00e9dia ve\u0159ejn\u00e9 slu\u017eby p\u0159edstavuj\u00ed pro \u010d\u00e1st populace hodnotov\u00fd syst\u00e9m, kter\u00fd ch\u00e1pou jako nep\u0159\u00e1telsk\u00fd. Tady mluv\u00edm o voli\u010d\u00edch, kte\u0159\u00ed jsou reprezentov\u00e1ni stranami, jako jsou SPD, KS\u010cM nebo \u010d\u00e1st voli\u010d\u016f prezidenta Milo\u0161e Zemana,\u201c \u0159\u00edk\u00e1 medi\u00e1ln\u00ed expert Jakub Macek.<\/p>\n<table id=\"--\" class=\"complete complete-foto foto-lnp210 not4bbtext\">\n<tbody>\n<tr>\n<td>\n<div>\n<div class=\"imagelist imagelist-lnp210 not4bbtext\">\n<div class=\"cell cell-first\"><a href=\"https:\/\/www.lidovky.cz\/domov\/zvoleni-jakla-rozezlilo-vladni-cssd-ta-v-pondeli-vytkne-ano-udajne-poruseni-dohody.A190329_222830_ln_domov_zdp\/foto\/ANI2b3697_Ladislav_Jakl.jpg\"><img decoding=\"async\" src=\"https:\/\/1gr.cz\/fotky\/lidovky\/19\/033\/lnp210\/ANI2b3697_Ladislav_Jakl.jpg\" alt=\"Ladislav Jakl\"><\/a><\/div>\n<div class=\"fc0\">&nbsp;<\/div>\n<\/div>\n<div class=\"imagelist imagelist-lnp210 not4bbtext\">\n<div class=\"cell cell-first\"><a href=\"https:\/\/www.lidovky.cz\/domov\/zvoleni-jakla-rozezlilo-vladni-cssd-ta-v-pondeli-vytkne-ano-udajne-poruseni-dohody.A190329_222830_ln_domov_zdp\/foto\/MEV45a5c3_da_sources_ln_photos_VAclav_Kluas_06.jpg\"><img decoding=\"async\" src=\"https:\/\/1gr.cz\/fotky\/lidovky\/17\/073\/lnp210\/MEV45a5c3_da_sources_ln_photos_VAclav_Kluas_06.jpg\" alt=\"V\u00e1clav Klaus a Ladislav Jakl na archivn\u00edm sn\u00edmku z roku 2006.\"><\/a><\/div>\n<div class=\"fc0\">&nbsp;<\/div>\n<\/div>\n<\/div>\n<\/td>\n<\/tr>\n<\/tbody>\n<\/table>\n<p>V kontextu jeho slov je p\u0159\u00edhodn\u00e9 p\u0159ipomenout, \u017ee nominaci Jakla do \u201evelk\u00e9\u201c rady podporovala pr\u00e1v\u011b SPD. \u201ePatrn\u011b m\u011b znaj\u00ed jako \u010dlov\u011bka, kter\u00fd se t\u00e9to oblasti dlouhodob\u011b v\u011bnuje, o m\u00e9di\u00edch kriticky p\u00ed\u0161e a v\u0161\u00edm\u00e1 si v\u011bc\u00ed, kter\u00e9 mohou b\u00fdt t\u0159eba v rozporu se z\u00e1konem. Veden\u00ed strany m\u011b oslovilo s t\u00edm, jestli bych byl ochoten do toho j\u00edt,\u201c \u0159ekl Jakl LN k podpo\u0159e od protimuslimsk\u00e9 strany.<\/p>\n<p>\u0160pi\u010dky koalice budou v\u00fdtky oran\u017eov\u00fdch k v\u00fdsledku tajn\u00e9 volby \u0159e\u0161it v pond\u011bl\u00ed. LN se kv\u016fli tomu obr\u00e1tily na p\u0159edstavitele ANO se sadou dotaz\u016f. \u0160\u00e9f poslanc\u016f Jaroslav Falt\u00fdnek se s nimi vypo\u0159\u00e1dal stru\u010dn\u011b: \u201eByla to tajn\u00e1 volba,\u201c odepsal pouze.<\/p>\n<p>V\u00edce se rozhovo\u0159il Stanislav Berkovec, kter\u00fd m\u00e1 v hnut\u00ed agendu m\u00e9di\u00ed na starost. \u201eO \u017e\u00e1dn\u00e9 dohod\u011b nev\u00edm. Pokud v\u00edm, tak \u010cSSD \u017e\u00e1dn\u00e9ho kandid\u00e1ta do RRTV nenavrhla,\u201c odpov\u011bd\u011bl. Jakla si pr\u00fd v\u00e1\u017e\u00ed. \u201eS n\u011bkter\u00fdmi jeho n\u00e1zory nemus\u00edm souhlasit, ale v\u017edycky stoj\u00ed za to se s nimi sezn\u00e1mit,\u201c doplnil Berkovec.<\/p>\n<h3 id=\"--samota-za-plentou\" class=\"tit\">Samota za plentou<\/h3>\n<p>Od pond\u011bln\u00edho jedn\u00e1n\u00ed nelze \u010dekat, \u017ee se z\u00e1klady koalice z\u00e1sadn\u011b ot\u0159esou. V \u010cSSD v\u0161ak probl\u00e9m rezonuje. A ne m\u00e1lo. \u201eDost. Po hlasov\u00e1n\u00ed u n\u00e1s byla docela vzru\u0161en\u00e1 situace. Takov\u00fd v\u00fdsledek jsme neo\u010dek\u00e1vali, s\u00e1m jsem myslel, \u017ee se to nem\u016f\u017ee st\u00e1t,\u201c vrac\u00ed se o p\u00e1r dn\u00ed zp\u011bt Zaor\u00e1lek.<\/p>\n<p>K pnut\u00ed p\u0159isp\u011bl i zp\u016fsob, jak\u00fdm se do rady \u010dlenov\u00e9 vyb\u00edraj\u00ed. Anonymn\u00ed volba na jednu stranu utaj\u00ed, jak kdo hlasoval, na druhou \u010dastokr\u00e1t nam\u00ed\u0159\u00ed reflektor na dosud skryt\u00e9 spodn\u00ed proudy sn\u011bmovn\u00edho sm\u00fd\u0161len\u00ed a z\u00e1kulisn\u00ed dohody. Hlasuj\u00edc\u00ed jsou za plentou sami. Nikdo nev\u00ed, kdo dodr\u017eel dohodnutou stranickou linii a kdo se od n\u00ed odch\u00fdlil.&nbsp;<\/p>\n<p>Ofici\u00e1ln\u00ed koalice tak\u00e9 nahrazuj\u00ed jejich st\u00ednov\u00e9 verze. U\u017e n\u011bkolikr\u00e1t ve sn\u011bmovn\u011b zafungovala spolupr\u00e1ce ANO, SPD a KS\u010cM. Podle n\u011bkter\u00fdch n\u00e1zor\u016f pomohla i k zvolen\u00ed K\u0148ourka do Rady \u010cesk\u00e9ho rozhlasu. \u201eANO artikuluje sv\u016fj vztah k ve\u0159ejnopr\u00e1vn\u00edm m\u00e9di\u00edm t\u00edm, jak vych\u00e1z\u00ed vst\u0159\u00edc sv\u00fdm tich\u00fdm koali\u010dn\u00edm partner\u016fm, jako je SPD,\u201c hodnot\u00ed Macek.<\/p>\n<p><a href=\"https:\/\/www.lidovky.cz\/domov\/zvoleni-jakla-rozezlilo-vladni-cssd-ta-v-pondeli-vytkne-ano-udajne-poruseni-dohody.A190329_222830_ln_domov_zdp\">Zdroj<\/a><\/p>\n","protected":false},"excerpt":{"rendered":"<p>Zvolen\u00ed Ladislava Jakla do \u201evelk\u00e9\u201c medi\u00e1ln\u00ed rady naru\u0161uje vl\u00e1dn\u00ed spojenectv\u00ed \u010cSSD a hnut\u00ed ANO. Socialisty rozezlilo. Vn\u00edmaj\u00ed ho jako poru\u0161en\u00ed dohody v r\u00e1mci koalice. Po domluv\u011b s hnut\u00edm po\u010d\u00edtali s t\u00edm, \u017ee extajemn\u00edk prezidenta V\u00e1clava Klause ve fin\u00e1le neusp\u011bje.<\/p>\n","protected":false},"author":1,"featured_media":0,"comment_status":"open","ping_status":"open","sticky":false,"template":"","format":"standard","meta":{"ngg_post_thumbnail":0,"footnotes":""},"categories":[11],"tags":[],"class_list":["post-9988","post","type-post","status-publish","format-standard","hentry","category-ozvena"],"_links":{"self":[{"href":"https:\/\/www.ladislavjakl.cz\/index.php?rest_route=\/wp\/v2\/posts\/9988","targetHints":{"allow":["GET"]}}],"collection":[{"href":"https:\/\/www.ladislavjakl.cz\/index.php?rest_route=\/wp\/v2\/posts"}],"about":[{"href":"https:\/\/www.ladislavjakl.cz\/index.php?rest_route=\/wp\/v2\/types\/post"}],"author":[{"embeddable":true,"href":"https:\/\/www.ladislavjakl.cz\/index.php?rest_route=\/wp\/v2\/users\/1"}],"replies":[{"embeddable":true,"href":"https:\/\/www.ladislavjakl.cz\/index.php?rest_route=%2Fwp%2Fv2%2Fcomments&post=9988"}],"version-history":[{"count":1,"href":"https:\/\/www.ladislavjakl.cz\/index.php?rest_route=\/wp\/v2\/posts\/9988\/revisions"}],"predecessor-version":[{"id":9989,"href":"https:\/\/www.ladislavjakl.cz\/index.php?rest_route=\/wp\/v2\/posts\/9988\/revisions\/9989"}],"wp:attachment":[{"href":"https:\/\/www.ladislavjakl.cz\/index.php?rest_route=%2Fwp%2Fv2%2Fmedia&parent=9988"}],"wp:term":[{"taxonomy":"category","embeddable":true,"href":"https:\/\/www.ladislavjakl.cz\/index.php?rest_route=%2Fwp%2Fv2%2Fcategories&post=9988"},{"taxonomy":"post_tag","embeddable":true,"href":"https:\/\/www.ladislavjakl.cz\/index.php?rest_route=%2Fwp%2Fv2%2Ftags&post=9988"}],"curies":[{"name":"wp","href":"https:\/\/api.w.org\/{rel}","templated":true}]}}