{"id":9990,"date":"2019-04-02T12:12:56","date_gmt":"2019-04-02T10:12:56","guid":{"rendered":"http:\/\/www.ladislavjakl.cz\/?p=9990"},"modified":"2019-04-02T12:12:56","modified_gmt":"2019-04-02T10:12:56","slug":"klausuv-muz-ohlida-cunacinky-v-televizi-jakl-bude-resit-i-slusnost-rozhlasu","status":"publish","type":"post","link":"https:\/\/www.ladislavjakl.cz\/?p=9990","title":{"rendered":"Klaus\u016fv mu\u017e ohl\u00edd\u00e1 \u201e\u010du\u0148a\u010dinky\u201c v televizi. Jakl bude \u0159e\u0161it i slu\u0161nost rozhlasu"},"content":{"rendered":"<p>Ke jmenov\u00e1n\u00ed do Rady pro rozhlasov\u00e9 a televizn\u00ed vys\u00edl\u00e1n\u00ed (RRTV) dnes Sn\u011bmovna navrhla tajemn\u00edka b\u00fdval\u00e9ho prezidenta V\u00e1clava Klause Ladislava Jakla, kter\u00e9ho nominovalo hnut\u00ed SPD. Do Rady \u010cesk\u00e9ho rozhlasu poslanci zvolili texta\u0159e Jana Kr\u016ftu. Ob\u011b rady tak budou kompletn\u00ed. Jakl bude \u0159e\u0161it tak nap\u0159\u00edklad nevhodn\u00e9 po\u0159ady p\u0159ed 22. hodinou v televizi, p\u0159\u00edpadn\u00e9 vulgarismy v rozhlase nebo to, nakolik napl\u0148uje televize Barrandov svoji licenci \u201ezpravodajstv\u00edm\u201c Jarom\u00edra Soukupa.<\/p>\n<p><!--more--><\/p>\n<p><strong>Jakl dostal ve druh\u00e9m kole tajn\u00e9 volby 88 hlas\u016f, ke zvolen\u00ed jich bylo nutn\u00fdch 82. Jeho protikandid\u00e1t, n\u011bkdej\u0161\u00ed mluv\u010d\u00ed ODS Milan Bou\u0161ka obdr\u017eel 66 hlas\u016f.<\/strong>&nbsp;V\u00fdsledky ozn\u00e1mil p\u0159edseda volebn\u00ed komise&nbsp;<a class=\"celebrity celebwiki\" href=\"https:\/\/celebwiki.blesk.cz\/osobnost\/5287\/martin-kolovratnik\/\" target=\"_blank\" rel=\"noopener\">Martin Kolovratn\u00edk<\/a>&nbsp;(ANO).<\/p>\n<p>Radu tvo\u0159\u00ed 13 \u010dlen\u016f, kter\u00e9 na n\u00e1vrh Sn\u011bmovny jmenuje a odvol\u00e1v\u00e1 premi\u00e9r. Rada pro rozhlasov\u00e9 a televizn\u00ed vys\u00edl\u00e1n\u00ed mimo jin\u00e9 ud\u011bluje, m\u011bn\u00ed a odn\u00edm\u00e1 licence k provozov\u00e1n\u00ed vys\u00edl\u00e1n\u00ed, dohl\u00ed\u017e\u00ed na pluralitu programov\u00e9 nab\u00eddky a informac\u00ed a db\u00e1 na obsahovou nez\u00e1vislost vys\u00edl\u00e1n\u00ed.&nbsp;<strong>Rada sleduje obsah rozhlasov\u00e9ho a televizn\u00edho vys\u00edl\u00e1n\u00ed, za poru\u0161en\u00ed vys\u00edlac\u00edch z\u00e1kon\u016f ukl\u00e1d\u00e1 sankce.<\/strong><\/p>\n<p><strong>Ve druh\u00e9m kole volby \u010dlena Rady \u010cesk\u00e9ho rozhlasu porazil Kr\u016fta b\u00fdval\u00e9ho \u0159editele Televizn\u00edho studia Ostrava Ilju Racka.<\/strong>&nbsp;Kr\u016ftu volilo 90 poslanc\u016f, Racka 60 \u010dlen\u016f doln\u00ed komory.<\/p>\n<p>Dev\u00edti\u010dlenn\u00e1 rada \u010cesk\u00e9ho rozhlasu m\u00e1 podle z\u00e1kona o \u010cesk\u00e9m rozhlase zajistit kontrolu m\u00e9dia ve\u0159ejnost\u00ed.<strong>&nbsp;Do p\u016fsobnosti rady n\u00e1le\u017e\u00ed nap\u0159\u00edklad jmenov\u00e1n\u00ed a odvol\u00e1n\u00ed gener\u00e1ln\u00edho \u0159editele a schvalov\u00e1n\u00ed rozpo\u010dt\u016f rozhlasu.<\/strong><\/p>\n<p><a href=\"https:\/\/www.blesk.cz\/clanek\/zpravy-politika\/601441\/klausuv-muz-ohlida-cunacinky-v-televizi-jakl-bude-resit-i-slusnost-rozhlasu.html\">Zdroj<\/a><\/p>\n","protected":false},"excerpt":{"rendered":"<p>Ke jmenov\u00e1n\u00ed do Rady pro rozhlasov\u00e9 a televizn\u00ed vys\u00edl\u00e1n\u00ed (RRTV) dnes Sn\u011bmovna navrhla tajemn\u00edka b\u00fdval\u00e9ho prezidenta V\u00e1clava Klause Ladislava Jakla, kter\u00e9ho nominovalo hnut\u00ed SPD. Do Rady \u010cesk\u00e9ho rozhlasu poslanci zvolili texta\u0159e Jana Kr\u016ftu. Ob\u011b rady tak budou kompletn\u00ed. Jakl bude \u0159e\u0161it tak nap\u0159\u00edklad nevhodn\u00e9 po\u0159ady p\u0159ed 22. hodinou v televizi, p\u0159\u00edpadn\u00e9 vulgarismy v rozhlase nebo [&hellip;]<\/p>\n","protected":false},"author":1,"featured_media":0,"comment_status":"open","ping_status":"open","sticky":false,"template":"","format":"standard","meta":{"ngg_post_thumbnail":0,"footnotes":""},"categories":[11],"tags":[],"class_list":["post-9990","post","type-post","status-publish","format-standard","hentry","category-ozvena"],"_links":{"self":[{"href":"https:\/\/www.ladislavjakl.cz\/index.php?rest_route=\/wp\/v2\/posts\/9990","targetHints":{"allow":["GET"]}}],"collection":[{"href":"https:\/\/www.ladislavjakl.cz\/index.php?rest_route=\/wp\/v2\/posts"}],"about":[{"href":"https:\/\/www.ladislavjakl.cz\/index.php?rest_route=\/wp\/v2\/types\/post"}],"author":[{"embeddable":true,"href":"https:\/\/www.ladislavjakl.cz\/index.php?rest_route=\/wp\/v2\/users\/1"}],"replies":[{"embeddable":true,"href":"https:\/\/www.ladislavjakl.cz\/index.php?rest_route=%2Fwp%2Fv2%2Fcomments&post=9990"}],"version-history":[{"count":1,"href":"https:\/\/www.ladislavjakl.cz\/index.php?rest_route=\/wp\/v2\/posts\/9990\/revisions"}],"predecessor-version":[{"id":9991,"href":"https:\/\/www.ladislavjakl.cz\/index.php?rest_route=\/wp\/v2\/posts\/9990\/revisions\/9991"}],"wp:attachment":[{"href":"https:\/\/www.ladislavjakl.cz\/index.php?rest_route=%2Fwp%2Fv2%2Fmedia&parent=9990"}],"wp:term":[{"taxonomy":"category","embeddable":true,"href":"https:\/\/www.ladislavjakl.cz\/index.php?rest_route=%2Fwp%2Fv2%2Fcategories&post=9990"},{"taxonomy":"post_tag","embeddable":true,"href":"https:\/\/www.ladislavjakl.cz\/index.php?rest_route=%2Fwp%2Fv2%2Ftags&post=9990"}],"curies":[{"name":"wp","href":"https:\/\/api.w.org\/{rel}","templated":true}]}}