{"id":9992,"date":"2019-04-02T12:14:13","date_gmt":"2019-04-02T10:14:13","guid":{"rendered":"http:\/\/www.ladislavjakl.cz\/?p=9992"},"modified":"2019-04-02T12:14:13","modified_gmt":"2019-04-02T10:14:13","slug":"ondrej-neumann-ladislav-jakl-dalsi-z-posadky-trojskeho-kone","status":"publish","type":"post","link":"https:\/\/www.ladislavjakl.cz\/?p=9992","title":{"rendered":"Ond\u0159ej Neumann: Ladislav Jakl, dal\u0161\u00ed z pos\u00e1dky trojsk\u00e9ho kon\u011b"},"content":{"rendered":"<p><strong>IN MEDIAS RES. Rozmohl se n\u00e1m tu takov\u00fd n\u00e1zor. Jako \u017ee m\u00e9dia pat\u0159\u00ed majiteli a ten m\u016f\u017ee novin\u00e1\u0159\u016fm diktovat, co a jak budou ps\u00e1t \u010di vys\u00edlat. Celkem nep\u0159ekvapiv\u011b si to mysl\u00ed majitel\u00e9 m\u00e9di\u00ed. Proto\u017ee pro\u010d by si taky jinak medi\u00e1ln\u00ed d\u016fm, jeho\u017e po\u0159\u00edzen\u00ed rozhodn\u011b nen\u00ed pouze projevem touhy po rozmno\u017een\u00ed pen\u011bz, kupovali, \u017ee.&nbsp;Zar\u00e1\u017eej\u00edc\u00ed ov\u0161em je, pokud si n\u011bco podobn\u00e9ho mysl\u00ed \u010dlov\u011bk, kter\u00fd m\u00e1 mimo jin\u00e9 dohl\u00ed\u017eet na vys\u00edl\u00e1n\u00ed tuzemsk\u00fdch televiz\u00ed a r\u00e1di\u00ed.<\/strong><\/p>\n<p><!--more--><\/p>\n<p><span id=\"more-64023\"><\/span>\u0158e\u010d je o Ladislavu Jaklovi, \u010derstv\u011b nominovan\u00e9m sn\u011bmovnou na \u010dlena Rady pro rozhlasov\u00e9 a televizn\u00ed vys\u00edl\u00e1n\u00ed (neboli \u201evelk\u00e9 rady\u201c). Ladislav Jakl je muzikant, milovn\u00edk a propag\u00e1tor piva, b\u00fdval\u00fd novin\u00e1\u0159, p\u0159\u00edle\u017eitostn\u00fd politik a ex\u0159editel politick\u00e9ho odboru prezidentsk\u00e9 kancel\u00e1\u0159e za \u00fa\u0159adov\u00e1n\u00ed V\u00e1clava Klause.<\/p>\n<p>Pro nepam\u011btn\u00edky: jako je Klaus soft verz\u00ed Milo\u0161e Zemana, byl \u2013 co se vztahu k&nbsp;novin\u00e1\u0159\u016fm a dal\u0161\u00edmu plebsu z&nbsp;podhrad\u00ed t\u00fd\u010de \u2013 Jakl soft verz\u00ed Ji\u0159\u00edho Ov\u010d\u00e1\u010dka. Nej\u010derstv\u011bji na podzim 2018 ne\u00fasp\u011b\u0161n\u011b kandidoval za SPD Tomia Okamury do Sen\u00e1tu, podporu mu vyslovili oba Klausov\u00e9. Do vys\u00edlac\u00ed rady ho dal\u0161\u00edm poslanc\u016fm navrhli t\u00e9\u017e Okamurovci.<\/p>\n<h3>Cukr pro Soukupa, bi\u010d na \u010cT a \u010cRo<\/h3>\n<p>Celkov\u011b Jakl svoj\u00ed minulost\u00ed p\u0159\u00edli\u0161 nevybo\u010duje z&nbsp;\u0159ady dosavadn\u00edch \u010dlen\u016f \u201evelk\u00e9 rady\u201c, kde se to b\u00fdval\u00fdmi politiky nebo jejich bl\u00edzk\u00fdmi spolupracovn\u00edky jen hem\u017e\u00ed.<\/p>\n<p>\u010c\u00edm v\u0161ak rozhodn\u011b vybo\u010duje, je ostrost jazyka a vyhran\u011bnost n\u00e1zor\u016f. Je\u0161t\u011b jako novin\u00e1\u0159e jsem Ladislava Jakla potkal v&nbsp;Lidov\u00fdch novin\u00e1ch. Jeho n\u00e1zorov\u00e9 konstrukce byly v\u017edy velmi racion\u00e1ln\u011b a nepr\u016fst\u0159eln\u011b vyargumentovan\u00e9. S&nbsp;jedn\u00edm \u2013 bohu\u017eel z\u00e1sadn\u00edm \u2013 nedostatkem. Samotn\u00fd z\u00e1klad byl \u010dasto \u00fapln\u011b mimo.<\/p>\n<p>Bohu\u017eel se od t\u00e9 doby moc nezm\u011bnilo. Do \u201evelk\u00e9 rady\u201c, kter\u00e1 m\u00e1 mimo jin\u00e9 na starosti dohled nad obsahem vys\u00edl\u00e1n\u00ed televiz\u00ed a r\u00e1di\u00ed, se m\u00e1 z&nbsp;v\u016fle parlamentu dostat mu\u017e, kter\u00fd je bytostn\u011b p\u0159esv\u011bd\u010den\u00fd, \u017ee soukrom\u00e1 m\u00e9dia mohou vys\u00edlat v\u00edcem\u00e9n\u011b co cht\u011bj\u00ed.<\/p>\n<p>\u201eSoukrom\u00e1 televize vys\u00edl\u00e1 za sv\u00e9 pen\u00edze. Nen\u00ed povinn\u00e9 ji platit ani se na ni d\u00edvat. Kdy\u017e se div\u00e1k\u016fm bude zd\u00e1t, \u017ee s&nbsp;nimi n\u011bkdo o\u0159e, p\u0159epnou to a s&nbsp;poklesem sledovanosti poklesnou i p\u0159\u00edjmy. Mysl\u00edm nap\u0159\u00edklad, \u017ee t\u0159i roky trvaj\u00edc\u00ed dennodenn\u00ed v\u00e1lka televize Nova proti prezidentu Trumpovi tak\u00e9 sledovanosti moc nepom\u00e1h\u00e1. Jejich v\u011bc,\u201c odpov\u011bd\u011bl Jakl po volb\u011b na tuto&nbsp;<a href=\"https:\/\/www.parlamentnilisty.cz\/arena\/rozhovory\/Ladislav-Jakl-zvoleny-do-RRTV-CT-zrusit-Rozhlas-take-Jinak-to-nepujde-575679\" target=\"_blank\" rel=\"noopener noreferrer\">ot\u00e1zku<\/a>&nbsp;Parlamentn\u00edch list\u016f:<\/p>\n<p><em>Jarom\u00edr Soukup je \u010dasto obvi\u0148ov\u00e1n z&nbsp;toho, \u017ee jeho TV Barrandov stran\u00ed ve sv\u00fdch po\u0159adech n\u011bkter\u00fdm vybran\u00fdm politik\u016fm. A\u017e dostanete jako \u010dlen RRTV, tedy spr\u00e1vn\u00edho \u00fa\u0159adu, na st\u016fl st\u00ed\u017enosti na vys\u00edl\u00e1n\u00ed TV Barrandov, jak se zachov\u00e1te? Jak v&nbsp;tomto sm\u011bru vn\u00edm\u00e1te vys\u00edl\u00e1n\u00ed Soukupovy televize?<\/em><\/p>\n<p>O\u010d benevolentn\u011bj\u0161\u00ed postoj Jakl zast\u00e1v\u00e1 k&nbsp;priv\u00e1tn\u00edm m\u00e9di\u00edm, o to ost\u0159ej\u0161\u00ed n\u00e1zor m\u00e1 na m\u00e9dia ve\u0159ejnopr\u00e1vn\u00ed \u2013 \u010cT a \u010cRo, kter\u00e1 by nejrad\u011bji rovnou zru\u0161il. Ne\u017e se tak stane, navrhuje zak\u00e1zat jim reklamu i sponzoring a \u201efinancovat je z&nbsp;rozpo\u010dtu jako jakoukoli jinou instituci z\u0159\u00edzenou st\u00e1tem\u201c.<\/p>\n<p>Jin\u00fdmi slovy, pod\u0159\u00eddit je pln\u011b st\u00e1tu. Bez ohledu na to, \u017ee<a href=\"https:\/\/hlidacipes.org\/zemanova-statni-televize-funguje-napriklad-v-cine-syrii-nebo-v-rusku\/?hilite=%27st%C3%A1tn%C3%AD%27%2C%27televize%27\" target=\"_blank\" rel=\"noopener noreferrer\">&nbsp;st\u00e1tn\u00ed m\u00e9dia<\/a>&nbsp;existuj\u00ed pouze v&nbsp;chud\u00fdch, autokratick\u00fdch a nedemokratick\u00fdch zem\u00edch. V&nbsp;Evrop\u011b pak pouze v&nbsp;B\u011blorusku a \u010d\u00e1ste\u010dn\u011b v&nbsp;Rusk\u00e9 federaci.<\/p>\n<h3>Otev\u0159\u00edt br\u00e1ny Tr\u00f3je<\/h3>\n<p>A pro\u010d tolik p\u00edsmenek v\u011bnovat jednomu ze t\u0159in\u00e1cti \u010dlen\u016f vys\u00edlac\u00ed rady? Proto\u017ee Jaklova nominace je uk\u00e1zkou v\u011bc\u00ed p\u0159\u00ed\u0161t\u00edch. A ty \u201ev\u011bci\u201c se t\u00fdkaj\u00ed bl\u00edzk\u00e9 budoucnosti. Strategick\u00e9 posty ve ve\u0159ejnopr\u00e1vn\u00edch m\u00e9di\u00edch a jejich kontroln\u00edch org\u00e1nech jsou toti\u017e postupn\u011b obsazov\u00e1ny lidmi, kte\u0159\u00ed v\u017edy nab\u00eddnou \u201ealternativn\u00ed hlas\u201c, v\u017edy p\u0159ilo\u017e\u00ed pol\u00ednko ke kritice nepohodln\u00fdch novin\u00e1\u0159\u016f z&nbsp;\u0159ad politik\u016f.<\/p>\n<p>A a\u017e p\u0159ijde vhodn\u00fd \u010das, otev\u0159ou tito lid\u00e9 br\u00e1ny ve\u0159ejnopr\u00e1vn\u00ed Tr\u00f3je. A Milo\u0161 Zeman, Andrej Babi\u0161 \u010di Tomio Okamura a jejich v\u011brn\u00ed budou moci nakr\u00e1\u010det do studi\u00ed na Kav\u010d\u00edch hor\u00e1ch \u010di ve Vinohradsk\u00e9 ulici. Bez obav, \u017ee by je tam n\u011bkdo konfrontoval s&nbsp;jejich re\u00e1ln\u00fdmi \u010diny.<\/p>\n<p>Pravda p\u0159eci neexistuje, je jen v\u011bc\u00ed \u00fahlu pohledu. A novina\u0159ina je pr\u00e1ce jako ka\u017ed\u00e1 jin\u00e1. Tak\u017ee pis\u00e1lci mus\u00ed absolutn\u011b poslouchat. Te\u010f sv\u00e9ho majitele, pro p\u0159\u00ed\u0161t\u011b pak v\u016fli Hradu \u010di Strakovky.<\/p>\n<p><a href=\"https:\/\/hlidacipes.org\/ondrej-neumann-ladislav-jakl-dalsi-z-posadky-trojskeho-kone\/\">Zdroj<\/a><\/p>\n","protected":false},"excerpt":{"rendered":"<p>IN MEDIAS RES. Rozmohl se n\u00e1m tu takov\u00fd n\u00e1zor. Jako \u017ee m\u00e9dia pat\u0159\u00ed majiteli a ten m\u016f\u017ee novin\u00e1\u0159\u016fm diktovat, co a jak budou ps\u00e1t \u010di vys\u00edlat. Celkem nep\u0159ekvapiv\u011b si to mysl\u00ed majitel\u00e9 m\u00e9di\u00ed. Proto\u017ee pro\u010d by si taky jinak medi\u00e1ln\u00ed d\u016fm, jeho\u017e po\u0159\u00edzen\u00ed rozhodn\u011b nen\u00ed pouze projevem touhy po rozmno\u017een\u00ed pen\u011bz, kupovali, \u017ee.&nbsp;Zar\u00e1\u017eej\u00edc\u00ed ov\u0161em je, [&hellip;]<\/p>\n","protected":false},"author":1,"featured_media":0,"comment_status":"open","ping_status":"open","sticky":false,"template":"","format":"standard","meta":{"ngg_post_thumbnail":0,"footnotes":""},"categories":[11],"tags":[],"class_list":["post-9992","post","type-post","status-publish","format-standard","hentry","category-ozvena"],"_links":{"self":[{"href":"https:\/\/www.ladislavjakl.cz\/index.php?rest_route=\/wp\/v2\/posts\/9992","targetHints":{"allow":["GET"]}}],"collection":[{"href":"https:\/\/www.ladislavjakl.cz\/index.php?rest_route=\/wp\/v2\/posts"}],"about":[{"href":"https:\/\/www.ladislavjakl.cz\/index.php?rest_route=\/wp\/v2\/types\/post"}],"author":[{"embeddable":true,"href":"https:\/\/www.ladislavjakl.cz\/index.php?rest_route=\/wp\/v2\/users\/1"}],"replies":[{"embeddable":true,"href":"https:\/\/www.ladislavjakl.cz\/index.php?rest_route=%2Fwp%2Fv2%2Fcomments&post=9992"}],"version-history":[{"count":1,"href":"https:\/\/www.ladislavjakl.cz\/index.php?rest_route=\/wp\/v2\/posts\/9992\/revisions"}],"predecessor-version":[{"id":9993,"href":"https:\/\/www.ladislavjakl.cz\/index.php?rest_route=\/wp\/v2\/posts\/9992\/revisions\/9993"}],"wp:attachment":[{"href":"https:\/\/www.ladislavjakl.cz\/index.php?rest_route=%2Fwp%2Fv2%2Fmedia&parent=9992"}],"wp:term":[{"taxonomy":"category","embeddable":true,"href":"https:\/\/www.ladislavjakl.cz\/index.php?rest_route=%2Fwp%2Fv2%2Fcategories&post=9992"},{"taxonomy":"post_tag","embeddable":true,"href":"https:\/\/www.ladislavjakl.cz\/index.php?rest_route=%2Fwp%2Fv2%2Ftags&post=9992"}],"curies":[{"name":"wp","href":"https:\/\/api.w.org\/{rel}","templated":true}]}}