{"id":9995,"date":"2019-04-03T11:38:57","date_gmt":"2019-04-03T09:38:57","guid":{"rendered":"http:\/\/www.ladislavjakl.cz\/?p=9995"},"modified":"2019-04-03T11:38:57","modified_gmt":"2019-04-03T09:38:57","slug":"jakl-ct-a-cro-nejsou-posvatna-krava-musi-se-hlidat-dusledne-spd-se-medii-neboji","status":"publish","type":"post","link":"https:\/\/www.ladislavjakl.cz\/?p=9995","title":{"rendered":"Jakl: \u010cT a \u010cRo nejsou posv\u00e1tn\u00e1 kr\u00e1va, mus\u00ed se hl\u00eddat d\u016fsledn\u011b. SPD se m\u00e9di\u00ed neboj\u00ed"},"content":{"rendered":"<p>1. 4.&nbsp;| V Rad\u011b chci d\u011blat dobrou pr\u00e1ci, SPD a Okamura m\u011b oslovili, dali mi najevo, \u017ee se neboj\u00ed m\u00e9di\u00ed. I kdy\u017e je \u010dlov\u011bk n\u00e1zorov\u011b odli\u0161n\u00fd, i tato \u010d\u00e1st ve\u0159ejnosti by m\u011bla b\u00fdt zastoupena, aby slo\u017een\u00ed Rady vyjad\u0159ovalo n\u00e1lady ve spole\u010dnosti.<\/p>\n<p><!--more--><\/p>\n<p>Moje n\u00e1zory na zru\u0161en\u00ed \u010cT jsou osobn\u00ed, nemohu z\u00e1kony navrhovat, \u0159\u00edk\u00e1 Ladislav Jakl, nov\u011b zvolen\u00fd \u010dlen Rady pro rozhlasov\u00e9 a televizn\u00ed vys\u00edl\u00e1n\u00ed. Dod\u00e1v\u00e1, \u017ee hodn\u011b lid\u00ed m\u00e1 ve\u0159ejnopr\u00e1vn\u00ed m\u00e9dia za posv\u00e1tnou kr\u00e1vu, Rada \u010cT a \u010cRo nefunguje dob\u0159e, m\u00e9dia se podle n\u011bj mus\u00ed kontrolovat d\u016fsledn\u011b.<\/p>\n<p><a href=\"https:\/\/video.aktualne.cz\/dvtv\/jakl-spd-se-medii-neboji-ct-a-cro-nejsou-posvatna-krava-musi\/r~d45640da540711e9a305ac1f6b220ee8\/?redirected=1554284244\">Zdroj a video<\/a><\/p>\n","protected":false},"excerpt":{"rendered":"<p>1. 4.&nbsp;| V Rad\u011b chci d\u011blat dobrou pr\u00e1ci, SPD a Okamura m\u011b oslovili, dali mi najevo, \u017ee se neboj\u00ed m\u00e9di\u00ed. I kdy\u017e je \u010dlov\u011bk n\u00e1zorov\u011b odli\u0161n\u00fd, i tato \u010d\u00e1st ve\u0159ejnosti by m\u011bla b\u00fdt zastoupena, aby slo\u017een\u00ed Rady vyjad\u0159ovalo n\u00e1lady ve spole\u010dnosti.<\/p>\n","protected":false},"author":1,"featured_media":0,"comment_status":"open","ping_status":"open","sticky":false,"template":"","format":"standard","meta":{"ngg_post_thumbnail":0,"footnotes":""},"categories":[13,12],"tags":[],"class_list":["post-9995","post","type-post","status-publish","format-standard","hentry","category-rozhovory","category-video"],"_links":{"self":[{"href":"https:\/\/www.ladislavjakl.cz\/index.php?rest_route=\/wp\/v2\/posts\/9995","targetHints":{"allow":["GET"]}}],"collection":[{"href":"https:\/\/www.ladislavjakl.cz\/index.php?rest_route=\/wp\/v2\/posts"}],"about":[{"href":"https:\/\/www.ladislavjakl.cz\/index.php?rest_route=\/wp\/v2\/types\/post"}],"author":[{"embeddable":true,"href":"https:\/\/www.ladislavjakl.cz\/index.php?rest_route=\/wp\/v2\/users\/1"}],"replies":[{"embeddable":true,"href":"https:\/\/www.ladislavjakl.cz\/index.php?rest_route=%2Fwp%2Fv2%2Fcomments&post=9995"}],"version-history":[{"count":1,"href":"https:\/\/www.ladislavjakl.cz\/index.php?rest_route=\/wp\/v2\/posts\/9995\/revisions"}],"predecessor-version":[{"id":9996,"href":"https:\/\/www.ladislavjakl.cz\/index.php?rest_route=\/wp\/v2\/posts\/9995\/revisions\/9996"}],"wp:attachment":[{"href":"https:\/\/www.ladislavjakl.cz\/index.php?rest_route=%2Fwp%2Fv2%2Fmedia&parent=9995"}],"wp:term":[{"taxonomy":"category","embeddable":true,"href":"https:\/\/www.ladislavjakl.cz\/index.php?rest_route=%2Fwp%2Fv2%2Fcategories&post=9995"},{"taxonomy":"post_tag","embeddable":true,"href":"https:\/\/www.ladislavjakl.cz\/index.php?rest_route=%2Fwp%2Fv2%2Ftags&post=9995"}],"curies":[{"name":"wp","href":"https:\/\/api.w.org\/{rel}","templated":true}]}}