{"id":9999,"date":"2019-04-03T11:43:59","date_gmt":"2019-04-03T09:43:59","guid":{"rendered":"http:\/\/www.ladislavjakl.cz\/?p=9999"},"modified":"2019-04-03T11:43:59","modified_gmt":"2019-04-03T09:43:59","slug":"referendum-desinformaci","status":"publish","type":"post","link":"https:\/\/www.ladislavjakl.cz\/?p=9999","title":{"rendered":"Referendum desinformac\u00ed"},"content":{"rendered":"<p>Desinforma\u010dn\u00ed web Den\u00edk referendum tak\u00e9 p\u0159isp\u011bchal se svou slohovou prac\u00ed na t\u00e9ma Pohor\u0161en\u00ed nad Jaklem. Skoro celou argumentaci postavil na tom, \u017ee pr\u00fd m\u00e1m neslu\u0161n\u00e9 n\u00e1zory, a p\u0159itom pr\u00fd chci podle sv\u00fdch slov dohl\u00ed\u017eet na \u010du\u0148a\u010dinky v&nbsp;rozhlase. Nu\u017ee, jde jen o dal\u0161\u00ed fake news tohoto webu.<\/p>\n<p><!--more--><\/p>\n<p>Nikdy jsem takov\u00fd v\u00fdrok nevyslovil ani nenapsal. Autor se ani nenam\u00e1h\u00e1 uv\u00e9st n\u011bjak\u00fd smy\u0161len\u00fd zdroj, jeho \u010dten\u00e1\u0159i to po n\u011bm asi necht\u011bj\u00ed, posta\u010d\u00ed jim uvozovky, ve kter\u00fdch v\u011bta vypad\u00e1 jako citace. \u017d\u00e1dn\u00fd m\u016fj \u00fadajn\u011b neslu\u0161n\u00fd n\u00e1zor neuv\u00e1d\u00ed, to by se musel nam\u00e1hat s&nbsp;argumentac\u00ed. A co tam m\u00e1 dal\u0161\u00edho? Pr\u00fd mne volilo 88 poslanc\u016f, tak stra\u0161n\u00e9 \u010d\u00edslo asi m\u016f\u017ee volit jen n\u011bkoho stra\u0161liv\u00e9ho. Pak p\u00ed\u0161e, \u017ee pr\u00fd jsem se v\u017edy p\u0159is\u00e1l k&nbsp;mocn\u00fdm. To to fakt o mn\u011b m\u016f\u017ee napsat jen trouba. Tak bych mu r\u00e1d p\u0159ipomn\u011bl, \u017ee spolupr\u00e1ci jsem V\u00e1clavu Klausovi nab\u00eddl dva dny pot\u00e9, co rezignoval na funkci p\u0159edsedy vl\u00e1dy, a \u017e\u00e1dn\u00e9 \u201em\u00edste\u010dko\u201c mi z&nbsp;toho tehdy plynout nemohlo. Co tam m\u00e1 dal\u0161\u00edho? \u017de pr\u00fd jsem prohr\u00e1l skoro v\u0161echny volby, kter\u00fdch jsem se \u00fa\u010dastnil. Nu\u017ee, ve volb\u00e1ch do \u010cesk\u00e9 n\u00e1rodn\u00ed rady v&nbsp;roce 1990 jsem usp\u011bl.<\/p>\n<p>Ve volb\u00e1ch do Sen\u00e1tu v&nbsp;roce 2018 jsem neusp\u011bl, ale takov\u00e9 ambice jsem ani nem\u011bl a m\u00edt nemohl. U\u017e kv\u016fli rozpo\u010dtu. Byl jsem r\u00e1d, \u017ee a\u017e za mnou skon\u010dili kandid\u00e1ti, kte\u0159\u00ed disponovali billboardy v&nbsp;ulic\u00edch a pas\u00e1\u017e\u00ed, j\u00e1 nic takov\u00e9ho nem\u011bl. M\u00fdm \u00famyslem bylo p\u0159it\u00e1hnout pozornost k&nbsp;n\u011bkter\u00fdm n\u00e1zor\u016fm, kter\u00e9 podle mne ve ve\u0159ejn\u00e9 debat\u011b chyb\u011bj\u00ed, a to se povedlo v\u00edc ne\u017e dost. Pak jsem pr\u00fd podle Referenda prohr\u00e1l sen\u00e1tn\u00ed volby v&nbsp;roce 1996.<\/p>\n<p>Nu\u017ee, \u017e\u00e1dn\u00fdch talkov\u00fdch voleb jsem se nez\u00fa\u010dastnil. Dal\u0161\u00ed desinformace. To asi aby bylo \u010dten\u00e1\u0159\u016fm jasn\u00e9, jak\u00fd jsem l\u016fzr. Jen\u017ee v&nbsp;tu dobu jsem byl vedouc\u00edm zpravodajstv\u00ed Lidov\u00fdch novin, jedn\u00edm z&nbsp;m\u00fdch pod\u0159\u00edzen\u00fdm byl dne\u0161n\u00ed koment\u00e1tor Den\u00edku referendum, sta\u010dilo se zeptat v&nbsp;redakci. A co d\u00e1l? Svobodn\u00ed m\u011b nominovali jako sv\u00e9ho kandid\u00e1ta na prezidenta. A pova\u017ete, m\u011bl jsem tu drzost z\u00edskat v&nbsp;prim\u00e1rk\u00e1ch zase t\u011bch hrozn\u00fdch 88, tentokr\u00e1t procent hlasuj\u00edc\u00edch. Pak se mi pr\u00fd nepovedlo z\u00edskat pot\u0159ebn\u00fd po\u010det podpis\u016f. No, n\u011bkte\u0159\u00ed kandid\u00e1ti \u017e\u00e1dn\u00e9 podpisy sh\u00e1n\u011bt ani nemuseli, sta\u010dila jim k&nbsp;registraci podpora n\u011bkolika z\u00e1konod\u00e1rc\u016f. Sb\u00edr\u00e1n\u00edm podpis\u016f se tehdy zab\u00fdvala Strana svobodn\u00fdch ob\u010dan\u016f, na to jsem nem\u011bl \u017e\u00e1dn\u00fd apar\u00e1t. Bylo to i sou\u010d\u00e1st\u00ed nab\u00eddky ke kandidatu\u0159e. Strana trochu p\u0159ecenila sv\u00e9 s\u00edly, ani jsem se nezlobil.<\/p>\n<p>Tak\u017ee na volby je to u mne 1:1. Pokud tedy nepo\u010d\u00edt\u00e1me \u00fasp\u011b\u0161n\u00e9 volby na prezidenta Prvn\u00ed pivn\u00ed extraligy a te\u010f i tajnou volbu na \u010dlena Rady pro vys\u00edl\u00e1n\u00ed.<\/p>\n<p>Referendum m\u016f\u017ee m\u00edt na sv\u011bt opa\u010dn\u00fd n\u00e1zor ne\u017e j\u00e1, pro\u010d ne. Ale mus\u00ed u toho takhle lh\u00e1t? &nbsp;&nbsp;&nbsp;&nbsp;<\/p>\n<p><a href=\"http:\/\/denikreferendum.cz\/clanek\/29342-jakl-v-rrtv-na-neslusnosti-bude-dohlizet-dalsi-slusny-cech\">http:\/\/denikreferendum.cz\/clanek\/29342-jakl-v-rrtv-na-neslusnosti-bude-dohlizet-dalsi-slusny-cech<\/a><\/p>\n","protected":false},"excerpt":{"rendered":"<p>Desinforma\u010dn\u00ed web Den\u00edk referendum tak\u00e9 p\u0159isp\u011bchal se svou slohovou prac\u00ed na t\u00e9ma Pohor\u0161en\u00ed nad Jaklem. Skoro celou argumentaci postavil na tom, \u017ee pr\u00fd m\u00e1m neslu\u0161n\u00e9 n\u00e1zory, a p\u0159itom pr\u00fd chci podle sv\u00fdch slov dohl\u00ed\u017eet na \u010du\u0148a\u010dinky v&nbsp;rozhlase. Nu\u017ee, jde jen o dal\u0161\u00ed fake news tohoto webu.<\/p>\n","protected":false},"author":1,"featured_media":0,"comment_status":"open","ping_status":"open","sticky":false,"template":"","format":"standard","meta":{"ngg_post_thumbnail":0,"footnotes":""},"categories":[6],"tags":[],"class_list":["post-9999","post","type-post","status-publish","format-standard","hentry","category-co-jsem-nerekl"],"_links":{"self":[{"href":"https:\/\/www.ladislavjakl.cz\/index.php?rest_route=\/wp\/v2\/posts\/9999","targetHints":{"allow":["GET"]}}],"collection":[{"href":"https:\/\/www.ladislavjakl.cz\/index.php?rest_route=\/wp\/v2\/posts"}],"about":[{"href":"https:\/\/www.ladislavjakl.cz\/index.php?rest_route=\/wp\/v2\/types\/post"}],"author":[{"embeddable":true,"href":"https:\/\/www.ladislavjakl.cz\/index.php?rest_route=\/wp\/v2\/users\/1"}],"replies":[{"embeddable":true,"href":"https:\/\/www.ladislavjakl.cz\/index.php?rest_route=%2Fwp%2Fv2%2Fcomments&post=9999"}],"version-history":[{"count":1,"href":"https:\/\/www.ladislavjakl.cz\/index.php?rest_route=\/wp\/v2\/posts\/9999\/revisions"}],"predecessor-version":[{"id":10000,"href":"https:\/\/www.ladislavjakl.cz\/index.php?rest_route=\/wp\/v2\/posts\/9999\/revisions\/10000"}],"wp:attachment":[{"href":"https:\/\/www.ladislavjakl.cz\/index.php?rest_route=%2Fwp%2Fv2%2Fmedia&parent=9999"}],"wp:term":[{"taxonomy":"category","embeddable":true,"href":"https:\/\/www.ladislavjakl.cz\/index.php?rest_route=%2Fwp%2Fv2%2Fcategories&post=9999"},{"taxonomy":"post_tag","embeddable":true,"href":"https:\/\/www.ladislavjakl.cz\/index.php?rest_route=%2Fwp%2Fv2%2Ftags&post=9999"}],"curies":[{"name":"wp","href":"https:\/\/api.w.org\/{rel}","templated":true}]}}